{"id":173951,"date":"2025-12-27T14:32:12","date_gmt":"2025-12-27T14:32:12","guid":{"rendered":"https:\/\/www.europesays.com\/pl\/173951\/"},"modified":"2025-12-27T14:32:12","modified_gmt":"2025-12-27T14:32:12","slug":"wojciech-szczesny-odsuniety-ogromny-zwrot-akcji-w-barcelonie","status":"publish","type":"post","link":"https:\/\/www.europesays.com\/pl\/173951\/","title":{"rendered":"Wojciech Szcz\u0119sny odsuni\u0119ty! Ogromny zwrot akcji w Barcelonie"},"content":{"rendered":"<p class=\"Paragraph_desktopParagraph__Fd2e9\">W tym sezonie sytuacja do niedawna by\u0142a jasna: bramkarzem numerem 1 Barcelony jest Joan Garcia, kupiony latem z Espanyolu. Na pozycji numer 2 by\u0142 Wojciech Szcz\u0119sny, kt\u00f3ry zast\u0119powa\u0142 Garci\u0119, gdy ten by\u0142 kontuzjowany.<\/p>\n<p class=\"Paragraph_desktopParagraph__Fd2e9\">Marca-Andre ter Stegena w tym czasie nie by\u0142o nawet na \u0142awce rezerwowych. Klub latem koniecznie chcia\u0142 si\u0119 go pozby\u0107, ale Niemiec nie da\u0142 si\u0119 wypchn\u0105\u0107 i o\u015bwiadczy\u0142, \u017ce na pewno zostaje do ko\u0144ca sezonu, czym z pewno\u015bci\u0105 rozz\u0142o\u015bci\u0142 szef\u00f3w Barcy, szukaj\u0105cych oszcz\u0119dno\u015bci, gdzie si\u0119 da.<\/p>\n<p class=\"VideoPlayerText_videoPlayerText__zrtJk\">Dalszy ci\u0105g materia\u0142u pod wideo<\/p>\n<p class=\"Paragraph_desktopParagraph__Fd2e9\">Hierarchia w\u015br\u00f3d golkiper\u00f3w katalo\u0144skiej dru\u017cyny zosta\u0142a jednak zaburzona. Najpierw 9 grudnia ter Stegen usiad\u0142 na \u0142awce w spotkaniu Ligi Mistrz\u00f3w przeciwko Eintrachtowi Frankfurt. P\u00f3\u017aniej do samo sta\u0142o si\u0119 w LaLiga. Nast\u0119pnie trener Hansi Flick ju\u017c ca\u0142kowicie zaskoczy\u0142, wystawiaj\u0105c 33-latka na spotkanie Pucharu Kr\u00f3la przeciwko Guadalajarze. Hiszpa\u0144skie media t\u0142umaczy\u0142y t\u0119 decyzj\u0119 Flicka tym, \u017ce chcia\u0142 on pokaza\u0107 ter Stegena w jakim\u015b meczu, by \u0142atwiej by\u0142o go sprzeda\u0107 w zimowym oknie transferowym.<\/p>\n<p class=\"Paragraph_desktopParagraph__Fd2e9\">W ostatnim meczu przeciwko Villarreal w kadrze meczowej znale\u017ali si\u0119 zar\u00f3wno ter Stegen, jak i Szcz\u0119sny. Kt\u00f3ry z nich stan\u0105\u0142by mi\u0119dzy s\u0142upkami, gdyby Garcia dozna\u0142 kontuzji lub zobaczy\u0142 czerwon\u0105 kartk\u0119? Odpowied\u017a nie jest oczywista. Cadena SER, przedstawiaj\u0105ca siebie, jako najch\u0119tniej s\u0142uchana stacja radiowa w Hiszpanii, zdradza informacj\u0119, \u017ce w tym momencie to ter Stegen jest numerem 2.<\/p>\n<p>Wojciech Szcz\u0119sny w ci\u0105gu miesi\u0105ca mo\u017ce powr\u00f3ci\u0107 do dawnej roli<\/p>\n<p class=\"Paragraph_desktopParagraph__Fd2e9\">To nie znaczy jednak, \u017ce jego pozycja w klubie znacz\u0105co si\u0119 zmieni\u0142a na plus. Cadena SER podaje, \u017ce Niemiec wci\u0105\u017c mo\u017ce zim\u0105 zmieni\u0107 klub. Ter Stegen mo\u017ce odej\u015b\u0107, ale tylko wtedy, je\u015bli pojawi si\u0119 oferta z klubu walcz\u0105cego o wysokie cele. Niemiec nie chce bowiem wyjecha\u0107 byle gdzie, nie ma obsesji, by zmieni\u0107 klub na si\u0142\u0119 i tym samym wywalczy\u0107 sobie miejsce w kadrze na mistrzostwa \u015bwiata.<\/p>\n<p class=\"Paragraph_desktopParagraph__Fd2e9\">Wypo\u017cyczeniem 33-latka zainteresowana jest Girona, ale do tego ruchu nie dojdzie, poniewa\u017c ten klub nie jest w stanie pokry\u0107 w ca\u0142o\u015bci pensji niemieckiej gwiazdy.<\/p>\n<p class=\"Paragraph_desktopParagraph__Fd2e9\">Dla Szcz\u0119snego, obecnie numeru 3, jest jednak nadzieja. Je\u015bli w ci\u0105gu miesi\u0105ca z ma\u0142ym hakiem znajdzie si\u0119 klub, kt\u00f3ry przedstawi ter Stegenowi dobr\u0105 ofert\u0119, ten odejdzie, a Szcz\u0119sny wr\u00f3ci do roli zmiennika Garcii. Ale je\u015bli wierzy\u0107 Hiszpanom, nie stanie si\u0119 to w najbli\u017cszych tygodniach.<\/p>\n<p class=\"Paragraph_desktopParagraph__Fd2e9\">Zreszt\u0105 mo\u017cliwe, \u017ce nawet je\u015bli Niemiec zostanie w klubie do ko\u0144ca sezonu, po zamkni\u0119ciu okna Szcz\u0119sny i tak zostanie przywr\u00f3cony do \u0142ask. Bo Barcelonie nie b\u0119dzie ju\u017c potrzebna ekspozycja ter Stegena w niekt\u00f3rych meczach.<\/p>\n","protected":false},"excerpt":{"rendered":"W tym sezonie sytuacja do niedawna by\u0142a jasna: bramkarzem numerem 1 Barcelony jest Joan Garcia, kupiony latem z&hellip;\n","protected":false},"author":2,"featured_media":173952,"comment_status":"","ping_status":"","sticky":false,"template":"","format":"standard","meta":{"footnotes":""},"categories":[5],"tags":[32,33,304,36,37,27,67,2051,34,35,29806,28,31,25,42,38,40,39,41,136,128,47,135,29,30,26,1789],"class_list":{"0":"post-173951","1":"post","2":"type-post","3":"status-publish","4":"format-standard","5":"has-post-thumbnail","7":"category-naglowki","8":"tag-breaking-news","9":"tag-breakingnews","10":"tag-eres","11":"tag-featured-news","12":"tag-featurednews","13":"tag-headlines","14":"tag-intextvideo_splayer","15":"tag-laliga","16":"tag-latest-news","17":"tag-latestnews","18":"tag-marc_andre_ter_stegen","19":"tag-naglowki","20":"tag-najwazniejsze-artykuly","21":"tag-news","22":"tag-pl","23":"tag-poland","24":"tag-polish","25":"tag-polska","26":"tag-polski","27":"tag-ps_detal_new","28":"tag-psv2","29":"tag-screening_general","30":"tag-sport_sport","31":"tag-top-stories","32":"tag-topstories","33":"tag-wiadomosci","34":"tag-wojciech_szczesny"},"share_on_mastodon":{"url":"","error":""},"_links":{"self":[{"href":"https:\/\/www.europesays.com\/pl\/wp-json\/wp\/v2\/posts\/173951","targetHints":{"allow":["GET"]}}],"collection":[{"href":"https:\/\/www.europesays.com\/pl\/wp-json\/wp\/v2\/posts"}],"about":[{"href":"https:\/\/www.europesays.com\/pl\/wp-json\/wp\/v2\/types\/post"}],"author":[{"embeddable":true,"href":"https:\/\/www.europesays.com\/pl\/wp-json\/wp\/v2\/users\/2"}],"replies":[{"embeddable":true,"href":"https:\/\/www.europesays.com\/pl\/wp-json\/wp\/v2\/comments?post=173951"}],"version-history":[{"count":0,"href":"https:\/\/www.europesays.com\/pl\/wp-json\/wp\/v2\/posts\/173951\/revisions"}],"wp:featuredmedia":[{"embeddable":true,"href":"https:\/\/www.europesays.com\/pl\/wp-json\/wp\/v2\/media\/173952"}],"wp:attachment":[{"href":"https:\/\/www.europesays.com\/pl\/wp-json\/wp\/v2\/media?parent=173951"}],"wp:term":[{"taxonomy":"category","embeddable":true,"href":"https:\/\/www.europesays.com\/pl\/wp-json\/wp\/v2\/categories?post=173951"},{"taxonomy":"post_tag","embeddable":true,"href":"https:\/\/www.europesays.com\/pl\/wp-json\/wp\/v2\/tags?post=173951"}],"curies":[{"name":"wp","href":"https:\/\/api.w.org\/{rel}","templated":true}]}}