{"id":173981,"date":"2025-12-27T15:04:06","date_gmt":"2025-12-27T15:04:06","guid":{"rendered":"https:\/\/www.europesays.com\/pl\/173981\/"},"modified":"2025-12-27T15:04:06","modified_gmt":"2025-12-27T15:04:06","slug":"viki-gabor-wziela-slub-w-sieci-wrze-kim-jest-giovani-trojanek","status":"publish","type":"post","link":"https:\/\/www.europesays.com\/pl\/173981\/","title":{"rendered":"Viki Gabor wzi\u0119\u0142a \u015blub? W sieci wrze. Kim jest Giovani Trojanek?"},"content":{"rendered":"<p class=\"article-p\" data-section=\"detail-body\">Transmisja na \u017cywo, kt\u00f3ra pojawi\u0142a si\u0119 w sieci 27 grudnia, przedstawia\u0142a Bogdana Trojanka, kt\u00f3ry w towarzystwie Viki Gabor i swojego wnuka poinformowa\u0142 o romskim \u015blubie m\u0142odej pary. Podczas relacji pan Bogdan obj\u0105\u0142 wokalistk\u0119 i swojego wnuka Giovanniego, podkre\u015blaj\u0105c, \u017ce \u015blub odby\u0142 si\u0119 w Krakowie zgodnie z romsk\u0105 tradycj\u0105.<\/p>\n<p class=\"article-p\" data-section=\"detail-body\">\u2014 Viki Gabor i m\u00f3j wnuczek Giovani Trojanek pobrali si\u0119 wed\u0142ug tradycji naszej romskiej. Od dzisiaj m\u00f3j wnuczek jest w rodzinie Viki Gabor, a Viki Gabor jest w rodzinie mojej \u2014 powiedzia\u0142 Bogdan Trojanek na Facebooku.<\/p>\n<p class=\"article-p\" data-section=\"detail-body\">Viki Gabor mia\u0142a na sobie czarn\u0105 sukienk\u0119 w groszki, kozaki oraz szare ponczo z futrzanym wyko\u0144czeniem, a jej w\u0142osy by\u0142y upi\u0119te w kok. Giovani Trojanek wybra\u0142 bia\u0142\u0105 koszul\u0119, czarne spodnie, be\u017cow\u0105 marynark\u0119 i pasek Hermes.<\/p>\n<p class=\"article-p\" data-section=\"detail-body\">Skontaktowali\u015bmy si\u0119 z menad\u017cerem wokalistki. Oskar Laskowski nie potwierdzi\u0142 informacji o \u015blubie. \u2014 Nic mi o tym nie wiadomo, a raczej bym wiedzia\u0142, gdyby Viki Gabor bra\u0142a \u015blub \u2014 powiedzia\u0142 nam wyra\u017anie zaskoczony.<\/p>\n<p>        Kim jest Bogdan Trojanek, kt\u00f3ry z dum\u0105 og\u0142osi\u0142 \u015blub Viki Gabor?<\/p>\n<p class=\"article-p\" data-section=\"detail-body\">Bogdan Trojanek to znany piosenkarz, kompozytor, autor tekst\u00f3w, a tak\u017ce lider i za\u0142o\u017cyciel zespo\u0142u Terne Roma (M\u0142odzi Cyganie). Jest r\u00f3wnie\u017c dzia\u0142aczem spo\u0142ecznym, prezesem Kr\u00f3lewskiej Fundacji Rom\u00f3w oraz reprezentantem Rom\u00f3w w przyrz\u0105dowej komisji do spraw Mniejszo\u015bci Narodowych i Etnicznych. Od dw\u00f3ch dekad pe\u0142ni funkcj\u0119 doradcy kr\u00f3la romskiego w Polsce i anga\u017cuje si\u0119 w dzia\u0142alno\u015b\u0107 charytatywn\u0105.<\/p>\n<p class=\"article-p\" data-section=\"detail-body\">Prywatnie Bogdan Trojanek jest m\u0119\u017cem Samanty. Ma tr\u00f3jk\u0119 dzieci i o\u015bmioro wnucz\u0105t. Jednym z nich jest Giovani Trojanek, kt\u00f3ry wed\u0142ug relacji dziadka pod koniec grudnia mia\u0142 po\u015blubi\u0107 Viki Gabor.<\/p>\n<p class=\"article-p\" data-section=\"detail-body\">Na ten moment nie ma oficjalnego potwierdzenia informacji o \u015blubie m\u0142odej wokalistki.<\/p>\n<p class=\"article-p\" data-section=\"detail-body\"><a href=\"https:\/\/ludzie.fakt.pl\/viki-gabor-wyszla-za-maz-szokujace-nagranie-obieglo-siec\/5n3bl48\" id=\"08a481bb-de6f-4200-aed9-6b3c63417c96\" rel=\"nofollow noopener\" target=\"_blank\">Viki Gabor wzi\u0119\u0142a \u015blub? Szokuj\u0105ce nagranie trafi\u0142o do sieci<\/a><\/p>\n<p class=\"article-p\" data-section=\"detail-body\"><a href=\"https:\/\/ludzie.fakt.pl\/viki-gabor-mowi-o-konflikcie-z-roxie-wegiel-nie-bede-siedziec-cicho\/mvmywjh\" id=\"f9070a78-dd07-4591-8be6-35710fdff903\" rel=\"nofollow noopener\" target=\"_blank\">Viki Gabor m\u00f3wi o konflikcie z Roxie W\u0119giel. &#8222;Nie b\u0119d\u0119 siedzie\u0107 cicho&#8221;<\/a><\/p>\n<p class=\"article-p\" data-section=\"detail-body\"><a href=\"https:\/\/ludzie.fakt.pl\/viki-gabor-kupila-pierwszy-wlasny-dom-tak-mieszka-18-latka\/3lx56qv\" id=\"c445ae6a-d151-4915-83f3-3669f5e26df8\" rel=\"nofollow noopener\" target=\"_blank\">Viki Gabor kupi\u0142a pierwszy w\u0142asny dom. Tak mieszka 18-latka<\/a><\/p>\n<p>        \/10<\/p>\n<p>                    <img decoding=\"async\" class=\"article-image-img\" loading=\"lazy\" alt=\"\" src=\"https:\/\/www.europesays.com\/pl\/wp-content\/uploads\/2025\/12\/CY_k9ktTURBXy81ZDliMWNjNi0wZDE2LTQzODktYTE0Mi03NGFjM2RkN2JlODEucG5nkZMCzQNIzQXV3gACoTABoTEB.jpeg\" width=\"840\" height=\"1493\"\/><\/p>\n<p>                  @bogdantrojanek \/ Facebook<\/p>\n<p class=\"article-gallery-p\">\n        Bogdan Trojanek og\u0142osi\u0142 \u015blub Viki Gabor ze swoim wnukiem.\n    <\/p>\n<p>        \/10<\/p>\n<p>                    <img decoding=\"async\" class=\"article-image-img\" loading=\"lazy\" alt=\"\" src=\"https:\/\/www.europesays.com\/pl\/wp-content\/uploads\/2025\/12\/X4bk9kuTURBXy9kNDZiM2ZlYi1kMmFkLTQ4Y2UtYjU1Zi01MTc1YzE0N2U3YzQuanBlZ5GTAs0DSM0EGt4AAqEwAaExAQ.jpeg\" width=\"840\" height=\"1050\"\/><\/p>\n<p>                  vikigaborofficial \/ Instagram<\/p>\n<p class=\"article-gallery-p\">\n        Viki Gabor.\n    <\/p>\n","protected":false},"excerpt":{"rendered":"Transmisja na \u017cywo, kt\u00f3ra pojawi\u0142a si\u0119 w sieci 27 grudnia, przedstawia\u0142a Bogdana Trojanka, kt\u00f3ry w towarzystwie Viki Gabor&hellip;\n","protected":false},"author":2,"featured_media":173982,"comment_status":"","ping_status":"","sticky":false,"template":"","format":"standard","meta":{"footnotes":""},"categories":[22],"tags":[122,42,38,40,39,41,123],"class_list":{"0":"post-173981","1":"post","2":"type-post","3":"status-publish","4":"format-standard","5":"has-post-thumbnail","7":"category-rozrywka","8":"tag-entertainment","9":"tag-pl","10":"tag-poland","11":"tag-polish","12":"tag-polska","13":"tag-polski","14":"tag-rozrywka"},"share_on_mastodon":{"url":"https:\/\/pubeurope.com\/@pl\/115792148717707575","error":""},"_links":{"self":[{"href":"https:\/\/www.europesays.com\/pl\/wp-json\/wp\/v2\/posts\/173981","targetHints":{"allow":["GET"]}}],"collection":[{"href":"https:\/\/www.europesays.com\/pl\/wp-json\/wp\/v2\/posts"}],"about":[{"href":"https:\/\/www.europesays.com\/pl\/wp-json\/wp\/v2\/types\/post"}],"author":[{"embeddable":true,"href":"https:\/\/www.europesays.com\/pl\/wp-json\/wp\/v2\/users\/2"}],"replies":[{"embeddable":true,"href":"https:\/\/www.europesays.com\/pl\/wp-json\/wp\/v2\/comments?post=173981"}],"version-history":[{"count":0,"href":"https:\/\/www.europesays.com\/pl\/wp-json\/wp\/v2\/posts\/173981\/revisions"}],"wp:featuredmedia":[{"embeddable":true,"href":"https:\/\/www.europesays.com\/pl\/wp-json\/wp\/v2\/media\/173982"}],"wp:attachment":[{"href":"https:\/\/www.europesays.com\/pl\/wp-json\/wp\/v2\/media?parent=173981"}],"wp:term":[{"taxonomy":"category","embeddable":true,"href":"https:\/\/www.europesays.com\/pl\/wp-json\/wp\/v2\/categories?post=173981"},{"taxonomy":"post_tag","embeddable":true,"href":"https:\/\/www.europesays.com\/pl\/wp-json\/wp\/v2\/tags?post=173981"}],"curies":[{"name":"wp","href":"https:\/\/api.w.org\/{rel}","templated":true}]}}