{"id":174006,"date":"2025-12-27T15:23:10","date_gmt":"2025-12-27T15:23:10","guid":{"rendered":"https:\/\/www.europesays.com\/pl\/174006\/"},"modified":"2025-12-27T15:23:10","modified_gmt":"2025-12-27T15:23:10","slug":"hanna-lis-zapozowala-z-corkami-internauci-nie-moga-wyjsc-z-podziwu","status":"publish","type":"post","link":"https:\/\/www.europesays.com\/pl\/174006\/","title":{"rendered":"Hanna Lis zapozowa\u0142a z c\u00f3rkami. Internauci nie mog\u0105 wyj\u015b\u0107 z podziwu"},"content":{"rendered":"<p class=\"Paragraph_desktopParagraph__U31Gm\"><a href=\"https:\/\/plejada.pl\/temat\/hanna-lis-dziennikarka\/z8ve2sc\" id=\"16cea3be-7ea5-4fd4-8b1a-e6213c1c5dfe\" rel=\"nofollow noopener\" target=\"_blank\">Hanna Lis<\/a> od lat unika obna\u017cania kulis swojego \u017cycia rodzinnego. Jej najnowsza publikacja w mediach spo\u0142eczno\u015bciowych nie mog\u0142a wi\u0119c przej\u015b\u0107 niezauwa\u017cona. Na \u015bwi\u0105tecznym zdj\u0119ciu, opublikowanym na jej instagramowym profilu dziennikarka zapozowa\u0142a razem z 26-letni\u0105 Juli\u0105 i 24-letni\u0105 Ann\u0105. To rzadki widok, zw\u0142aszcza \u017ce obie c\u00f3rki, pochodz\u0105ce z relacji dziennikarki z Jackiem Kozi\u0144skim, na co dzie\u0144 mieszkaj\u0105 w Amsterdamie.<\/p>\n<ul class=\"OchatFollowUps_wrapper__1ry7X\">\n<li class=\"OchatFollowUps_item__Dhyly OchatFollowUps_itemDesktop__R6aBv\">Jakie c\u00f3rki ma Hanna Lis?<\/li>\n<li class=\"OchatFollowUps_item__Dhyly OchatFollowUps_itemDesktop__R6aBv\">Gdzie na co dzie\u0144 mieszkaj\u0105 c\u00f3rki Hanny Lis?<\/li>\n<li class=\"OchatFollowUps_item__Dhyly OchatFollowUps_itemDesktop__R6aBv\">Co napisa\u0142a Hanna Lis pod zdj\u0119ciem ze \u015bwi\u0105t?<\/li>\n<li class=\"OchatFollowUps_item__Dhyly OchatFollowUps_itemDesktop__R6aBv\">Jakie komentarze zostawili internauci pod zdj\u0119ciem Hanny Lis?<\/li>\n<\/ul>\n<p>Hanna Lis pokaza\u0142a \u015bwi\u0105teczne kadry z c\u00f3rkami. &#8222;Kt\u00f3ra to mama?&#8221; <\/p>\n<p class=\"Paragraph_desktopParagraph__U31Gm\">Lis, cho\u0107 w ostatnich latach rzadziej pojawia si\u0119 w mediach g\u0142\u00f3wnego nurtu, pozostaje aktywna w sieci, gdzie nie stroni od komentarzy na tematy spo\u0142eczne czy polityczne. Tym razem jednak postawi\u0142a na rodzinny akcent.<\/p>\n<p class=\"Paragraph_desktopParagraph__U31Gm\">&#8222;\u015awi\u0105tecznie. Pi\u0119knego kolejnego dnia \u015bwi\u0105t od nas dla was&#8221; \u2014 napisa\u0142a pod fotografi\u0105 26 grudnia, na kt\u00f3rej ca\u0142a tr\u00f3jka prezentuje si\u0119 w znakomitych nastrojach, pozuj\u0105c przy choince.<\/p>\n<p class=\"Paragraph_desktopParagraph__U31Gm\">Pod zdj\u0119ciem szybko pojawi\u0142a si\u0119 fala komentarzy. Internauci nie kryli zachwytu nie tylko \u015bwi\u0105tecznym klimatem, ale przede wszystkim niezwyk\u0142ym podobie\u0144stwem Hanny Lis do jej c\u00f3rek.<\/p>\n<p class=\"Paragraph_desktopParagraph__U31Gm\">&#8222;Wow, kt\u00f3ra to mama?&#8221;, &#8222;Wszystkie pi\u0119kne, tylko kt\u00f3ra to mama?&#8221; \u2014 pytali rozbawieni fani. Komentuj\u0105cy doceniali tak\u017ce atmosfer\u0119, kt\u00f3r\u0105 uda\u0142o si\u0119 uchwyci\u0107 na zdj\u0119ciu. &#8222;Przepi\u0119kne, wszystkie razem jak siostry&#8221;, &#8222;Pani Hanno, wszystkie kobiety na zdj\u0119ciach pi\u0119kne, wn\u0119trza i dekoracje te\u017c&#8221; \u2014 pisali kolejni u\u017cytkownicy. Nie zabrak\u0142o r\u00f3wnie\u017c \u015bwi\u0105tecznych \u017cycze\u0144 p\u0142yn\u0105cych z r\u00f3\u017cnych zak\u0105tk\u00f3w \u015bwiata. &#8222;Ale pi\u0119knie u was! Merry Christmas z Teksasu!&#8221; \u2014 doda\u0142a jedna z fanek.<\/p>\n<p class=\"Paragraph_desktopParagraph__U31Gm\">Dzi\u0119kujemy, \u017ce przeczyta\u0142a\u015b\/e\u015b nasz artyku\u0142 do ko\u0144ca. W serwisie Plejada.pl ka\u017cdego dnia piszemy o najwa\u017cniejszych wydarzeniach show-biznesowych. B\u0105d\u017a na bie\u017c\u0105co! <a rel=\"nofollow noopener\" href=\"https:\/\/profile.google.com\/cp\/Cg0vZy8xMWJ6X19wdHBx\" id=\"837480d8-1c9b-41de-8cb1-d7103f6c90b3\" target=\"_blank\">Obserwuj<\/a> Plejad\u0119 w Google. Odwied\u017a nas tak\u017ce na <a rel=\"nofollow noopener\" href=\"https:\/\/www.facebook.com\/plejadapl\" id=\"0c2bdb49-7eed-4cf8-882a-2725fbb701d5\" target=\"_blank\">Facebooku<\/a>, <a rel=\"nofollow noopener\" href=\"https:\/\/www.instagram.com\/plejadapl\/\" id=\"ae56e7e9-e375-44de-8416-b522315a9b18\" target=\"_blank\">Instagramie<\/a>, <a rel=\"nofollow noopener\" href=\"https:\/\/www.youtube.com\/c\/plejada\" id=\"ea3de50b-38d8-4198-b4da-fa416584dbda\" target=\"_blank\">YouTubie<\/a> oraz <a rel=\"nofollow noopener\" href=\"https:\/\/www.tiktok.com\/@plejada_pl\" id=\"d96856dd-6256-418b-b8e4-6d23511a6471\" target=\"_blank\">TikToku<\/a>.<\/p>\n<p class=\"Paragraph_desktopParagraph__U31Gm\">Chcesz podzieli\u0107 si\u0119 ciekawym newsem lub zaproponowa\u0107 temat? Skontaktuj si\u0119 z nami, pisz\u0105c maila na adres: <a href=\"https:\/\/www.onet.pl\/styl-zycia\/plejada\/hanna-lis-zapozowala-z-corkami-internauci-nie-moga-wyjsc-z-podziwu\/mailto:plejada@redakcjaonet.pl\" id=\"0b46ac95-6dc5-4833-80da-9ad86dbd2220\" rel=\"nofollow noopener\" target=\"_blank\">plejada@redakcjaon<\/a><a rel=\"nofollow noopener\" href=\"http:\/\/et.pl\" id=\"c37066d0-a1c5-4e84-8b7b-ead113712b93\" target=\"_blank\">et.pl<\/a>.<\/p>\n<p><script async src=\"\/\/www.instagram.com\/embed.js\"><\/script><script async src=\"\/\/www.tiktok.com\/embed.js\"><\/script><\/p>\n","protected":false},"excerpt":{"rendered":"Hanna Lis od lat unika obna\u017cania kulis swojego \u017cycia rodzinnego. Jej najnowsza publikacja w mediach spo\u0142eczno\u015bciowych nie mog\u0142a&hellip;\n","protected":false},"author":2,"featured_media":174007,"comment_status":"","ping_status":"","sticky":false,"template":"","format":"standard","meta":{"footnotes":""},"categories":[5],"tags":[18916,32,33,36,37,16097,27,67,34,35,28,31,53,25,52,68,51,55,42,38,40,39,41,47,196,5806,29,30,65,50,26],"class_list":{"0":"post-174006","1":"post","2":"type-post","3":"status-publish","4":"format-standard","5":"has-post-thumbnail","7":"category-naglowki","8":"tag-boze_narodzenie_swieta_bozego_narodzenia_wigilia","9":"tag-breaking-news","10":"tag-breakingnews","11":"tag-featured-news","12":"tag-featurednews","13":"tag-hanna_lis_dziennikarka","14":"tag-headlines","15":"tag-intextvideo_splayer","16":"tag-latest-news","17":"tag-latestnews","18":"tag-naglowki","19":"tag-najwazniejsze-artykuly","20":"tag-new_header","21":"tag-news","22":"tag-onet3","23":"tag-onet3d","24":"tag-onet3d_2i","25":"tag-phx","26":"tag-pl","27":"tag-poland","28":"tag-polish","29":"tag-polska","30":"tag-polski","31":"tag-screening_general","32":"tag-styl_zycia","33":"tag-swieta","34":"tag-top-stories","35":"tag-topstories","36":"tag-update_me","37":"tag-v2021","38":"tag-wiadomosci"},"share_on_mastodon":{"url":"https:\/\/pubeurope.com\/@pl\/115792223171837053","error":""},"_links":{"self":[{"href":"https:\/\/www.europesays.com\/pl\/wp-json\/wp\/v2\/posts\/174006","targetHints":{"allow":["GET"]}}],"collection":[{"href":"https:\/\/www.europesays.com\/pl\/wp-json\/wp\/v2\/posts"}],"about":[{"href":"https:\/\/www.europesays.com\/pl\/wp-json\/wp\/v2\/types\/post"}],"author":[{"embeddable":true,"href":"https:\/\/www.europesays.com\/pl\/wp-json\/wp\/v2\/users\/2"}],"replies":[{"embeddable":true,"href":"https:\/\/www.europesays.com\/pl\/wp-json\/wp\/v2\/comments?post=174006"}],"version-history":[{"count":0,"href":"https:\/\/www.europesays.com\/pl\/wp-json\/wp\/v2\/posts\/174006\/revisions"}],"wp:featuredmedia":[{"embeddable":true,"href":"https:\/\/www.europesays.com\/pl\/wp-json\/wp\/v2\/media\/174007"}],"wp:attachment":[{"href":"https:\/\/www.europesays.com\/pl\/wp-json\/wp\/v2\/media?parent=174006"}],"wp:term":[{"taxonomy":"category","embeddable":true,"href":"https:\/\/www.europesays.com\/pl\/wp-json\/wp\/v2\/categories?post=174006"},{"taxonomy":"post_tag","embeddable":true,"href":"https:\/\/www.europesays.com\/pl\/wp-json\/wp\/v2\/tags?post=174006"}],"curies":[{"name":"wp","href":"https:\/\/api.w.org\/{rel}","templated":true}]}}