{"id":174008,"date":"2025-12-27T15:24:11","date_gmt":"2025-12-27T15:24:11","guid":{"rendered":"https:\/\/www.europesays.com\/pl\/174008\/"},"modified":"2025-12-27T15:24:11","modified_gmt":"2025-12-27T15:24:11","slug":"szwedzi-i-wlosi-kto-jeszcze-najbardziej-zawiodl-w-2025-roku","status":"publish","type":"post","link":"https:\/\/www.europesays.com\/pl\/174008\/","title":{"rendered":"Szwedzi i W\u0142osi. Kto jeszcze najbardziej zawi\u00f3d\u0142 w 2025 roku?"},"content":{"rendered":"<p>Najwi\u0119ksze reprezentacyjne wpadki 2025 roku trzeba zacz\u0105\u0107 od\u00a0Szwed\u00f3w, kt\u00f3rzy\u00a0zaliczyli najbardziej nieudane eliminacje w\u00a0ca\u0142ej swojej historii. Niezadowoleni z\u00a0ostatnich dwunastu miesi\u0119cy musz\u0105 by\u0107 tak\u017ce W\u0142osi, jednak oba te\u00a0kraje mog\u0105 jeszcze powetowa\u0107 sobie nieudany rok w\u00a0bara\u017cach o\u00a0fina\u0142y mistrzostw \u015bwiata. <\/p>\n<p>Te\u00a0dwie reprezentacje otwieraj\u0105 list\u0119 najwi\u0119kszych zaskocze\u0144 negatywnych 2025 roku w\u015br\u00f3d kadr narodowych. Kto jeszcze zawi\u00f3d\u0142 w\u00a0ko\u0144cz\u0105cym si\u0119 roku?<\/p>\n<p>Najwi\u0119ksze zaskoczenia negatywne w\u00a0reprezentacyjnej pi\u0142ce w\u00a02025 roku<\/p>\n<p>W\u00a0Wigili\u0119 mogli\u015bcie zapozna\u0107 si\u0119 z\u00a0zestawieniem reprezentacji, kt\u00f3re<a href=\"https:\/\/weszlo.com\/kraje-z-najwiekszym-postepem-w-2025-roku-norwegia-curacao\/\" rel=\"nofollow noopener\" target=\"_blank\"> zaliczy\u0142y najwi\u0119kszy post\u0119p w\u00a02025 roku<\/a>. Cho\u0107 znalaz\u0142a si\u0119 w\u00a0nim Norwegia, Kosowo, czy\u00a0Turcja, to\u00a0nie\u00a0jest zdominowany przez\u00a0kraje Europy. Nieco inaczej jest z\u00a0rankingiem najwi\u0119kszych zaskocze\u0144 negatywnych. Tu\u00a0kr\u00f3luje Europa. Dlaczego?<\/p>\n<p>W\u00a0roku, w\u00a0kt\u00f3rym\u00a0odby\u0142a si\u0119 zasadnicza faza eliminacji mistrzostw \u015bwiata, to\u00a0w\u0142a\u015bnie fakt, kto dosta\u0142 si\u0119 na\u00a0mundial jest kluczowy w\u00a0ocenie kondycji danej kadry narodowej.<\/p>\n<p>Po\u00a0pierwsze przy 48 dru\u017cynach w\u00a0fina\u0142ach, trudno m\u00f3wi\u0107 o\u00a0jakich\u015b wielkich rozczarowaniach na\u00a0innych kontynentach, z\u00a0kt\u00f3rych\u00a0awansuje znacznie wi\u0119cej dru\u017cyn ni\u017c cztery lata temu. Po\u00a0drugie: je\u017celi kto\u015b tam zawi\u00f3d\u0142, to\u00a0zrobi\u0142 to\u00a0ju\u017c w\u00a02024 roku, a\u00a0ostatnie miesi\u0105ce by\u0142y jedynie przypiecz\u0119towaniem wcze\u015bniejszej obni\u017cki formy.<\/p>\n<p>Dlatego na\u00a0dzisiejszej li\u015bcie dominacja europejskich dru\u017cyn jest do\u015b\u0107 mocna. S\u0105\u00a0tu\u00a0zar\u00f3wno tacy, kt\u00f3rzy\u00a0do\u00a0bara\u017cy nie\u00a0weszli, jak i\u00a0ci, kt\u00f3rzy\u00a0w\u00a0nich zagraj\u0105, znalaz\u0142o si\u0119 nawet miejsce dla dru\u017cyny z\u00a0awansem bezpo\u015brednim. Cho\u0107 nie\u00a0by\u0142 on\u00a0podstaw\u0105 sporz\u0105dzania dzisiejszego zestawienia, informacyjnie podaj\u0119 tak\u017ce miejsce ka\u017cdej reprezentacji w\u00a0rankingu FIFA.<\/p>\n<p>Szwecja z\u00a027. na\u00a043. miejsce w\u00a0rankingu FIFA<\/p>\n<p>Przegrywami roku s\u0105\u00a0bezapelacyjnie Szwedzi, kt\u00f3rzy\u00a0w\u00a0meczach o\u00a0punkty nie\u00a0potrafili wygra\u0107 ani razu! Cho\u0107 po\u00a0losowaniu wydawa\u0142o si\u0119, \u017ce\u00a0mog\u0105 my\u015ble\u0107 wr\u0119cz o\u00a0zaj\u0119ciu pierwszego miejsca w\u00a0swojej grupie eliminacyjnej, przegrali nie\u00a0tylko\u00a0ze\u00a0Szwajcari\u0105, ale\u00a0tak\u017ce oba mecze z\u00a0Kosowem, a\u00a0ze\u00a0S\u0142oweni\u0105 nie\u00a0potrafili wygra\u0107 \u017cadnego spotkania i\u00a0zaj\u0119li ostatnie miejsce w\u00a0grupie.<\/p>\n<p>Na\u00a035 dotychczasowych start\u00f3w w\u00a0eliminacjach Euro i\u00a0mistrzostw \u015bwiata tak\u00a0s\u0142aby wyst\u0119p nie\u00a0zdarzy\u0142 si\u0119 im\u00a0jeszcze nigdy.<br \/>W bara\u017cach co\u00a0prawda zagraj\u0105, ale\u00a0tylko\u00a0dzi\u0119ki wygraniu grupy w\u00a0Lidze Narod\u00f3w, w\u00a0kt\u00f3rej\u00a0w\u00a02024 roku wyst\u0119powali w\u00a0Dywizji C. Musz\u0119 przyzna\u0107, \u017ce\u00a0w\u00a0tym kontek\u015bcie nie\u00a0do\u00a0ko\u0144ca podzielam obawy zwi\u0105zane z\u00a0faktem, \u017ce\u00a0\u017b\u00f3\u0142to-Niebiescy s\u0105\u00a0w\u00a0naszej \u015bcie\u017cce play-off. Przede wszystkim mog\u0105 oni mie\u0107 powa\u017cne problemy z\u00a0pokonaniem Ukrainy w\u00a0p\u00f3\u0142finale, a\u00a0dla nas byliby chyba wygodniejszym przeciwnikiem ni\u017c nasi wschodni s\u0105siedzi.<\/p>\n<p>Nie\u00a0wierz\u0119 w\u00a0celowe odpuszczenie eliminacji przez\u00a0Szwed\u00f3w, kt\u00f3rzy\u00a0byli \u015bwiadomi, ze\u00a0bara\u017ce maj\u0105 i\u00a0tak\u00a0praktycznie zapewnione. Przez\u00a0s\u0142aby wyst\u0119p w\u00a0kwalifikacjach znale\u017ali si\u0119 w\u00a0trudniejszej drabince, a\u00a0p\u00f3\u0142fina\u0142u nie\u00a0zagraj\u0105 u\u00a0siebie. Co\u00a0prawda trafili na\u00a0rywala, kt\u00f3ry\u00a0musi gra\u0107 na\u00a0neutralnym stadionie, ale\u00a0gdyby\u00a0zaj\u0119li drugie miejsce w\u00a0grupie eliminacyjnej zamiast Kosowa, to\u00a0mo\u017cliwe, \u017ce\u00a0p\u00f3\u0142fina\u0142 play-off\u00f3w graliby u\u00a0siebie z\u2026 Mo\u0142dawi\u0105.<\/p>\n<p>Zesp\u00f3\u0142, kt\u00f3ry\u00a0w\u00a0ataku powinien straszy\u0107 gwiazdami Premier League: Isakiem, Gyokeresem i\u00a0Elang\u0105, zdoby\u0142 w\u00a0eliminacjach cztery bramki. I\u00a0pomy\u015ble\u0107, \u017ce\u00a0nam zdarza\u0142o si\u0119 narzeka\u0107 na\u00a0skuteczno\u015b\u0107 Lewandowskiego.<\/p>\n<p>Reprezentacja Szwecji wed\u0142ug rankingu Elo po\u00a0drugiej wojnie \u015bwiatowej s\u0142absza ni\u017c dzi\u015b by\u0142a tylko\u00a0raz, w\u00a01980 roku, gdy\u00a0w\u00a0eliminacjach Euro pokona\u0142a tylko\u00a0Luksemburg. Najbardziej bolesne dla Szwed\u00f3w jest pewnie to, \u017ce\u00a0nie\u00a0tylko\u00a0s\u0105\u00a0s\u0142abi, ale\u00a0\u0142\u0105czy si\u0119 to\u00a0z\u00a0okresem wybitnych wynik\u00f3w ich s\u0105siad\u00f3w. Norwegia mog\u0142a si\u0119 dot\u0105d por\u00f3wnywa\u0107 z\u00a0\u017b\u00f3\u0142to-Niebieskimi tylko\u00a0pod\u00a0koniec ubieg\u0142ego stulecia. Dzi\u015b wygl\u0105da na\u00a0to, \u017ce\u00a0jest mi\u0119dzy tymi zespo\u0142ami przepa\u015b\u0107.<\/p>\n<p>W\u0142ochy z\u00a09. na\u00a012. miejsce w\u00a0rankingu FIFA<\/p>\n<p>W\u0142osi w\u00a0\u0107wier\u0107fina\u0142ach Ligi Narod\u00f3w odpadli z\u00a0Niemcami, a\u00a0p\u00f3\u017aniej pokonali wszystkich grupowych rywali, jednak poza tymi najwa\u017cniejszym. Dwie kl\u0119ski z\u00a0Norwegi\u0105 zrzuci\u0142y Itali\u0119 do\u00a0bara\u017cy, a\u00a0trzeci mundial z\u00a0rz\u0119du bez\u00a0nich jest wci\u0105\u017c ca\u0142kiem realny. By\u0142aby to\u00a0chyba najbardziej wstydliwa seria nieobecno\u015bci do\u015b\u0107 mocnej reprezentacji na\u00a0\u015bwiatowym czempionacie w\u00a0ca\u0142ej historii.<\/p>\n<p>W\u0142osi kadrowo wygl\u0105daj\u0105 \u015bwietnie, ale\u00a0od\u00a0Euro 2020 w\u0142a\u015bciwie ani razu nie\u00a0zaimponowali swoimi wynikami osi\u0105gni\u0119tymi na\u00a0europejskich boiskach. Gennaro Gattuso musi teraz ratowa\u0107 sytuacj\u0119 po\u00a0Luciano Spallettim, kt\u00f3ry\u00a0zaliczy\u0142 zwyci\u0119stwa w\u00a0zaledwie po\u0142owie spotka\u0144. Nowy selekcjoner ju\u017c zapowiedzia\u0142, \u017ce<a href=\"https:\/\/weszlo.com\/2025\/10\/16\/gennaro-gattuso-jesli-nie-awansujemy-na-mundial-wyprowadze-sie-gdzies-daleko\/\" rel=\"nofollow noopener\" target=\"_blank\"> je\u015bli nie\u00a0awansuje na\u00a0mundial, to\u00a0wyprowadzi si\u0119 gdzie\u015b bardzo daleko<\/a>. Jego poprzednik \u017cali\u0142 si\u0119, \u017ce\u00a0praca z\u00a0kadr\u0105 <a href=\"https:\/\/weszlo.com\/2025\/07\/26\/futbol-zrujnowal-mi-zycie-gorzki-wywiad-bylego-selekcjonera-reprezentacji-wloch\/\" rel=\"nofollow noopener\" target=\"_blank\">zrujnowa\u0142a mu\u00a0\u017cycie<\/a>:<\/p>\n<p>\u2013 To\u00a0nie\u00a0mija. Wspomnienie pora\u017cki z\u00a0Norwegi\u0105 sp\u0119dza mi\u00a0sen z\u00a0powiek. Wp\u0142ywa na\u00a0wszystko, bo\u00a0ta\u00a0my\u015bl ca\u0142y czas powraca. Czasami jestem szcz\u0119\u015bliwy, a\u00a0po\u00a0chwili to\u00a0wspomnienie znowu jest ze\u00a0mn\u0105. Nie\u00a0potrafi\u0142em udowodni\u0107 ch\u0142opakom, ile dla mnie znacz\u0105 \u2013 stwierdzi\u0142 W\u0142och. \u2013 Nie\u00a0uwa\u017cam, by\u00a0przej\u0119cie funkcji selekcjonera by\u0142o b\u0142\u0119dem. Reprezentacja nie\u00a0pyta, ona wzywa. Tutaj nie\u00a0ma\u00a0pola do\u00a0refleksji, nie\u00a0ma\u00a0wyboru. Kiedy wzywa ci\u0119 reprezentacja, musisz by\u0107 w\u00a0pe\u0142ni do\u00a0jej dyspozycji. Cho\u0107 mo\u017ce to\u00a0koncepcja, kt\u00f3r\u0105 tracimy. [\u2026] Moim b\u0142\u0119dem by\u0142o w\u0142a\u015bnie to, \u017ce\u00a0za\u00a0mocno cisn\u0105\u0142em w\u00a0temacie przynale\u017cno\u015bci. Prosi\u0142em pi\u0142karzy o\u00a0\u015bpiewanie hymnu. O\u00a0wsp\u00f3lny okrzyk bojowy przed\u00a0ka\u017cdym treningiem. Chcia\u0142em pobudzi\u0107 w\u00a0nich dum\u0119, kt\u00f3r\u0105 sam czu\u0142em, ale\u00a0przesadzi\u0142em.<\/p>\n<p>Ostatnie dwana\u015bcie miesi\u0119cy to\u00a0nie\u00a0by\u0142 dobry czas na\u00a0bycie selekcjonerem Italii.<\/p>\n<p><img decoding=\"async\" class=\"size-medium_large wp-image-1393171\" src=\"https:\/\/www.europesays.com\/pl\/wp-content\/uploads\/2025\/12\/gattuso-768x512.jpg\" alt=\"\" width=\"768\" height=\"512\" loading=\"lazy\"  \/><\/p>\n<p>W\u0119gry z\u00a030. na\u00a040. miejsce w\u00a0rankingu FIFA<\/p>\n<p>W\u0119grzy po\u00a0kilku dekadach degrengolady zacz\u0119li si\u0119 w\u00a0ostatnich latach stopniowo odradza\u0107. Dzi\u015b niestety maj\u0105 na\u00a0koncie mocn\u0105 korekt\u0119 tego kursu. W\u00a02025 roku wygrali tylko\u00a0z\u00a0Armeni\u0105 oraz\u00a0towarzysko z\u00a0Azerbejd\u017canem. Mieli wielk\u0105 okazj\u0119 na\u00a0bara\u017ce, ale\u00a0dali si\u0119 wyprzedzi\u0107 Irlandii. Dwoma pora\u017ckami z\u00a0Turcj\u0105 przypiecz\u0119towali te\u017c spadek z\u00a0Dywizji A\u00a0Ligi Narod\u00f3w .<\/p>\n<p>Tu\u00a0tak\u017ce widzimy, \u017ce\u00a0wysoko wyceniane gwiazdy nie\u00a0gwarantuj\u0105 dobrego wyniku swojej reprezentacji. Szoboszlai, Kerkez czy\u00a0Sallai nie\u00a0dali kadrze tego, czego oczekiwali od\u00a0nich kibice, czyli przynajmniej awansu do\u00a0bara\u017cy o\u00a0mundial, na\u00a0kt\u00f3ry\u00a0czekaj\u0105 od\u00a01986 roku.<\/p>\n<p>Rumunia z\u00a038. na\u00a047. miejsce w\u00a0rankingu FIFA<\/p>\n<p>Na\u00a0pocieszenie dla W\u0119gr\u00f3w, s\u0142abo radzi sobie ich wr\u00f3g, czyli Rumunia. W\u00a0grupie wyprzedzi\u0142a tylko\u00a0Cypr i\u00a0San Marino, a\u00a0jedynym jasnym akcentem roku by\u0142a wygrana z\u00a0Austri\u0105 po\u00a0golu w\u00a095. minucie. W\u00a0obu spotkaniach bezpo\u015brednich wyra\u017anie lepsza okaza\u0142a si\u0119 jednak Bo\u015bnia i\u00a0Hercegowina.<\/p>\n<p>Dzi\u0119ki grze w\u00a0Dywizji C, dru\u017cyna Mircei Lucescu zagra w\u00a0bara\u017cach, ale\u00a0w\u00a0wyjazdowym starciu z\u00a0Turcj\u0105 nie\u00a0daje si\u0119 jej wielkich szans. Problemem Rumun\u00f3w jest fakt, \u017ce\u00a0ich najwy\u017cej wyceniany zawodnik \u2013 Radu Dragusin, przez\u00a0ca\u0142y rok leczy\u0142 kontuzj\u0119 i\u00a0dopiero w\u00a0t\u0119\u00a0sobot\u0119 pierwszy raz usiad\u0142 na\u00a0\u0142awce Tottenhamu. Teraz zapowiadany jest jego transfer do\u00a0Romy.<\/p>\n<p>Mog\u0142aby tu\u00a0si\u0119 znale\u017a\u0107 tak\u017ce Serbia, jednak w\u00a0bara\u017cach o\u00a0Dywizj\u0119 A\u00a0Ligi Narod\u00f3w pokona\u0142a Austri\u0119, kt\u00f3ra\u00a0zdecydowanie wyprzedzi\u0142a w\u00a0grupie Rumun\u00f3w, zatem zaw\u00f3d jest w\u00a0tym przypadku zdecydowanie mniejszy.<\/p>\n<p>Niemcy z\u00a09. na\u00a010. miejsce w\u00a0rankingu FIFA<\/p>\n<p>Skoro ju\u017c o\u00a0s\u0105siadach mowa, to\u00a0mo\u017ce troch\u0119 na\u00a0wyrost, ale\u00a0trzeba w\u00a0zestawieniu umie\u015bci\u0107 Niemc\u00f3w. Oczywi\u015bcie, ostatecznie awansowali, ale\u00a0przecie\u017c nigdy dot\u0105d nie\u00a0mieli z\u00a0tym problemu. Poza W\u0142ochami s\u0105\u00a0jedyn\u0105 klasyczn\u0105 pot\u0119g\u0105, kt\u00f3ra\u00a0przegra\u0142a jaki\u015b mecz w\u00a0eliminacjach. Francja, Hiszpania, Holandia i\u00a0Anglia smaku pora\u017cki nie\u00a0zazna\u0142y.<\/p>\n<p>Rewan\u017cowe spotkanie ze\u00a0S\u0142owacj\u0105 mia\u0142o zdecydowa\u0107 o\u00a0awansie bezpo\u015brednim i\u00a0w\u00a0nim Niemcy wprost rozbili rywali 6:0, cho\u0107 pierwszy mecz z\u00a0naszym po\u0142udniowym s\u0105siadem przegrali. W\u00a0fazie pucharowej Ligi Narod\u00f3w wygrali tylko\u00a0z\u00a0W\u0142ochami, a\u00a0w\u00a0czerwcowych fina\u0142ach na\u00a0w\u0142asnych boiskach musieli uzna\u0107 wy\u017cszo\u015b\u0107 Portugalii i\u00a0Francji, przez\u00a0co\u00a0sko\u0144czyli bez\u00a0medalu.<\/p>\n<p>Zesp\u00f3\u0142 Juliana Nagelsmanna nie\u00a0wygl\u0105da, jakby mia\u0142 by\u0107 faworytem do\u00a0medalu w\u00a0lipcu przysz\u0142ego roku, szczeg\u00f3lnie \u017ce\u00a0w\u00a01\/8 fina\u0142u mo\u017ce czeka\u0107 na\u00a0niego Francja.<\/p>\n<p>Czarnog\u00f3ra z\u00a0138. na\u00a0123. miejsce w\u00a0rankingu FIFA<\/p>\n<p>Czarnog\u00f3ra mo\u017ce nie\u00a0by\u0142a kandydatem do\u00a0gry w\u00a0bara\u017cach, ale\u00a0po\u00a0grze w\u00a0Dywizji B\u00a0Ligi Narod\u00f3w, po\u00a0tym jak zabrak\u0142o jej tylko\u00a0trzech punkt\u00f3w do\u00a0awansu na\u00a0Euro 2024 i\u00a0po\u00a0ca\u0142kiem udanych wyst\u0119pach w\u00a0eliminacjach do\u00a0Kataru, wydawa\u0142o si\u0119, \u017ce\u00a0stali si\u0119 reprezentacj\u0105 mniej wi\u0119cej na\u00a0poziomie Macedonii. Trudno by\u0142o my\u015ble\u0107 o\u00a0wyprzedzeniu Chorwacji, czy\u00a0Czech\u00f3w, ale\u00a0kl\u0119ski 0:4 z\u00a0Wyspami Owczymi nikt si\u0119 nie\u00a0spodziewa\u0142.<\/p>\n<p>Czarnog\u00f3ra straci\u0142a bramki nawet z\u00a0Gibraltarem (dwukrotnie) i\u00a0Liechtensteinem, z\u00a0kt\u00f3rym\u00a0do\u00a074. minuty przegrywa\u0142a w\u00a0meczu towarzyskim. Z\u00a0reprezentacji, kt\u00f3ra\u00a0potrafi\u0142a powa\u017cnie zagrozi\u0107 naszym Or\u0142om, niewiele ju\u017c zosta\u0142o. Jedyna nadzieja w\u00a0tym, \u017ce\u00a0Nikola Krstovi\u0107 pod\u0105\u017cy \u015bcie\u017ck\u0105 Stevana Joveticia i\u00a0zacznie strzela\u0107 gola za\u00a0golem.<\/p>\n<p>Mo\u0142dawia z\u00a073. na\u00a083. miejsce w\u00a0rankingu FIFA<\/p>\n<p>Ot\u00f3\u017c prosz\u0119 Pa\u0144stwa, sensacja: ekipa, kt\u00f3ra\u00a0sprawi\u0142a tak\u00a0wielkie problemy Micha\u0142owi Probierzowi i\u00a0Fernando Santosowi, okaza\u0142a si\u0119 by\u0107 jedn\u0105 z\u00a0najgorszych w\u00a0Europie. Serio, gorszy od\u00a0niej bilans zanotowa\u0142y tylko\u00a0Luksemburg, San Marino, Liechtenstein i\u00a0Gibraltar.<\/p>\n<p>Trudno by\u0142o oczekiwa\u0107 nawi\u0105zania walki z\u00a0W\u0142ochami i\u00a0Norwegi\u0105, ale\u00a0Izrael strzeli\u0142 Mo\u0142dawii osiem bramek, a\u00a0ze\u00a0s\u0142abiutk\u0105 Estoni\u0105 nie\u00a0potrafi\u0142a wygra\u0107. Efekt? Jeden punkt, pi\u0119\u0107 goli strzelonych i\u00a0trzydzie\u015bci dwa stracone. Do\u00a0tego pora\u017cki w\u00a0meczach towarzyskich z\u00a0nami i\u00a0Rumuni\u0105. Mo\u0142dawia, po\u00a0nadziei, jak\u0105 da\u0142y jej mecze z\u00a0Polsk\u0105, wraca na\u00a0swoje tory w\u00a0kierunku nizin europejskiej pi\u0142ki.<\/p>\n<p>Azerbejd\u017can ze\u00a0117. na\u00a0127. miejsce w\u00a0rankingu FIFA<\/p>\n<p>A\u00a0skoro ju\u017c jeste\u015bmy przy Fernando Santosie, to\u00a0spos\u00f3b pomin\u0105\u0107 jego pracy w\u00a0Azerbejd\u017canie, kt\u00f3ry\u00a0w\u00a0ca\u0142ych eliminacjach zdoby\u0142 okr\u0105g\u0142y punkcik. Do\u00a0tego przegra\u0142 w\u00a0sparingach z\u00a0W\u0119grami, Bia\u0142orusi\u0105 i\u00a0Haiti oraz\u00a0tylko\u00a0zremisowa\u0142 z\u00a0\u0141otw\u0105. Co\u00a0ciekawe, Azerowie znale\u017ali si\u0119 w\u00a0<a href=\"https:\/\/weszlo.com\/2024\/12\/28\/ktore-reprezentacje-zawiodly-najbardziej-w-2024-roku\/\" rel=\"nofollow noopener\" target=\"_blank\">podobnym zestawieniu tak\u017ce za\u00a02024 rok<\/a>.<\/p>\n<p>Wydaje si\u0119, \u017ce\u00a0od\u00a0kilku lat wiadomo ju\u017c, \u017ce\u00a0portugalski szkoleniowiec nie\u00a0wnosi nic pozytywnego do\u00a0dru\u017cyn, kt\u00f3re prowadzi, ale\u00a0wci\u0105\u017c jeszcze zdarzaj\u0105 si\u0119 prezesi narodowych federacji, kt\u00f3rzy\u00a0si\u0119 na\u00a0niego nabieraj\u0105.<\/p>\n<p><img decoding=\"async\" class=\"size-medium_large wp-image-1393173\" src=\"https:\/\/www.europesays.com\/pl\/wp-content\/uploads\/2025\/12\/santos-768x512.jpg\" alt=\"\" width=\"768\" height=\"512\" loading=\"lazy\"  \/><\/p>\n<p>Katar z\u00a048. na\u00a054. miejsce w\u00a0rankingu FIFA<\/p>\n<p>Azjatycka nominacja trafia troch\u0119 nietypowo do\u00a0Kataru, bo\u00a0przecie\u017c ostatecznie awansowa\u0142 on\u00a0na\u00a0mundial pierwszy raz w\u00a0historii. Cztery lata temu gra\u0142 na\u00a0nim bowiem jako gospodarz.<\/p>\n<p>Wi\u0119kszo\u015b\u0107 roboty zosta\u0142a jednak wykonana w\u00a02024 roku. W\u00a0ostatnich dwunastu miesi\u0105cach Katar wygra\u0142 bowiem tylko\u00a0trzy spotkania: z\u00a0outsiderami z\u00a0Korei P\u00f3\u0142nocnej, sensacyjnie z\u00a0Iranem i\u00a0w\u00a0meczu ostatniej szansy ze\u00a0Zjednoczonymi Emiratami Arabskimi.<\/p>\n<p>Poza tym przegra\u0142 nawet z\u00a0Kirgistanem, Libanem, Zimbabwe, a\u00a0na\u00a0Pucharze Narod\u00f3w Arabskich z\u00a0Palestyn\u0105 i\u00a0Tunezj\u0105 oraz\u00a0zremisowa\u0142 z\u00a0Syri\u0105. Skoro na\u00a0swoich boiskach trzy lata temu Katar nie\u00a0zdoby\u0142 nawet punktu, to\u00a0czego spodziewa\u0107 si\u0119 po\u00a0wyst\u0119pach w\u00a0grupie z\u00a0Kanad\u0105, Szwajcari\u0105 i\u00a0by\u0107 mo\u017ce z\u00a0W\u0142ochami?<\/p>\n<p>Fatalnie spisywa\u0142 si\u0119 tak\u017ce s\u0105siedni Bahrajn, kt\u00f3ry\u00a0typowany do\u00a0bara\u017cy, nie\u00a0potrafi\u0142 wygra\u0107 nawet z\u00a0Indonezj\u0105 ani Chinami i\u00a0zaj\u0105\u0142 ostatnie miejsce w\u00a0grupie.<\/p>\n<p>Fid\u017ci ze\u00a0148. na\u00a0155. miejsce w\u00a0rankingu FIFA<\/p>\n<p>Musi si\u0119 znale\u017a\u0107 miejsce tak\u017ce dla odrobiny egzotyki.<\/p>\n<p>Jak\u017ce mog\u0142oby by\u0107 inaczej, skoro dru\u017cyna, kt\u00f3ra\u00a0w\u00a02024 roku wygra\u0142a siedem spotka\u0144, trafi\u0142a trzydzie\u015bci dwa razy do\u00a0siatki rywali i\u00a0by\u0142a do\u015b\u0107 bliska awansu do\u00a0bara\u017cy interkontynentalnych ze\u00a0strefy Oceanii, w\u00a0ostatnich dwunastu miesi\u0105cach strzeli\u0142a jedn\u0105 bramk\u0119.<\/p>\n<p>Jeszcze rok temu potrafi\u0142a zremisowa\u0107 z\u00a0Hongkongiem, by\u00a0teraz przegra\u0107 z\u00a0nim 0:8. Poleg\u0142a nawet w\u00a0starciach z\u00a0przeci\u0119tnymi dru\u017cynami ze\u00a0swojego kontynentu, a\u00a0szans\u0119 na\u00a0pierwszy w\u00a02025 roku mecz bez\u00a0pora\u017cki zaprzepa\u015bci\u0142 huragan, kt\u00f3ry\u00a0przerwa\u0142 miesi\u0105c temu spotkanie Fid\u017ci z\u00a0Wyspami Salomona.<\/p>\n<p>Efektem tych wynik\u00f3w jest najwi\u0119kszy spadek w\u00a0rankingu Elo spo\u015br\u00f3d wszystkich reprezentacji na\u00a0\u015bwiecie.<\/p>\n<p>Odbi\u0107 si\u0119 od\u00a0dna<\/p>\n<p>Trudno znale\u017a\u0107 powa\u017cne zaskoczenie negatywne w\u00a0Azji, skoro sze\u015b\u0107 najwy\u017cej notowanych dru\u017cyn awansowa\u0142o w\u00a0komplecie na\u00a0mundial, a\u00a0si\u00f3dma \u2013 Irak, zagra w\u00a0bara\u017cach interkontynentalnych.<\/p>\n<p>Podobnie jest w\u00a0Ameryce Po\u0142udniowej, w\u00a0kt\u00f3rej\u00a0Peru i\u00a0Chile zawali\u0142y spraw\u0119 ju\u017c wcze\u015bniej, a\u00a02025 rok by\u0142 jedynie przypiecz\u0119towaniem braku ich awansu. W\u00a0Afryce najbardziej zawiod\u0142y Gwinea R\u00f3wnikowa, Tanzania i\u00a0Mozambik, ale\u00a0brak tej\u00a0tr\u00f3jki na\u00a0mundialu dla nikogo nie\u00a0jest sensacj\u0105. Nigeria spraw\u0119 bezpo\u015bredniej kwalifikacji pokpi\u0142a ju\u017c w\u00a0zesz\u0142ym roku.<\/p>\n<p>Zbiorow\u0105 nominacj\u0119 mog\u0142yby te\u017c otrzyma\u0107 pa\u0144stwa Ameryki \u015arodkowej, kt\u00f3re potrafi\u0142y dosta\u0107 si\u0119 na\u00a0mundial, gdy\u00a0musia\u0142y o\u00a0to\u00a0walczy\u0107 z\u00a0Meksykiem, USA i\u00a0Kanad\u0105, a\u00a0gry tr\u00f3jki gospodarzy zabrak\u0142o w\u00a0eliminacjach, to\u00a0Salwador, Honduras i\u00a0Kostaryka nie\u00a0dosta\u0142y si\u0119 nawet do\u00a0bara\u017cy o\u00a0awans. Salwador zaliczy\u0142 najmocniejszy spadek w\u00a0rankingu FIFA \u2013 a\u017c\u00a0o\u00a0siedemna\u015bcie pozycji.<\/p>\n<p>Pocieszeniem dla bohater\u00f3w dzisiejszego tekstu mo\u017ce by\u0107 fakt, \u017ce\u00a0po\u00a0tym, jak w\u00a0podobnym zestawieniu dwa razy z\u00a0rz\u0119du znalaz\u0142a si\u0119 Bo\u015bnia, dzi\u015b jest ju\u017c w\u015br\u00f3d najwi\u0119kszych zaskocze\u0144 pozytywnych. Trzeba potrafi\u0107 odbi\u0107 si\u0119 od\u00a0dna.<\/p>\n<p>CZYTAJ WI\u0118CEJ NA\u00a0WESZ\u0141O:<\/p>\n<p>Fot.\u00a0Newspix.pl<\/p>\n","protected":false},"excerpt":{"rendered":"Najwi\u0119ksze reprezentacyjne wpadki 2025 roku trzeba zacz\u0105\u0107 od\u00a0Szwed\u00f3w, kt\u00f3rzy\u00a0zaliczyli najbardziej nieudane eliminacje w\u00a0ca\u0142ej swojej historii. Niezadowoleni z\u00a0ostatnich dwunastu&hellip;\n","protected":false},"author":2,"featured_media":174009,"comment_status":"","ping_status":"","sticky":false,"template":"","format":"standard","meta":{"footnotes":""},"categories":[24],"tags":[34155,42,38,40,39,41,466,34156,13649,34157,12824,12457,12265,13556,13024,127,126],"class_list":{"0":"post-174008","1":"post","2":"type-post","3":"status-publish","4":"format-standard","5":"has-post-thumbnail","7":"category-sport","8":"tag-fidzi","9":"tag-pl","10":"tag-poland","11":"tag-polish","12":"tag-polska","13":"tag-polski","14":"tag-reprezentacja-azerbejdzanu","15":"tag-reprezentacja-czarnogory","16":"tag-reprezentacja-kataru","17":"tag-reprezentacja-moldawii","18":"tag-reprezentacja-niemiec","19":"tag-reprezentacja-rumunii","20":"tag-reprezentacja-szwecji","21":"tag-reprezentacja-wegier","22":"tag-reprezentacja-wloch","23":"tag-sport","24":"tag-sports"},"share_on_mastodon":{"url":"https:\/\/pubeurope.com\/@pl\/115792227204610695","error":""},"_links":{"self":[{"href":"https:\/\/www.europesays.com\/pl\/wp-json\/wp\/v2\/posts\/174008","targetHints":{"allow":["GET"]}}],"collection":[{"href":"https:\/\/www.europesays.com\/pl\/wp-json\/wp\/v2\/posts"}],"about":[{"href":"https:\/\/www.europesays.com\/pl\/wp-json\/wp\/v2\/types\/post"}],"author":[{"embeddable":true,"href":"https:\/\/www.europesays.com\/pl\/wp-json\/wp\/v2\/users\/2"}],"replies":[{"embeddable":true,"href":"https:\/\/www.europesays.com\/pl\/wp-json\/wp\/v2\/comments?post=174008"}],"version-history":[{"count":0,"href":"https:\/\/www.europesays.com\/pl\/wp-json\/wp\/v2\/posts\/174008\/revisions"}],"wp:featuredmedia":[{"embeddable":true,"href":"https:\/\/www.europesays.com\/pl\/wp-json\/wp\/v2\/media\/174009"}],"wp:attachment":[{"href":"https:\/\/www.europesays.com\/pl\/wp-json\/wp\/v2\/media?parent=174008"}],"wp:term":[{"taxonomy":"category","embeddable":true,"href":"https:\/\/www.europesays.com\/pl\/wp-json\/wp\/v2\/categories?post=174008"},{"taxonomy":"post_tag","embeddable":true,"href":"https:\/\/www.europesays.com\/pl\/wp-json\/wp\/v2\/tags?post=174008"}],"curies":[{"name":"wp","href":"https:\/\/api.w.org\/{rel}","templated":true}]}}