{"id":174198,"date":"2025-12-27T17:22:09","date_gmt":"2025-12-27T17:22:09","guid":{"rendered":"https:\/\/www.europesays.com\/pl\/174198\/"},"modified":"2025-12-27T17:22:09","modified_gmt":"2025-12-27T17:22:09","slug":"hiszpania-nowe-informacje-o-zatrzymanych-w-elche-polakach","status":"publish","type":"post","link":"https:\/\/www.europesays.com\/pl\/174198\/","title":{"rendered":"Hiszpania. Nowe informacje o zatrzymanych w Elche Polakach"},"content":{"rendered":"<ul class=\"typography ids-typeset-body ids-typeset-body--preset-large list ids-list ids-list--unordered ids-list--size-large \" datatype=\"disc\">\n<li class=\"ids-list-item\">\n<p>Dw\u00f3ch Polak\u00f3w oskar\u017conych o zab\u00f3jstwo Niemc\u00f3w w Elche zosta\u0142o wcze\u015bniej kilkukrotnie zatrzymanych przez policj\u0119 &#8211; donosz\u0105 media.<\/p>\n<\/li>\n<li class=\"ids-list-item\">\n<p>Polacy zachowywali si\u0119 agresywnie wobec funkcjonariuszy i zabarykadowali si\u0119 w willi po pope\u0142nieniu zbrodni.<\/p>\n<\/li>\n<li class=\"ids-list-item\">\n<p>Problem nielegalnego zajmowania nieruchomo\u015bci trwa w Hiszpanii od lat, co budzi obawy spo\u0142eczne i wywo\u0142uje debat\u0119 nad zmian\u0105 przepis\u00f3w.<\/p>\n<\/li>\n<li class=\"ids-list-item\">Wi\u0119cej wa\u017cnych informacji znajdziesz na <a class=\"ids-undecorated-link link ids-link link\" href=\"https:\/\/www.interia.pl\/#utm_source=wydarzenia&amp;utm_medium=bullet&amp;utm_campaign=powrot_z_wew&amp;iwa_source=bullet\" target=\"_blank\" rel=\"nofollow noopener\">stronie g\u0142\u00f3wnej Interii<\/a><\/li>\n<\/ul>\n<p class=\"typography ids-typeset-body ids-typeset-body--preset-large link paragraph ids-paragraph ids-paragraph--default\">Jak informowa\u0142y wcze\u015bniej hiszpa\u0144skie media, dw\u00f3ch Polak\u00f3w w wieku 19 i 35 lat, kt\u00f3rzy byli ju\u017c wcze\u015bniej notowani przez policj\u0119, pobi\u0142o ze skutkiem \u015bmiertelnym dw\u00f3ch obywateli <a href=\"https:\/\/wydarzenia.interia.pl\/tematy-niemcy,gsbi,2629\" rel=\"nofollow noopener\" target=\"_blank\">Niemiec<\/a> w wieku 50 i 62 lat.<\/p>\n<p class=\"typography ids-typeset-body ids-typeset-body--preset-large link paragraph ids-paragraph ids-paragraph--default\">Do pobicia mia\u0142o doj\u015b\u0107, gdy ci pr\u00f3bowali ich zmusi\u0107 do opuszczenia nielegalnie zajmowanego budynku w miejscowo\u015bci La Marina niedaleko Elche we wschodniej <a href=\"https:\/\/wydarzenia.interia.pl\/tematy-hiszpania,gsbi,3389\" rel=\"nofollow noopener\" target=\"_blank\">Hiszpanii<\/a>. Trzeci z m\u0119\u017cczyzn trafi\u0142 do szpitala.<\/p>\n<p class=\"typography ids-typeset-body ids-typeset-body--preset-large link paragraph ids-paragraph ids-paragraph--default\">&#8222;El Debate&#8221; pisze, \u017ce Polacy byli wcze\u015bniej zatrzymywani, a podczas pobytu w areszcie obra\u017cali funkcjonariuszy i pluli na nich, a mimo to zostali wypuszczeni na wolno\u015b\u0107. Tydzie\u0144 przed poniedzia\u0142kowym zab\u00f3jstwem m\u0119\u017cczy\u017ani zostali zatrzymani za napad na salon samochodowy.<\/p>\n<p>Hiszpania. Nowe szczeg\u00f3\u0142y na temat zatrzymanych Polak\u00f3w<\/p>\n<p class=\"typography ids-typeset-body ids-typeset-body--preset-large link paragraph ids-paragraph ids-paragraph--default\">Kobieta, kt\u00f3ra by\u0142a \u015bwiadkiem wynoszenia zw\u0142ok, zawiadomi\u0142a \u017candarmeri\u0119 (Guardia Civil).<\/p>\n<p class=\"typography ids-typeset-body ids-typeset-body--preset-large link paragraph ids-paragraph ids-paragraph--default\">&#8222;Funkcjonariusz, kt\u00f3ry odebra\u0142 telefon z pro\u015bb\u0105 o pomoc, pomy\u015bla\u0142, \u017ce to \u017cart. To, co opisywa\u0142a \u015bwiadek, bardziej przypomina\u0142o film o mafii ni\u017c rzeczywisto\u015b\u0107&#8221; &#8211; napisa\u0142 hiszpa\u0144ski dziennik.<\/p>\n<p class=\"typography ids-typeset-body ids-typeset-body--preset-large link paragraph ids-paragraph ids-paragraph--default\">Kiedy Polacy zorientowali si\u0119, \u017ce ich czyn zosta\u0142 odkryty, zabarykadowali si\u0119 w zajmowanej willi, z kt\u00f3rej funkcjonariusze wyprowadzili ich dopiero po blisko 20 godzinach, we wtorek.<\/p>\n<p class=\"typography ids-typeset-body ids-typeset-body--preset-large link paragraph ids-paragraph ids-paragraph--default\">&#8211; Wejd\u017acie, je\u015bli macie odwag\u0119, czekamy na was &#8211; wykrzykiwali do mundurowych. Wed\u0142ug &#8222;El Debate&#8221; zachowywali si\u0119 wyzywaj\u0105co i nie reagowali na wycelowan\u0105 w nich bro\u0144 oraz wezwania, aby po\u0142o\u017cyli si\u0119 na ziemi.<\/p>\n<p class=\"typography ids-typeset-body ids-typeset-body--preset-large link paragraph ids-paragraph ids-paragraph--default\">Do zbrodni dosz\u0142o niedaleko Elche, miasta po\u0142o\u017conego na wybrze\u017cu Costa Blanca. To popularny kierunek turystyczny, r\u00f3wnie\u017c w\u015br\u00f3d Polak\u00f3w. Jak donosi prasa, w\u0142a\u015bcicielem zaj\u0119tej willi jest Niemiec, kt\u00f3ry poprosi\u0142 swoich rodak\u00f3w o usuni\u0119cie dzikich lokator\u00f3w (hiszp. okupas).<\/p>\n<p class=\"typography ids-typeset-body ids-typeset-body--preset-large link paragraph ids-paragraph ids-paragraph--default\">Zjawisko nielegalnego zajmowania pustych mieszka\u0144 jest problemem w Hiszpanii od lat. Nasili\u0142o si\u0119 szczeg\u00f3lnie po kryzysie finansowym 2008 r., kt\u00f3ry mocno uderzy\u0142 w Hiszpani\u0119. W kwietniu br. wprowadzono w kraju nowe przepisy prawa mieszkaniowego, kt\u00f3re maj\u0105 ograniczy\u0107 to zjawisko.<\/p>\n<p>Elche w Hiszpani. &#8222;El Debate&#8221;: Zatrzymani Polacy obra\u017cali funkcjonariuszy<\/p>\n<p class=\"typography ids-typeset-body ids-typeset-body--preset-large link paragraph ids-paragraph ids-paragraph--default\">Z sonda\u017cu przeprowadzonego na pocz\u0105tku roku przez o\u015brodek GAD3 wynika, \u017ce ponad 80 proc. spo\u0142ecze\u0144stwa, w tym wi\u0119kszo\u015b\u0107 wyborc\u00f3w wszystkich g\u0142\u00f3wnych partii politycznych, popar\u0142o dzia\u0142ania przeciwko okupas.<\/p>\n<p class=\"typography ids-typeset-body ids-typeset-body--preset-large link paragraph ids-paragraph ids-paragraph--default\">Burmistrz Elche Pablo Ruz z centroprawicowej Partii Ludowej (PP) poinformowa\u0142, \u017ce Polacy byli wcze\u015bniej trzykrotnie zatrzymywani przez s\u0142u\u017cby, jednak szybko ich wypuszczano w zwi\u0105zku z &#8222;niedoskona\u0142o\u015bciami systemu wynikaj\u0105cych z \u0142agodno\u015bci prawa&#8221;.<\/p>\n<p class=\"typography ids-typeset-body ids-typeset-body--preset-large link paragraph ids-paragraph ids-paragraph--default\">&#8211; Pomimo aresztowania pozostawali na wolno\u015bci, co jest niezwykle powa\u017cn\u0105 spraw\u0105. Pokazuje to, \u017ce zar\u00f3wno przepisy, jak i osoby odpowiedzialne za ich egzekwowanie ewidentnie zawodz\u0105 &#8211; powiedzia\u0142 Ruz, cytowany przez hiszpa\u0144ski portal Infobae.<\/p>\n<p class=\"typography ids-typeset-body ids-typeset-body--preset-large link paragraph ids-paragraph ids-paragraph--default\">Jak doda\u0142 burmistrz, w Elche powinno powsta\u0107 biuro ds. zwalczania przypadk\u00f3w nielegalnego zajmowania mieszka\u0144.<\/p>\n<p class=\"typography ids-typeset-body ids-typeset-body--preset-large link paragraph ids-paragraph ids-paragraph--default\">Polacy us\u0142yszeli w \u015brod\u0119 zarzuty zab\u00f3jstwa dw\u00f3ch os\u00f3b i usi\u0142owanie zab\u00f3jstwa trzeciej. S\u0105d w Elche utajni\u0142 spraw\u0119, nakazuj\u0105c tymczasowe aresztowanie Polak\u00f3w bez mo\u017cliwo\u015bci zwolnienia za kaucj\u0105.<\/p>\n<p>&#8222;Wydarzenia&#8221;: &#8222;To nasza w\u0142asno\u015b\u0107&#8221;. Rosjanie nie chc\u0105 odda\u0107 kluczy gda\u0144skim urz\u0119dnikomPolsat News<\/p>\n<p><a class=\"ids-undecorated-link source ids-page-info--source__link\" href=\"https:\/\/p.iplsc.com\/-\/000L0SCEGA4O3ESS.pdf\" rel=\"nofollow noopener\" target=\"_blank\"><img decoding=\"async\" class=\"ids-image-holder__img\" loading=\"lazy\" alt=\"\" title=\"\" height=\"24px\" src=\"https:\/\/www.europesays.com\/pl\/wp-content\/uploads\/2025\/12\/1766553730_818_0009A6098CYXTC6T-C202-F4.webp.webp\"\/><\/a><\/p>\n<p>Masz sugestie, uwagi albo widzisz b\u0142\u0105d? Napisz do nas<\/p>\n","protected":false},"excerpt":{"rendered":"Dw\u00f3ch Polak\u00f3w oskar\u017conych o zab\u00f3jstwo Niemc\u00f3w w Elche zosta\u0142o wcze\u015bniej kilkukrotnie zatrzymanych przez policj\u0119 &#8211; donosz\u0105 media. Polacy&hellip;\n","protected":false},"author":2,"featured_media":174199,"comment_status":"","ping_status":"","sticky":false,"template":"","format":"standard","meta":{"footnotes":""},"categories":[5],"tags":[32,33,36,37,27,34,35,28,31,25,42,38,40,39,41,29,30,26],"class_list":{"0":"post-174198","1":"post","2":"type-post","3":"status-publish","4":"format-standard","5":"has-post-thumbnail","7":"category-naglowki","8":"tag-breaking-news","9":"tag-breakingnews","10":"tag-featured-news","11":"tag-featurednews","12":"tag-headlines","13":"tag-latest-news","14":"tag-latestnews","15":"tag-naglowki","16":"tag-najwazniejsze-artykuly","17":"tag-news","18":"tag-pl","19":"tag-poland","20":"tag-polish","21":"tag-polska","22":"tag-polski","23":"tag-top-stories","24":"tag-topstories","25":"tag-wiadomosci"},"share_on_mastodon":{"url":"https:\/\/pubeurope.com\/@pl\/115792691565642946","error":""},"_links":{"self":[{"href":"https:\/\/www.europesays.com\/pl\/wp-json\/wp\/v2\/posts\/174198","targetHints":{"allow":["GET"]}}],"collection":[{"href":"https:\/\/www.europesays.com\/pl\/wp-json\/wp\/v2\/posts"}],"about":[{"href":"https:\/\/www.europesays.com\/pl\/wp-json\/wp\/v2\/types\/post"}],"author":[{"embeddable":true,"href":"https:\/\/www.europesays.com\/pl\/wp-json\/wp\/v2\/users\/2"}],"replies":[{"embeddable":true,"href":"https:\/\/www.europesays.com\/pl\/wp-json\/wp\/v2\/comments?post=174198"}],"version-history":[{"count":0,"href":"https:\/\/www.europesays.com\/pl\/wp-json\/wp\/v2\/posts\/174198\/revisions"}],"wp:featuredmedia":[{"embeddable":true,"href":"https:\/\/www.europesays.com\/pl\/wp-json\/wp\/v2\/media\/174199"}],"wp:attachment":[{"href":"https:\/\/www.europesays.com\/pl\/wp-json\/wp\/v2\/media?parent=174198"}],"wp:term":[{"taxonomy":"category","embeddable":true,"href":"https:\/\/www.europesays.com\/pl\/wp-json\/wp\/v2\/categories?post=174198"},{"taxonomy":"post_tag","embeddable":true,"href":"https:\/\/www.europesays.com\/pl\/wp-json\/wp\/v2\/tags?post=174198"}],"curies":[{"name":"wp","href":"https:\/\/api.w.org\/{rel}","templated":true}]}}