{"id":174212,"date":"2025-12-27T17:30:10","date_gmt":"2025-12-27T17:30:10","guid":{"rendered":"https:\/\/www.europesays.com\/pl\/174212\/"},"modified":"2025-12-27T17:30:10","modified_gmt":"2025-12-27T17:30:10","slug":"juz-nie-jest-drugim-bramkarzem","status":"publish","type":"post","link":"https:\/\/www.europesays.com\/pl\/174212\/","title":{"rendered":"Ju\u017c nie jest drugim bramkarzem"},"content":{"rendered":"\n<p class=\"contentpart contentpart--default contentpart--text\" data-position=\"0\"><a href=\"https:\/\/sportowefakty.wp.pl\/pilka-nozna\/wojciech-szczesny\" rel=\"nofollow noopener\" target=\"_blank\">Wojciech Szcz\u0119sny<\/a>\u00a0by\u0142 w tym sezonie pierwszym rezerwowym, numerem dwa w bramce\u00a0<a href=\"https:\/\/sportowefakty.wp.pl\/pilka-nozna\/fc-barcelona\" rel=\"nofollow noopener\" target=\"_blank\">FC Barcelony<\/a>. Pod koniec roku polski golkiper wskoczy\u0142 nawet do podstawowego sk\u0142adu pod nieobecno\u015b\u0107 <a href=\"https:\/\/sportowefakty.wp.pl\/tenis\/joan-garcia\" rel=\"nofollow noopener\" target=\"_blank\">Joana Garcii<\/a>, kt\u00f3ry przez jaki\u015b czas leczy\u0142 uraz.<\/p>\n<p class=\"contentpart contentpart--default contentpart--text\" data-position=\"1\">Teraz jednak hierarchia w dru\u017cynie niespodziewanie mia\u0142a ulec zmianie, bo&#8230; do zdrowia wr\u00f3ci\u0142 Niemiec <a href=\"https:\/\/sportowefakty.wp.pl\/pilka-nozna\/marc-andre-ter-stegen\" rel=\"nofollow noopener\" target=\"_blank\">Marc-Andre ter Stegen<\/a>.<\/p>\n<p> <img role=\"presentation\" src=\"https:\/\/std.wpcdn.pl\/images\/adv\/placeholder_wp.svg\" loading=\"lazy\" alt=\"\" decoding=\"async\"\/>  <\/p>\n<p class=\"contentpart contentpart--default contentpart--text\" data-position=\"2\">ZOBACZ WIDEO: Boruc szczerze o \u017cyciu po karierze. &#8222;Problematyczny pocz\u0105tek&#8221;<\/p>\n<p class=\"contentpart contentpart--default contentpart--text\" data-position=\"4\">Jak podaje sensacyjnie Cadena SER, obecnie to 33-letni ter Stegen jest drugi w kolejce do gry po Garcii. Tak\u0105 decyzj\u0119 podj\u0105\u0142 <a href=\"https:\/\/sportowefakty.wp.pl\/pilka-nozna\/hansi-flick\" rel=\"nofollow noopener\" target=\"_blank\">Hansi Flick<\/a>.<\/p>\n<p class=\"contentpart contentpart--default contentpart--text\" data-position=\"5\">&#8222;Tym samym uleg\u0142a zmianie hierarchia bramkarzy katalo\u0144skiego zespo\u0142u. Po Garcii 'dw\u00f3jk\u0105&#8217; jest Niemiec, a dopiero p\u00f3\u017aniej Szcz\u0119sny&#8221; &#8211; twierdz\u0105 hiszpa\u0144scy dziennikarze.<\/p>\n<p class=\"contentpart contentpart--default contentpart--text\" data-position=\"6\">Cadena SER donosi r\u00f3wnie\u017c, \u017ce niemiecki bramkarz, mimo swojej obecnej pozycji w klubie, nie jest obsesyjnie nastawiony na wyst\u0119p w M\u015a 2026 ani na zwi\u0119kszenie liczby rozgrywanych minut.<\/p>\n<p> <img role=\"presentation\" src=\"https:\/\/std.wpcdn.pl\/images\/adv\/placeholder_wp.svg\" loading=\"lazy\" alt=\"\" decoding=\"async\"\/>  <\/p>\n<p class=\"contentpart contentpart--default contentpart--text\" data-position=\"7\">Ter Stegen mia\u0142by opu\u015bci\u0107 Dum\u0119 Katalonii tylko w przypadku znalezienia zespo\u0142u, kt\u00f3ry odpowiada\u0142by jego wysokiemu poziomowi sportowemu.<\/p>\n<p class=\"contentpart contentpart--default contentpart--text\" data-position=\"8\">Zainteresowanie wypo\u017cyczeniem zawodnika wyrazi\u0142a <a href=\"https:\/\/sportowefakty.wp.pl\/pilka-nozna\/girona-fc\" rel=\"nofollow noopener\" target=\"_blank\">Girona FC<\/a>, jednak klub ten boryka si\u0119 z problemami finansowymi i nie jest w stanie pokry\u0107 w ca\u0142o\u015bci wysokiego wynagrodzenia 42-krotnego reprezentanta Niemiec.<\/p>\n<p class=\"contentpart contentpart--default contentpart--text\" data-position=\"9\">Ter Stegen wr\u00f3ci\u0142 na boisko po siedmiomiesi\u0119cznej przerwie spowodowanej operacj\u0105 plec\u00f3w, kt\u00f3rej podda\u0142 si\u0119 latem. Zosta\u0142 w\u0142\u0105czony do kadry meczowej na spotkanie Ligi Mistrz\u00f3w przeciwko Eintrachtowi Frankfurt (2:1) 9 grudnia 2025 roku.<\/p>\n<p class=\"contentpart contentpart--default contentpart--text\" data-position=\"10\">Nast\u0119pnie, 16 grudnia, powr\u00f3ci\u0142 do pierwszego sk\u0142adu w pojedynku Copa del Rey przeciwko Guadalajarze (2:0).<\/p>\n","protected":false},"excerpt":{"rendered":"Wojciech Szcz\u0119sny\u00a0by\u0142 w tym sezonie pierwszym rezerwowym, numerem dwa w bramce\u00a0FC Barcelony. Pod koniec roku polski golkiper wskoczy\u0142&hellip;\n","protected":false},"author":2,"featured_media":174213,"comment_status":"","ping_status":"","sticky":false,"template":"","format":"standard","meta":{"footnotes":""},"categories":[24],"tags":[272,14840,2600,267,1875,5761,295,269,42,38,40,39,41,127,126,1876],"class_list":{"0":"post-174212","1":"post","2":"type-post","3":"status-publish","4":"format-standard","5":"has-post-thumbnail","7":"category-sport","8":"tag-fc-barcelona","9":"tag-girona-fc","10":"tag-hansi-flick","11":"tag-hiszpania","12":"tag-joan-garcia","13":"tag-marc-andre-ter-stegen","14":"tag-niemcy","15":"tag-pilka-nozna","16":"tag-pl","17":"tag-poland","18":"tag-polish","19":"tag-polska","20":"tag-polski","21":"tag-sport","22":"tag-sports","23":"tag-wojciech-szczesny"},"share_on_mastodon":{"url":"https:\/\/pubeurope.com\/@pl\/115792723033848240","error":""},"_links":{"self":[{"href":"https:\/\/www.europesays.com\/pl\/wp-json\/wp\/v2\/posts\/174212","targetHints":{"allow":["GET"]}}],"collection":[{"href":"https:\/\/www.europesays.com\/pl\/wp-json\/wp\/v2\/posts"}],"about":[{"href":"https:\/\/www.europesays.com\/pl\/wp-json\/wp\/v2\/types\/post"}],"author":[{"embeddable":true,"href":"https:\/\/www.europesays.com\/pl\/wp-json\/wp\/v2\/users\/2"}],"replies":[{"embeddable":true,"href":"https:\/\/www.europesays.com\/pl\/wp-json\/wp\/v2\/comments?post=174212"}],"version-history":[{"count":0,"href":"https:\/\/www.europesays.com\/pl\/wp-json\/wp\/v2\/posts\/174212\/revisions"}],"wp:featuredmedia":[{"embeddable":true,"href":"https:\/\/www.europesays.com\/pl\/wp-json\/wp\/v2\/media\/174213"}],"wp:attachment":[{"href":"https:\/\/www.europesays.com\/pl\/wp-json\/wp\/v2\/media?parent=174212"}],"wp:term":[{"taxonomy":"category","embeddable":true,"href":"https:\/\/www.europesays.com\/pl\/wp-json\/wp\/v2\/categories?post=174212"},{"taxonomy":"post_tag","embeddable":true,"href":"https:\/\/www.europesays.com\/pl\/wp-json\/wp\/v2\/tags?post=174212"}],"curies":[{"name":"wp","href":"https:\/\/api.w.org\/{rel}","templated":true}]}}