{"id":174214,"date":"2025-12-27T17:31:12","date_gmt":"2025-12-27T17:31:12","guid":{"rendered":"https:\/\/www.europesays.com\/pl\/174214\/"},"modified":"2025-12-27T17:31:12","modified_gmt":"2025-12-27T17:31:12","slug":"anna-wendzikowska-sie-zareczy%c2%b3a-pokaza%c2%b3a-pier%c2%b6cionek-to-wyjawi%c2%b3a-o-zwi%c2%b1zku","status":"publish","type":"post","link":"https:\/\/www.europesays.com\/pl\/174214\/","title":{"rendered":"Anna Wendzikowska si\u00ea zar\u00eaczy\u00b3a! Pokaza\u00b3a pier\u00b6cionek. To wyjawi\u00b3a o zwi\u00b1zku"},"content":{"rendered":"<p class=\"art_paragraph\"><a href=\"https:\/\/www.plotek.pl\/anna-wendzikowska\" class=\"art_link\" rel=\"nofollow noopener\" target=\"_blank\">Anna Wendzikowska<\/a> przez lata raczej nie mia\u0142a szcz\u0119\u015bcia w mi\u0142o\u015bci. Przez trzy lata by\u0142a \u017con\u0105 Christophera Combe&#8217;a. P\u00f3\u017aniej by\u0142a zar\u0119czona z Patrykiem Ignaczakiem, z kt\u00f3rym doczeka\u0142a si\u0119 c\u00f3rki Kornelii. Gwiazda pozostawa\u0142a r\u00f3wnie\u017c w zwi\u0105zku z <a href=\"https:\/\/www.plotek.pl\/jan-bazyl#anchorLink\" rel=\"nofollow noopener\" target=\"_blank\">Janem Bazylem<\/a> &#8211; para ma razem c\u00f3rk\u0119 Antonin\u0119. Relacja zako\u0144czy\u0142a si\u0119 jednak w 2020 roku. Od tego czasu dziennikarka skupia\u0142a si\u0119 na dzieciach i samorozwoju. Teraz og\u0142osi\u0142a, \u017ce si\u0119 zar\u0119czy\u0142a.\u00a0<\/p>\n<p>\n    Zobacz wideo Czy Anna Wendzikowska jest gotowa na mi\u0142o\u015b\u0107? &#8222;Moje standardy si\u0119 podwy\u017cszy\u0142y&#8221;\n  <\/p>\n<p> Anna Wendzikowska og\u0142asza, \u017ce si\u0119 zar\u0119czy\u0142a. To m\u00f3wi o nowej relacji\u00a0<\/p>\n<p class=\"art_paragraph\">Od d\u0142u\u017cszego czasu <a href=\"https:\/\/www.plotek.pl\/anna-wendzikowska#anchorLink\" rel=\"nofollow noopener\" target=\"_blank\">Wendzikowska<\/a> po\u015bwi\u0119ca\u0142a czas przede wszystkim na piel\u0119gnowanie relacji z c\u00f3rkami. Teraz okazuje si\u0119, \u017ce jest szcz\u0119\u015bliwie zakochana. W\u0142a\u015bnie si\u0119 zar\u0119czy\u0142a, czym pochwali\u0142a si\u0119 poprzez InstaStories. &#8222;A tak\u017ce&#8230; to si\u0119 wydarzy\u0142o&#8221; &#8211; napisa\u0142a, publikuj\u0105c zdj\u0119cie pier\u015bcionka. W rozmowie z portalem Kozaczek wyjawi\u0142a prawd\u0119 o relacji. &#8211; Nie bez powodu te prawie\u00a0sze\u015b\u0107 lat sp\u0119dzi\u0142am, m\u00f3wi\u0105c &#8222;nie&#8221; r\u00f3\u017cnym potencjalnym relacjom. A domy\u015blasz si\u0119 pewnie, \u017ce na brak zainteresowania raczej nie cierpi\u0119, wi\u0119c wiele razy m\u00f3wi\u0142am &#8222;nie&#8221; &#8211; przyzna\u0142a. &#8211; Po to, \u017ceby powiedzie\u0107 &#8222;tak&#8221; w momencie, kiedy naprawd\u0119 co\u015b poczuj\u0119, raz poczuj\u0119 g\u0142\u0119boko, a dwa b\u0119dzie si\u0119 to zgadza\u0142o z moimi warto\u015bciami i b\u0119dzie si\u0119 to zgadza\u0142o te\u017c z moim poziomem \u015bwiadomo\u015bci i dojrza\u0142o\u015bci &#8211; <a href=\"https:\/\/www.plotek.pl\/doda#anchorLink\" rel=\"nofollow noopener\" target=\"_blank\">doda\u00b3a<\/a>.\u00a0<\/p>\n<p class=\"art_paragraph\">Nast\u0119pnie celebrytka wyjawi\u0142a, czego oczekuje od relacji z partnerem. &#8211; Ja chc\u0119 nie tylko kogo\u015b kocha\u0107, ale te\u017c go lubi\u0107, szanowa\u0107 i podziwia\u0107, i mie\u0107 dla tej drugiej osoby, i mie\u0107 od tej drugiej osoby du\u017co &#8211; przekaza\u0142a Wendzikowska. &#8211; Chyba czu\u0142o\u015b\u0107 to jest takie s\u0142owo, kt\u00f3re jest kluczowe i kt\u00f3re bardzo pomaga budowa\u0107 relacje. Takie mi\u0119kkie serce dla czyich\u015b s\u0142abo\u015bci, dla czyich\u015b gorszych moment\u00f3w, bo to jest co\u015b, co bardzo pomaga, rozmi\u0119kcza, powoduje, \u017ce to jest relacja inna ni\u017c wszystkie, a ona musi by\u0107 &#8211; podkre\u015bli\u0142a na koniec.\u00a0<\/p>\n<p> Anna Wendzikowska o relacji z by\u0142ym partnerem. Wyjawi\u0142a, jak si\u0119 dzi\u015b dogaduj\u0105<\/p>\n<p class=\"art_paragraph\">W rozmowie z &#8222;Faktem&#8221; Wendzikowska wr\u00f3ci\u0142a do momentu porodu drugiej c\u00f3rki. Otrzyma\u0142a w\u00f3wczas wiadomo\u015b\u0107 od siostry partnera, kt\u00f3ra zapyta\u0142a, czy mo\u017ce si\u0119 on pochwali\u0107 narodzinami <a href=\"https:\/\/zakupy.avanti24.pl\/dzieciece#anchorLink\" rel=\"nofollow noopener\" target=\"_blank\">dziecka<\/a> w sieci. Dziennikarka nie chcia\u0142a tego robi\u0107, a jej zwi\u0105zek z Janem Bazylem wisia\u0142 ju\u017c na w\u0142osku. Trzy tygodnie p\u00f3\u017aniej partner Wendzikowskiej si\u0119 wyprowadzi\u0142. Uda\u0142o im si\u0119 jednak porozumie\u0107 dla dobra dziecka. &#8211; Dzi\u015b staramy si\u0119 trzyma\u0107 relacj\u0119 techniczn\u0105. On ma oczywi\u015bcie kontakt z c\u00f3rk\u0105 i mi na tym kontakcie zale\u017cy, bo uwa\u017cam, \u017ce to jest wa\u017cne &#8211;\u00a0wyjawi\u0142a. Wi\u0119cej o sprawie przeczytacie tutaj: <a href=\"https:\/\/www.gazeta.pl\/lifestyle\/7,198977,32465773,partner-wendzikowskiej-zostawil-ja-trzy-tygodnie-po-porodzie.html\" class=\"art_link\" rel=\"dofollow noopener\" target=\"_blank\">Partner Wendzikowskiej zostawi\u0142 j\u0105 trzy tygodnie po porodzie. Ich relacje okre\u015bli\u0142a jednym s\u0142owem<\/a><\/p>\n","protected":false},"excerpt":{"rendered":"Anna Wendzikowska przez lata raczej nie mia\u0142a szcz\u0119\u015bcia w mi\u0142o\u015bci. Przez trzy lata by\u0142a \u017con\u0105 Christophera Combe&#8217;a. P\u00f3\u017aniej&hellip;\n","protected":false},"author":2,"featured_media":174215,"comment_status":"","ping_status":"","sticky":false,"template":"","format":"standard","meta":{"footnotes":""},"categories":[22],"tags":[122,42,38,40,39,41,123],"class_list":{"0":"post-174214","1":"post","2":"type-post","3":"status-publish","4":"format-standard","5":"has-post-thumbnail","7":"category-rozrywka","8":"tag-entertainment","9":"tag-pl","10":"tag-poland","11":"tag-polish","12":"tag-polska","13":"tag-polski","14":"tag-rozrywka"},"share_on_mastodon":{"url":"https:\/\/pubeurope.com\/@pl\/115792726145087153","error":""},"_links":{"self":[{"href":"https:\/\/www.europesays.com\/pl\/wp-json\/wp\/v2\/posts\/174214","targetHints":{"allow":["GET"]}}],"collection":[{"href":"https:\/\/www.europesays.com\/pl\/wp-json\/wp\/v2\/posts"}],"about":[{"href":"https:\/\/www.europesays.com\/pl\/wp-json\/wp\/v2\/types\/post"}],"author":[{"embeddable":true,"href":"https:\/\/www.europesays.com\/pl\/wp-json\/wp\/v2\/users\/2"}],"replies":[{"embeddable":true,"href":"https:\/\/www.europesays.com\/pl\/wp-json\/wp\/v2\/comments?post=174214"}],"version-history":[{"count":0,"href":"https:\/\/www.europesays.com\/pl\/wp-json\/wp\/v2\/posts\/174214\/revisions"}],"wp:featuredmedia":[{"embeddable":true,"href":"https:\/\/www.europesays.com\/pl\/wp-json\/wp\/v2\/media\/174215"}],"wp:attachment":[{"href":"https:\/\/www.europesays.com\/pl\/wp-json\/wp\/v2\/media?parent=174214"}],"wp:term":[{"taxonomy":"category","embeddable":true,"href":"https:\/\/www.europesays.com\/pl\/wp-json\/wp\/v2\/categories?post=174214"},{"taxonomy":"post_tag","embeddable":true,"href":"https:\/\/www.europesays.com\/pl\/wp-json\/wp\/v2\/tags?post=174214"}],"curies":[{"name":"wp","href":"https:\/\/api.w.org\/{rel}","templated":true}]}}