{"id":174224,"date":"2025-12-27T17:37:07","date_gmt":"2025-12-27T17:37:07","guid":{"rendered":"https:\/\/www.europesays.com\/pl\/174224\/"},"modified":"2025-12-27T17:37:07","modified_gmt":"2025-12-27T17:37:07","slug":"przelamanie-niemca-w-premier-league-na-gola-czekal-od-sierpnia-wideo-sportowefakty","status":"publish","type":"post","link":"https:\/\/www.europesays.com\/pl\/174224\/","title":{"rendered":"Prze\u0142amanie Niemca w Premier League. Na gola czeka\u0142 od sierpnia [WIDEO] &#8211; SportoweFakty"},"content":{"rendered":"<ol>\n<li><a href=\"https:\/\/news.google.com\/rss\/articles\/CBMitwFBVV95cUxPTk9WeHdMRGhTdjNZcXl2MlFJd3pRMnZQM2JHU0Z4SndoMlZFVFpNdlB6WEZGbjM5dGRHT0hGOUJRaThvdnNzdXdxQ09KQ1JSdFZFZTJEVVJ2MlRPSkxBeTNzUTFQdE1LUWhUWUI4cnA2Z090NzBLMXc2TTRpTHpkTzZ5M2dVTWRCajhGMENkaGVYWkZwTTFTNUFaNkY1azIwRUJhUno0TlY2SXdYVWpCSUtqN1pteG8?oc=5\" target=\"_blank\" rel=\"nofollow noopener\">Prze\u0142amanie Niemca w Premier League. Na gola czeka\u0142 od sierpnia [WIDEO]<\/a>&nbsp;&nbsp;SportoweFakty<\/li>\n<li><a href=\"https:\/\/news.google.com\/rss\/articles\/CBMipgFBVV95cUxOLUtodU9tQmtpMjVSR0Izc2NlVk1TblJpMmtnMkRwelYyVmhIZWlVSkJzTXdXRFd6SGo1UjM4OHdlQXZGS0p4bXV5RzRxc2tmUVhsUmVfdHk5SE1MeUhuclRiLXFPX0diSDU0bnNhTnBrNDdoa3JCU2NZZkZFVGs1b2p2clNFMGliTnZaRW9iel9iSERSZGJyTURyNGV3OHhPdW5MRXRR?oc=5\" target=\"_blank\" rel=\"nofollow noopener\">179 dni i koniec! Sceny w 42. minucie w meczu Liverpoolu<\/a>&nbsp;&nbsp;Sport.pl<\/li>\n<li><a href=\"https:\/\/news.google.com\/rss\/articles\/CBMivwFBVV95cUxQMlB1UVJaZDZoaEF6eGx2c0l1RFlDWlVpb2pYeUxPaEJRSnExSWdMcmdqNDNJV2JUZnNDeUxsTTBJVHNxS1hFcEZmUDh2Y2k0NmlRRFVqQ3M5QTItYlhoWEkzcnF5RXdtLXYybWFUMTM4YUZQTE9FQ0ZwT3kwQ3ZuRWVtMGtHdlJydnlrTThBVEZXSk5MX25FY2dxR2JCVWhFWVcyS3NwdFFzczBFT24tby1xbjNzX3ZRODlkT2NoNA?oc=5\" target=\"_blank\" rel=\"nofollow noopener\">Liverpool &#8211; Wolverhampton w Premier League [WYNIK NA \u017bYWO]<\/a>&nbsp;&nbsp;Przegl\u0105d Sportowy Onet<\/li>\n<li><a href=\"https:\/\/news.google.com\/rss\/articles\/CBMitAFBVV95cUxPRFE1QTB0RHJ0eHlTczZxS25CVFd5NjRNaFJmcmNhVXFBcGN6YTJrdWJJV0NaSHQwV1RqTThBUmNoQlhxNlh3NU9vMmpJbU1xb3ZLdUh6ZUhOa0Q0ZEI3RjFseWUzU1FoZlJLQTQ5LTR2UHpSa1JKa1NtUThvLTNQSXd4dkQ1U2pUWkVPSl94M0gyMGdyRkFySG9aLS1uZGRPNHJ0ZDdpYnlvS1pZNWJBejV6Vy0?oc=5\" target=\"_blank\" rel=\"nofollow noopener\">Ostatnia dru\u017cyna ligi postraszy\u0142a Liverpool. Wielka ulga na Anfield<\/a>&nbsp;&nbsp;Meczyki.pl<\/li>\n<li><a href=\"https:\/\/news.google.com\/rss\/articles\/CBMitwFBVV95cUxPNzNrbGd3OXltNUg2clhtem1mZHJraTlnY1ZmSDR6Y0lNUWJsRlRGNE45aUhaaDBfdFpocXk0MTNTTmk3R2llQWlfOVhibnZ1V1JfallHc3JXV0lVdzlFdEZIbGJPYURlYWJvN181OFhqbkpDbkZWWGNSWDdBc0JsNmFNaWlhVG9jZ2xaSHo2dnh3SU9Sb0tuS3J4OVBlSEl6M2F2RjFFSEpTY1pPTkh6YVZFN0o0ZTg?oc=5\" target=\"_blank\" rel=\"nofollow noopener\">Poruszaj\u0105ce sceny na Anfield Road. Wsp\u00f3lny ho\u0142d na cze\u015b\u0107 Diogo Joty<\/a>&nbsp;&nbsp;RMF24<\/li>\n<\/ol>\n","protected":false},"excerpt":{"rendered":"Prze\u0142amanie Niemca w Premier League. Na gola czeka\u0142 od sierpnia [WIDEO]&nbsp;&nbsp;SportoweFakty 179 dni i koniec! Sceny w 42.&hellip;\n","protected":false},"author":2,"featured_media":174225,"comment_status":"","ping_status":"","sticky":false,"template":"","format":"standard","meta":{"footnotes":""},"categories":[24],"tags":[1155,34178,936,7695,34179,295,269,2019,930,278,42,38,40,39,41,1156,127,126,19554,34180,18549],"class_list":{"0":"post-174224","1":"post","2":"type-post","3":"status-publish","4":"format-standard","5":"has-post-thumbnail","7":"category-sport","8":"tag-anglia","9":"tag-florian-wirtz","10":"tag-liverpool","11":"tag-liverpool-fc","12":"tag-molineux-stadium-w-wolverhampton","13":"tag-niemcy","14":"tag-pilka-nozna","15":"tag-pilka-nozna-w-anglii","16":"tag-pilka-nozna-w-niemczech","17":"tag-pilka-w-europie","18":"tag-pl","19":"tag-poland","20":"tag-polish","21":"tag-polska","22":"tag-polski","23":"tag-premier-league","24":"tag-sport","25":"tag-sports","26":"tag-stadion-anfield-w-liverpoolu","27":"tag-wolverhampton","28":"tag-wolverhampton-wanderers"},"share_on_mastodon":{"url":"https:\/\/pubeurope.com\/@pl\/115792749824160706","error":""},"_links":{"self":[{"href":"https:\/\/www.europesays.com\/pl\/wp-json\/wp\/v2\/posts\/174224","targetHints":{"allow":["GET"]}}],"collection":[{"href":"https:\/\/www.europesays.com\/pl\/wp-json\/wp\/v2\/posts"}],"about":[{"href":"https:\/\/www.europesays.com\/pl\/wp-json\/wp\/v2\/types\/post"}],"author":[{"embeddable":true,"href":"https:\/\/www.europesays.com\/pl\/wp-json\/wp\/v2\/users\/2"}],"replies":[{"embeddable":true,"href":"https:\/\/www.europesays.com\/pl\/wp-json\/wp\/v2\/comments?post=174224"}],"version-history":[{"count":0,"href":"https:\/\/www.europesays.com\/pl\/wp-json\/wp\/v2\/posts\/174224\/revisions"}],"wp:featuredmedia":[{"embeddable":true,"href":"https:\/\/www.europesays.com\/pl\/wp-json\/wp\/v2\/media\/174225"}],"wp:attachment":[{"href":"https:\/\/www.europesays.com\/pl\/wp-json\/wp\/v2\/media?parent=174224"}],"wp:term":[{"taxonomy":"category","embeddable":true,"href":"https:\/\/www.europesays.com\/pl\/wp-json\/wp\/v2\/categories?post=174224"},{"taxonomy":"post_tag","embeddable":true,"href":"https:\/\/www.europesays.com\/pl\/wp-json\/wp\/v2\/tags?post=174224"}],"curies":[{"name":"wp","href":"https:\/\/api.w.org\/{rel}","templated":true}]}}