{"id":174275,"date":"2025-12-27T18:13:14","date_gmt":"2025-12-27T18:13:14","guid":{"rendered":"https:\/\/www.europesays.com\/pl\/174275\/"},"modified":"2025-12-27T18:13:14","modified_gmt":"2025-12-27T18:13:14","slug":"viki-gabor-wziela-slub-do-sieci-trafilo-zaskakujace-nagranie-czekajcie-na-wesele","status":"publish","type":"post","link":"https:\/\/www.europesays.com\/pl\/174275\/","title":{"rendered":"Viki Gabor wzi\u0119\u0142a \u015blub? Do sieci trafi\u0142o zaskakuj\u0105ce nagranie. &#8222;Czekajcie na wesele&#8221;"},"content":{"rendered":"<p class=\"ods-c-paragraph \"><a href=\"https:\/\/plejada.pl\/temat\/viki-gabor\/fy04ed0\" id=\"25a97f6c-815c-4656-b648-7d413705dd80\" rel=\"nofollow noopener\" target=\"_blank\">Viki Gabor<\/a> to jedna z najpopularniejszych wokalistek m\u0142odego pokolenia. Gwiazda zacz\u0119\u0142a stawia\u0107 pierwsze kroki w bran\u017cy w 2019 r., gdy wzi\u0119\u0142a udzia\u0142 w talent show &#8222;The Voice Kids&#8221;, docieraj\u0105c do fina\u0142u. Zaledwie kilka miesi\u0119cy p\u00f3\u017aniej artystka stan\u0119\u0142a na podium podczas 17. Konkursu Piosenki Eurowizji Junior, kt\u00f3ry umocni\u0142 jej pozycj\u0119 na polskiej scenie muzycznej. Od tego czasu Viki Gabor nie przestaje koncertowa\u0107 i wydawa\u0107 nowych utwor\u00f3w, a podczas trwaj\u0105cej jedynie sze\u015b\u0107 lat kariery, ju\u017c mia\u0142a szans\u0119 wyst\u0105pi\u0107 u boku najbardziej cenionych muzyk\u00f3w, takich jak Kayah.<\/p>\n<p>Dalszy ci\u0105g artyku\u0142u pod materia\u0142em wideo<\/p>\n<p> Czy Viki Gabor naprawd\u0119 wzi\u0119\u0142a \u015blub? <\/p>\n<p> Kto jest m\u0119\u017cem Viki Gabor? <\/p>\n<p> Jakiego typu wesele planuj\u0105 Viki Gabor i Giovanni? <\/p>\n<p> Co powiedzia\u0142 mened\u017cer Viki Gabor o \u015blubie? <\/p>\n<p>     Mened\u017cer Viki Gabor zabra\u0142 g\u0142os. Gwiazda faktycznie wzi\u0119\u0142a \u015blub?<\/p>\n<p class=\"ods-c-paragraph \">W po\u015bwi\u0105teczny weekend media obieg\u0142o wideo, kt\u00f3re na swoim facebookowym profilu opublikowa\u0142 romski artysta Bogdan Trojanek. Na nagraniu widzimy m\u0119\u017cczyzn\u0119 w towarzystwie Viki Gabor i wnuka Giovanniego. Ze s\u0142\u00f3w muzyka wynika, \u017ce piosenkarka w\u0142a\u015bnie zosta\u0142a \u017con\u0105 stoj\u0105cego obok m\u0142odzie\u0144ca, a ich \u015blub odby\u0142 si\u0119 zgodnie z romsk\u0105 tradycj\u0105.<\/p>\n<blockquote class=\"ods-o-quota\">\n<p class=\"ods-o-quota__paragraph\">Tak mia\u0142o by\u0107 i tak si\u0119 sta\u0142o. Chcia\u0142em pa\u0144stwa poinformowa\u0107, \u017ce jeste\u015bmy w Krakowie. Viki Gabor i m\u00f3j wnuczek Giovanni pobrali si\u0119 wed\u0142ug tradycji romskiej. Nie z\u0142amali prawa romskiego. Uciekli sobie, tak jak ich dziadkowie i pradziadkowie, tak i oni sobie uciekli. Od dzisiaj m\u00f3j wnuczek jest w rodzinie Viki Gabor, a Viki jest w mojej rodzinie<\/p>\n<\/blockquote>\n<p class=\"ods-c-paragraph \">\u2014 stwierdzi\u0142 Trojanek.<\/p>\n<p>   <img decoding=\"async\" src=\"https:\/\/www.europesays.com\/pl\/wp-content\/uploads\/2025\/12\/oRlk9lBaHR0cHM6Ly9vY2RuLmV1L3B1bHNjbXMvTURBXy9lYTRkODIyOWFhZDgyNmM5N2JlMTM2MGY3NDNjZjZlNS5wbmeSlQPNA.jpeg\" height=\"529\" width=\"940\" alt=\"Bogdan Trojanek na Facebooku\" loading=\"lazy\" class=\"ods-c-image__img ods-c-image__img--viewport-width\"\/><\/p>\n<p>Bogdan Trojanek na Facebookuhttps:\/\/www.facebook.com\/bogdantrojanek\/?locale=pl_PL<\/p>\n<p class=\"ods-c-paragraph \">Na nagraniu 18-letnia piosenkarka ma na sobie d\u0142ug\u0105 ciemn\u0105 sukni\u0119 w grochy i narzut\u0119 z elementami futra, a spod kurtki Giovanniego wystaje bia\u0142a koszula. Podczas gdy Viki wygl\u0105da, jakby u\u015bmiecha\u0142a si\u0119 jedynie z grzeczno\u015bci, jej &#8222;m\u0105\u017c&#8221; nie kryje pos\u0119pnej miny.<\/p>\n<p class=\"ods-c-paragraph \">&#8222;A teraz jedziemy do jej dziadk\u00f3w i rodzic\u00f3w, \u017ceby\u015bmy zrobili tradycj\u0119 cyga\u0144sk\u0105. Czekajcie na cyga\u0144skie, pi\u0119kne wesele&#8221; \u2014 ko\u0144czy nagranie Bogdan Trojanowski.<\/p>\n<p class=\"ods-c-paragraph \">Nagranie romskiego muzyka wywo\u0142a\u0142o w sieci gigantyczne poruszenie \u2014 z mened\u017cerem Viki Gabor uda\u0142o si\u0119 skontaktowa\u0107 stacji TVN. &#8222;Nie potwierdzam, nie zaprzeczam&#8221; \u2014 przekaza\u0142. Piosenkarka do tej pory nie zabra\u0142a g\u0142osu w sprawie.<\/p>\n<p><img decoding=\"async\" src=\"https:\/\/www.europesays.com\/pl\/wp-content\/uploads\/2025\/12\/Is1k9lBaHR0cHM6Ly9vY2RuLmV1L3B1bHNjbXMvTURBXy8wMjQ2ODEzZmYyZDJhN2M0MmI0NGRlMjM1ZjU1ZDExYy5qcGeRlQLNB.jpeg\" height=\"628\" width=\"940\" alt=\"Viki Gabor\" loading=\"lazy\" class=\"ods-c-image__img ods-c-image__img--viewport-width\"\/><\/p>\n<p>Viki GaborAndras Szilagyi \/ MW Media<\/p>\n<p> <img decoding=\"async\" src=\"https:\/\/www.europesays.com\/pl\/wp-content\/uploads\/2025\/12\/STik9lBaHR0cHM6Ly9vY2RuLmV1L3B1bHNjbXMvTURBXy83ZjIyNGFlYTJkY2ZkNmFhZTY0YThhNzA1OTRiMjlkOS5qcGeRlQLNA.jpeg\" height=\"529\" width=\"940\" alt=\"Viki Gabor (2025 r.)\" loading=\"lazy\" class=\"ods-c-image__img ods-c-image__img--vertical\"\/><\/p>\n<p>Viki Gabor (2025 r.)Andras Szilagyi \/ MW Media<\/p>\n<p class=\"ods-c-paragraph \">Dzi\u0119kujemy, \u017ce przeczyta\u0142a\u015b\/e\u015b nasz artyku\u0142 do ko\u0144ca. W serwisie Plejada.pl ka\u017cdego dnia piszemy o najwa\u017cniejszych wydarzeniach show-biznesowych. B\u0105d\u017a na bie\u017c\u0105co! <a rel=\"nofollow noopener\" href=\"https:\/\/profile.google.com\/cp\/Cg0vZy8xMWJ6X19wdHBx\" id=\"9b17b9b3-f6ff-4b07-9c22-3dd6be4da905\" target=\"_blank\">Obserwuj<\/a> Plejad\u0119 w Google. Odwied\u017a nas tak\u017ce na <a rel=\"nofollow noopener\" href=\"https:\/\/www.facebook.com\/plejadapl\" id=\"2c871857-a15b-4df4-a152-f1187a66afc7\" target=\"_blank\">Facebooku<\/a>, <a rel=\"nofollow noopener\" href=\"https:\/\/www.instagram.com\/plejadapl\/\" id=\"4c98a37b-2cfd-4d40-84d9-384c7cf6792c\" target=\"_blank\">Instagramie<\/a>, <a rel=\"nofollow noopener\" href=\"https:\/\/www.youtube.com\/c\/plejada\" id=\"be044928-a57d-4cf7-8f61-2d2376e1d1e5\" target=\"_blank\">YouTubie<\/a> oraz <a rel=\"nofollow noopener\" href=\"https:\/\/www.tiktok.com\/@plejada_pl\" id=\"7111b96a-d5e4-4958-9cd6-3453dfc74cb3\" target=\"_blank\">TikToku<\/a>.<\/p>\n<p class=\"ods-c-paragraph \">Chcesz podzieli\u0107 si\u0119 ciekawym newsem lub zaproponowa\u0107 temat? Skontaktuj si\u0119 z nami, pisz\u0105c maila na adres: <a rel=\"nofollow noopener\" href=\"https:\/\/plejada.pl\/newsy\/viki-gabor-wziela-slub-do-sieci-trafilo-zaskakujace-nagranie-czekajcie-na-wesele\/mailto:plejada@redakcjaonet.pl\" id=\"9fd09eb5-0643-4646-b843-652e0fde7d32\" target=\"_blank\">plejada@redakcjaon<\/a><a href=\"https:\/\/et.pl\" id=\"117eb00c-c3ef-497e-bdf2-49b607fe4d44\" rel=\"nofollow noopener\" target=\"_blank\">et.pl<\/a>.<\/p>\n<p><script async src=\"\/\/www.instagram.com\/embed.js\"><\/script><script async src=\"\/\/www.tiktok.com\/embed.js\"><\/script><\/p>\n","protected":false},"excerpt":{"rendered":"Viki Gabor to jedna z najpopularniejszych wokalistek m\u0142odego pokolenia. Gwiazda zacz\u0119\u0142a stawia\u0107 pierwsze kroki w bran\u017cy w 2019&hellip;\n","protected":false},"author":2,"featured_media":174276,"comment_status":"","ping_status":"","sticky":false,"template":"","format":"standard","meta":{"footnotes":""},"categories":[22],"tags":[34189,122,34191,48,125,46,42,38,40,39,41,34190,123,47,6530,2027],"class_list":{"0":"post-174275","1":"post","2":"type-post","3":"status-publish","4":"format-standard","5":"has-post-thumbnail","7":"category-rozrywka","8":"tag-bogdan_trojanek","9":"tag-entertainment","10":"tag-kultura_romska","11":"tag-nat_styl","12":"tag-newsy","13":"tag-omp","14":"tag-pl","15":"tag-poland","16":"tag-polish","17":"tag-polska","18":"tag-polski","19":"tag-romowie","20":"tag-rozrywka","21":"tag-screening_general","22":"tag-sluby_gwiazd","23":"tag-viki_gabor"},"share_on_mastodon":{"url":"https:\/\/pubeurope.com\/@pl\/115792891875637099","error":""},"_links":{"self":[{"href":"https:\/\/www.europesays.com\/pl\/wp-json\/wp\/v2\/posts\/174275","targetHints":{"allow":["GET"]}}],"collection":[{"href":"https:\/\/www.europesays.com\/pl\/wp-json\/wp\/v2\/posts"}],"about":[{"href":"https:\/\/www.europesays.com\/pl\/wp-json\/wp\/v2\/types\/post"}],"author":[{"embeddable":true,"href":"https:\/\/www.europesays.com\/pl\/wp-json\/wp\/v2\/users\/2"}],"replies":[{"embeddable":true,"href":"https:\/\/www.europesays.com\/pl\/wp-json\/wp\/v2\/comments?post=174275"}],"version-history":[{"count":0,"href":"https:\/\/www.europesays.com\/pl\/wp-json\/wp\/v2\/posts\/174275\/revisions"}],"wp:featuredmedia":[{"embeddable":true,"href":"https:\/\/www.europesays.com\/pl\/wp-json\/wp\/v2\/media\/174276"}],"wp:attachment":[{"href":"https:\/\/www.europesays.com\/pl\/wp-json\/wp\/v2\/media?parent=174275"}],"wp:term":[{"taxonomy":"category","embeddable":true,"href":"https:\/\/www.europesays.com\/pl\/wp-json\/wp\/v2\/categories?post=174275"},{"taxonomy":"post_tag","embeddable":true,"href":"https:\/\/www.europesays.com\/pl\/wp-json\/wp\/v2\/tags?post=174275"}],"curies":[{"name":"wp","href":"https:\/\/api.w.org\/{rel}","templated":true}]}}