{"id":174291,"date":"2025-12-27T18:26:10","date_gmt":"2025-12-27T18:26:10","guid":{"rendered":"https:\/\/www.europesays.com\/pl\/174291\/"},"modified":"2025-12-27T18:26:10","modified_gmt":"2025-12-27T18:26:10","slug":"bedzie-wielki-hit-to-juz-pewne-caly-swiat-czeka-na-te-walke-oto-rywal-usyka-przeglad-sportowy-onet","status":"publish","type":"post","link":"https:\/\/www.europesays.com\/pl\/174291\/","title":{"rendered":"B\u0119dzie wielki hit, to ju\u017c pewne! Ca\u0142y \u015bwiat czeka na t\u0119 walk\u0119. Oto rywal Usyka &#8211; Przegl\u0105d Sportowy Onet"},"content":{"rendered":"<ol>\n<li><a href=\"https:\/\/news.google.com\/rss\/articles\/CBMivgFBVV95cUxNM0JkUmNrSXRRT0twMUJsdmkxOWVnTGhycXd0SUxfXzhvNnJodXZ1cldtNVpwRkZCWGx1ZFJzV2xtTkZkWFRzc2lSTDJ1RDk3WXQtOGN2QjVVUnk4QXRRRWkwcVUtckVsZ0NWY2lEYkxrNU4xMDhqMWEwX2hTd2g5eERpb0J4UGoxVkJLdm5kZVBBYm93dFZCcUUyeXQxQl9yWHZnTGYwWjdxUS1jV3Q1VlhTTGpCZWJjMnVLWDVR?oc=5\" target=\"_blank\" rel=\"nofollow noopener\">B\u0119dzie wielki hit, to ju\u017c pewne! Ca\u0142y \u015bwiat czeka na t\u0119 walk\u0119. Oto rywal Usyka<\/a>&nbsp;&nbsp;Przegl\u0105d Sportowy Onet<\/li>\n<li><a href=\"https:\/\/news.google.com\/rss\/articles\/CBMif0FVX3lxTE1scW8zVk1BZ0F4ZF9DWjRaSTliVndyaWJneC1WeVBnMHNlM2NHZ2k2c2Y2elhfQUhGNDZPdjJCVGhzQVJRQlVNQnNXRF9vQVBjT0ttdk43aWttYlFxR3lrbHlrbGxiS2ZFM24zNm96Qlh2dk81STE0Qzc3RlVvSUE?oc=5\" target=\"_blank\" rel=\"nofollow noopener\">Wilder zaskoczy\u0142. Co za por\u00f3wnanie<\/a>&nbsp;&nbsp;SportoweFakty<\/li>\n<li><a href=\"https:\/\/news.google.com\/rss\/articles\/CBMirgFBVV95cUxQdjdyd2M5QWhod3VIaW51QnA5NkVqbU9mZ3V2ZXBzYUtXczdyMU9XdTRHOC1ITkxEblo5UFA1UUg0UFQ3VGxjSEpTNHR0cnpEYXlyMDhWZ25fTnU1cE9UcFN6cHNXamFFdXd1V05NUVFUY2JTQ2VjYjBRa2dZSm13TXJnZ2djYi1Vc0w4QWZxOFRidzdiOTRzNW5iRjlLYzltWFc3aVdtNGF5Y0gtU0E?oc=5\" target=\"_blank\" rel=\"nofollow noopener\">Wilder odlecia\u0142 totalnie. Oto do kogo si\u0119 por\u00f3wna\u0142 przed walk\u0105 z Usykiem<\/a>&nbsp;&nbsp;Sport.pl<\/li>\n<li><a href=\"https:\/\/news.google.com\/rss\/articles\/CBMivAFBVV95cUxQWE96U3pwSDRIUmxWNGgzcFR1Q2NuOHBuVks4OE9MbFloZFdQNDVPOWVCR2xFRkRRR1BvZ284UTF2aVpkSWZ1Y1N3c3hKR21qYXBiUjRtNTVSV193X1JqMERhYV9DRUJqM1lWUHlxU0dXdUtJOFJvZG1RT0FzdENIRG1Neng4ZVp0Y29aTXozaE1oYVFGQnlnc0pmYkR4by1RN0RJczFqOVJTcWFKWkVZYkFFVzBhZUxmdUJRSw?oc=5\" target=\"_blank\" rel=\"nofollow noopener\">Usyk przerwa\u0142 milczenie! Zdradzi\u0142 dat\u0119 powrotu do ringu i wskaza\u0142 rywala<\/a>&nbsp;&nbsp;www.polsatsport.pl<\/li>\n<li><a href=\"https:\/\/news.google.com\/rss\/articles\/CBMilgFBVV95cUxQNVViRmwzVFZ1b0duVG5EZldNdGdUSElHWVFWLTY4ZjFhbG9xU21pV2ticDhTYXAza3JqYUlWMGZlU2VjLWh0OGR2UGk2eThRSU5BcXhqdjVjTktzZEg4dkJvVFNtWWZaU2V1VFVURXVxY0psX3d2RHdPaENZOEFHaFRoa2lvSGR5SlR3cGl2M09oLXpvb2c?oc=5\" target=\"_blank\" rel=\"nofollow noopener\">USYK POTWIERDZA: WRACA WALK\u0104 Z WILDEREM<\/a>&nbsp;&nbsp;ringpolska.pl<\/li>\n<\/ol>\n","protected":false},"excerpt":{"rendered":"B\u0119dzie wielki hit, to ju\u017c pewne! Ca\u0142y \u015bwiat czeka na t\u0119 walk\u0119. Oto rywal Usyka&nbsp;&nbsp;Przegl\u0105d Sportowy Onet Wilder&hellip;\n","protected":false},"author":2,"featured_media":174292,"comment_status":"","ping_status":"","sticky":false,"template":"","format":"standard","meta":{"footnotes":""},"categories":[24],"tags":[2514,34192,67,12868,549,42,38,40,39,41,136,128,47,127,135,126,130],"class_list":{"0":"post-174291","1":"post","2":"type-post","3":"status-publish","4":"format-standard","5":"has-post-thumbnail","7":"category-sport","8":"tag-boks","9":"tag-deontay_wilder","10":"tag-intextvideo_splayer","11":"tag-oleksandr_usyk","12":"tag-pber","13":"tag-pl","14":"tag-poland","15":"tag-polish","16":"tag-polska","17":"tag-polski","18":"tag-ps_detal_new","19":"tag-psv2","20":"tag-screening_general","21":"tag-sport","22":"tag-sport_sport","23":"tag-sports","24":"tag-wiadomosci_sportowe"},"share_on_mastodon":{"url":"https:\/\/pubeurope.com\/@pl\/115792942629743536","error":""},"_links":{"self":[{"href":"https:\/\/www.europesays.com\/pl\/wp-json\/wp\/v2\/posts\/174291","targetHints":{"allow":["GET"]}}],"collection":[{"href":"https:\/\/www.europesays.com\/pl\/wp-json\/wp\/v2\/posts"}],"about":[{"href":"https:\/\/www.europesays.com\/pl\/wp-json\/wp\/v2\/types\/post"}],"author":[{"embeddable":true,"href":"https:\/\/www.europesays.com\/pl\/wp-json\/wp\/v2\/users\/2"}],"replies":[{"embeddable":true,"href":"https:\/\/www.europesays.com\/pl\/wp-json\/wp\/v2\/comments?post=174291"}],"version-history":[{"count":0,"href":"https:\/\/www.europesays.com\/pl\/wp-json\/wp\/v2\/posts\/174291\/revisions"}],"wp:featuredmedia":[{"embeddable":true,"href":"https:\/\/www.europesays.com\/pl\/wp-json\/wp\/v2\/media\/174292"}],"wp:attachment":[{"href":"https:\/\/www.europesays.com\/pl\/wp-json\/wp\/v2\/media?parent=174291"}],"wp:term":[{"taxonomy":"category","embeddable":true,"href":"https:\/\/www.europesays.com\/pl\/wp-json\/wp\/v2\/categories?post=174291"},{"taxonomy":"post_tag","embeddable":true,"href":"https:\/\/www.europesays.com\/pl\/wp-json\/wp\/v2\/tags?post=174291"}],"curies":[{"name":"wp","href":"https:\/\/api.w.org\/{rel}","templated":true}]}}