{"id":174311,"date":"2025-12-27T18:41:08","date_gmt":"2025-12-27T18:41:08","guid":{"rendered":"https:\/\/www.europesays.com\/pl\/174311\/"},"modified":"2025-12-27T18:41:08","modified_gmt":"2025-12-27T18:41:08","slug":"edyta-gorniak-zostala-oszukana-przez-pracownika-mialam-stan-przedzawalowy","status":"publish","type":"post","link":"https:\/\/www.europesays.com\/pl\/174311\/","title":{"rendered":"Edyta G\u00f3rniak zosta\u0142a oszukana przez pracownika. 'Mia\u0142am stan przedzawa\u0142owy&#8217;"},"content":{"rendered":"<p class=\"art_paragraph\"><a href=\"https:\/\/www.plotek.pl\/edyta-gorniak\" class=\"art_link\" rel=\"dofollow noopener\" target=\"_blank\">Edyta G\u00f3rniak<\/a> to jedna z najpopularniejszych polskich wokalistek, kt\u00f3ra zachwyca na scenie od dekad. Artystka b\u0119dzie jedn\u0105 z gwiazd tegorocznej &#8222;Sylwestrowej <a href=\"https:\/\/moto.pl\/Porady\/7,178530,26886737,kalkulator-mocy-przelicznik-jednostek-kw-na-km-i-bhp.html#anchorLink\" rel=\"nofollow noopener\" target=\"_blank\">Mocy<\/a> Przeboj\u00f3w&#8221;, wi\u0119c zn\u00f3w b\u0119dzie mia\u0142a okazj\u0119 zab\u0142ysn\u0105\u0107. Artystka udzieli\u0142a ostatnio wywiadu Filipowi Borowiakowi dla Wirtualnej Polski i podsumowa\u0142a wydarzenia ostatnich miesi\u0119cy. Przyzna\u0142a, \u017ce opr\u00f3cz sukces\u00f3w prze\u017cywa\u0142a tak\u017ce trudne momenty. &#8211; Poczu\u0142am si\u0119 taka bardzo bezbronna. Pierwszy raz od bardzo dawna poczu\u0142am si\u0119 taka wyrwana z korzeniami &#8211; wyzna\u0142a. Jak si\u0119 okaza\u0142o, by\u0142a okradana przez jednego z pracownik\u00f3w.<\/p>\n<p>\n    Zobacz wideo Edyta G\u00f3rniak szczerze o trudach koncertowania. &#8222;Jestem w pu\u0142apce&#8221;\n  <\/p>\n<p> Edyta G\u00f3rniak pad\u0142a ofiar\u0105 oszustwa. &#8222;Dowiedzia\u0142am si\u0119, \u017ce by\u0142am okradana&#8221;<\/p>\n<p class=\"art_paragraph\">Edyta G\u00f3rniak w rozmowie z Filipem Borowiakiem wyzna\u0142a, \u017ce pad\u0142a ofiar\u0105 oszustwa finansowego. Wokalistka powiedzia\u0142a, \u017ce zauwa\u017cy\u0142a, \u017ce co\u015b nie zgadza si\u0119 w ksi\u0119gowo\u015bci. Sama nie ma na ten temat du\u017cej wiedzy, co podkre\u015bli\u0142a z lekkim wstydem i w\u0142a\u015bnie dlatego zorientowa\u0142a si\u0119 dopiero po czasie.<\/p>\n<blockquote class=\"art_blockquote\"><p>W po\u0142owie roku dowiedzia\u0142am si\u0119, \u017ce by\u0142am okradana. Naros\u0142o bardzo du\u017co r\u00f3\u017cnych problem\u00f3w przez kilka lat. Przy okazji jestem naprawd\u0119 szczerze wdzi\u0119czna Urz\u0119dowi Skarbowemu w \u0141odzi, kt\u00f3ry bardzo mi pom\u00f3g\u0142. Pomog\u0142a mi policja<\/p><\/blockquote>\n<p class=\"art_paragraph\">&#8211; wyzna\u0142a. Wokalistka wspomnia\u0142a tak\u017ce o tym, \u017ce kiedy\u015b by\u0142a r\u00f3wnie\u017c oszukana przez jednego z pracownik\u00f3w, co negatywnie odbi\u0142o si\u0119 na jej wizerunku. &#8211; Kiedy artysta stoi przed mikrofonem, no to nie patrzy w papiery. Kiedy stoi w studiach nagraniowych, ma przymiarki, pracuje z aran\u017cerami, z dyrygentami, to nie patrzy w papiery. Wi\u0119c nie dosy\u0107, \u017ce zosta\u0142am oszukana i zdradzona finansowo, to potem dosta\u0142am atak od medi\u00f3w &#8211; podkre\u015bli\u0142a.<\/p>\n<p> Edyta G\u00f3rniak w szczerym wyznaniu na temat trudnych prze\u017cy\u0107. &#8222;Mia\u0142am stan przedzawa\u0142owy&#8221;<\/p>\n<p class=\"art_paragraph\">W dalszej cz\u0119\u015bci wywiadu Edyta G\u00f3rniak przyzna\u0142a, \u017ce obecnie sprawa oszustwa finansowego jest ju\u017c w prokuraturze. &#8211; Bardzo trudny temat. Powiem wprost. Jestem kobiet\u0105, matk\u0105, samotnie wychowuj\u0119 mojego syna. Nie mam m\u0119\u017ca, brata, ojca. Szkoda, \u017ce kobieta kobiecie, bo to by\u0142a pani ksi\u0119gowa, potrafi z premedytacj\u0105 po prostu doprowadzi\u0107 do takiej sytuacji, \u017ce mam stan przedzawa\u0142owy. A naprawd\u0119 tak by\u0142o w tym roku &#8211; podsumowa\u0142a.<\/p>\n","protected":false},"excerpt":{"rendered":"Edyta G\u00f3rniak to jedna z najpopularniejszych polskich wokalistek, kt\u00f3ra zachwyca na scenie od dekad. Artystka b\u0119dzie jedn\u0105 z&hellip;\n","protected":false},"author":2,"featured_media":174312,"comment_status":"","ping_status":"","sticky":false,"template":"","format":"standard","meta":{"footnotes":""},"categories":[22],"tags":[122,42,38,40,39,41,123],"class_list":{"0":"post-174311","1":"post","2":"type-post","3":"status-publish","4":"format-standard","5":"has-post-thumbnail","7":"category-rozrywka","8":"tag-entertainment","9":"tag-pl","10":"tag-poland","11":"tag-polish","12":"tag-polska","13":"tag-polski","14":"tag-rozrywka"},"share_on_mastodon":{"url":"https:\/\/pubeurope.com\/@pl\/115793001422289124","error":""},"_links":{"self":[{"href":"https:\/\/www.europesays.com\/pl\/wp-json\/wp\/v2\/posts\/174311","targetHints":{"allow":["GET"]}}],"collection":[{"href":"https:\/\/www.europesays.com\/pl\/wp-json\/wp\/v2\/posts"}],"about":[{"href":"https:\/\/www.europesays.com\/pl\/wp-json\/wp\/v2\/types\/post"}],"author":[{"embeddable":true,"href":"https:\/\/www.europesays.com\/pl\/wp-json\/wp\/v2\/users\/2"}],"replies":[{"embeddable":true,"href":"https:\/\/www.europesays.com\/pl\/wp-json\/wp\/v2\/comments?post=174311"}],"version-history":[{"count":0,"href":"https:\/\/www.europesays.com\/pl\/wp-json\/wp\/v2\/posts\/174311\/revisions"}],"wp:featuredmedia":[{"embeddable":true,"href":"https:\/\/www.europesays.com\/pl\/wp-json\/wp\/v2\/media\/174312"}],"wp:attachment":[{"href":"https:\/\/www.europesays.com\/pl\/wp-json\/wp\/v2\/media?parent=174311"}],"wp:term":[{"taxonomy":"category","embeddable":true,"href":"https:\/\/www.europesays.com\/pl\/wp-json\/wp\/v2\/categories?post=174311"},{"taxonomy":"post_tag","embeddable":true,"href":"https:\/\/www.europesays.com\/pl\/wp-json\/wp\/v2\/tags?post=174311"}],"curies":[{"name":"wp","href":"https:\/\/api.w.org\/{rel}","templated":true}]}}