{"id":174315,"date":"2025-12-27T18:45:17","date_gmt":"2025-12-27T18:45:17","guid":{"rendered":"https:\/\/www.europesays.com\/pl\/174315\/"},"modified":"2025-12-27T18:45:17","modified_gmt":"2025-12-27T18:45:17","slug":"warszawa-pozar-targowiska-przy-ulicy-bakalarskiej-zatrzymano-36-latka","status":"publish","type":"post","link":"https:\/\/www.europesays.com\/pl\/174315\/","title":{"rendered":"Warszawa. Po\u017car targowiska przy ulicy Bakalarskiej. Zatrzymano 36-latka"},"content":{"rendered":"<p>&#13;<br \/>\n        \tPolicjanci z Komendy Rejonowej Warszawa-Ochota zatrzymali m\u0119\u017cczyzn\u0119 mog\u0105cego mie\u0107 zwi\u0105zek z po\u017carem przy ulicy Bakalarskiej 2 &#8211; poinformowa\u0142a Komenda Sto\u0142eczna Policji. To 36-letni obywatel Polski. Do po\u017caru targowiska, kt\u00f3ry gasi\u0142o \u0142\u0105cznie 12 zast\u0119p\u00f3w stra\u017cy po\u017carnej, dosz\u0142o w nocy z 26 na 27 grudnia.&#13;\n        \t<\/p>\n<p>Po\u017car na targowisku przy ulicy Bakalarskiej w Warszawie wybuch\u0142 w sobot\u0119 oko\u0142o godz. 1 w nocy. Na miejscu zdarzenia ogie\u0144 gasi\u0142o 12 jednostek stra\u017cy po\u017carnej.<\/p>\n<p>\u00a0<\/p>\n<p>Funkcjonariusze sto\u0142ecznej policji przekazali w po\u0142udnie, \u017ce dosz\u0142o do zatrzymania m\u0119\u017cczyzny, kt\u00f3ry prawdopodobnie mia\u0142 zwi\u0105zek z po\u017carem. Jak informuj\u0105 s\u0142u\u017cby, to 36-letni m\u0119\u017cczyzna z polskim obywatelstwem. Obecnie policjanci prowadz\u0105 z zatrzymanym czynno\u015bci wyja\u015bniaj\u0105ce.<\/p>\n<p>\u00a0<\/p>\n<blockquote class=\"twitter-tweet\"><p>&#13;<\/p>\n<p dir=\"ltr\" lang=\"pl\">Policjanci z Komendy Rejonowej Warszawa Ochota zatrzymali m\u0119\u017cczyzn\u0119 mog\u0105cego mie\u0107 zwi\u0105zek z po\u017carem przy ulicy Bakalarskiej 2. To 36-letni obywatel Polski.<\/p>\n<p>Do zdarzenia dosz\u0142o w nocy z 26 na 27 grudnia tu\u017c przed godzin\u0105 pierwsz\u0105.<\/p>\n<p>Czynno\u015bci w toku. <a href=\"https:\/\/t.co\/QghsihJq2W\" rel=\"nofollow\">pic.twitter.com\/QghsihJq2W<\/a><\/p>\n<p>&#13;<br \/>\n\u2014 Policja Warszawa (@Policja_KSP) <a href=\"https:\/\/twitter.com\/Policja_KSP\/status\/2004871171461054492?ref_src=twsrc%5Etfw\" rel=\"nofollow noopener\" target=\"_blank\">December 27, 2025<\/a><\/p><\/blockquote>\n<p>\u00a0<\/p>\n<p>Warszawa. Po\u017car targowiska przy Bakalarskiej. Policja zatrzyma\u0142a 36-latka\u00a0<\/p>\n<p>W po\u017carze popularnego, warszawskiego targowiska sp\u0142on\u0119\u0142y kontenery pochodz\u0105ce z morskich statk\u00f3w przerobione na lokale us\u0142ugowe. Z uwagi na rozprzestrzeniaj\u0105ce si\u0119 ob\u0142oki dymu, s\u0142u\u017cby zaapelowa\u0142y do mieszka\u0144c\u00f3w o nieotwieranie okien. M\u0142. kpt. Rados\u0142aw Le\u015bniak z PSP przekaza\u0142 przed po\u0142udniem w rozmowie z Interi\u0105, i\u017c po\u017car nie zosta\u0142 jeszcze w pe\u0142ni opanowany.<\/p>\n<p>\u00a0<\/p>\n<p>&#8211; Obecnie ogie\u0144 jest dogaszany. Cz\u0119\u015b\u0107 zast\u0119p\u00f3w opu\u015bci\u0142a ju\u017c miejsce akcji. W szczytowym momencie na miejsce skierowano a\u017c 12 zast\u0119p\u00f3w stra\u017cak\u00f3w. Nikt na skutek po\u017caru nie zosta\u0142 poszkodowany &#8211; powiedzia\u0142 Le\u015bniak.<\/p>\n<p>\u00a0<\/p>\n<p>ZOBACZ: <a href=\"https:\/\/www.polsatnews.pl\/wiadomosc\/2025-12-27\/wysiadal-z-paryskiego-metra-i-uzywal-noza-ofiarami-padly-kobiety\/\" rel=\"nofollow noopener\" target=\"_blank\">Wysiada\u0142 z paryskiego metra i u\u017cywa\u0142 no\u017ca. Ofiarami pad\u0142y kobiety<\/a><\/p>\n<p>\u00a0<\/p>\n<p>Na ten moment nie s\u0105 jeszcze znane przyczyny po\u017caru. Ulica Bakalarska zosta\u0142a zablokowana w obu kierunkach, co spowodowa\u0142o spore utrudnienia w ruchu drogowym.<\/p>\n<p>\u00a0<\/p>\n<p>Wspomniane to jeden z najwi\u0119kszych i najcz\u0119\u015bciej odwiedzanych przez mieszka\u0144c\u00f3w kompleks\u00f3w tego typu w Warszawie. Znajduje si\u0119 tam ponad 400 stoisk i lokali us\u0142ugowych. Obejmuje ono powierzchni\u0119 oko\u0142o 2 tys. metr\u00f3w kwadratowych, na kt\u00f3rych znajduje si\u0119 kilkaset stoisk us\u0142ugowych.\u00a0<\/p>\n<p>\u00a0<\/p>\n<p>Widzia\u0142e\u015b co\u015b wa\u017cnego? Przy\u015blij zdj\u0119cie, film lub napisz, co si\u0119 sta\u0142o. Skorzystaj z naszej <a href=\"https:\/\/www.polsatnews.pl\/platforma-widzow\/\" target=\"_blank\" rel=\"noopener noreferrer nofollow\">Wrzutni<\/a><\/p>\n<p>                <img decoding=\"async\" src=\"https:\/\/www.europesays.com\/pl\/wp-content\/uploads\/2025\/12\/co51zbtbtvfhgcn9t66ve5thvfje6fsb.jpg\" alt=\"\" itemprop=\"contentUrl\" style=\"position:absolute; width: 100%; max-height: 100%;\"\/><video controls=\"\" controlslist=\"nodownload\" poster=\"https:\/\/www.europesays.com\/pl\/wp-content\/uploads\/2025\/12\/co51zbtbtvfhgcn9t66ve5thvfje6fsb.jpg\" class=\"videoPlayer player6855888 news__video\" data-id=\"6855888\">Twoja przegl\u0105darka nie wspiera odtwarzacza wideo&#8230;<\/video><\/p>\n<p>                <a class=\"news__read-more-button\" href=\"https:\/\/www.polsatnews.pl\/\" rel=\"nofollow noopener\" target=\"_blank\">Czytaj wi\u0119cej<\/a><\/p>\n<p>\t\t\tChcesz by\u0107 na bie\u017c\u0105co z najnowszymi newsami?<\/p>\n<p class=\"app-ad__preview\">Jeste\u015bmy w aplikacji na Tw\u00f3j telefon. Sprawd\u017a\u00a0nas!<\/p>\n<p>\t\t<script async src=\"https:\/\/platform.twitter.com\/widgets.js\" charset=\"utf-8\"><\/script><\/p>\n","protected":false},"excerpt":{"rendered":"&#13; Policjanci z Komendy Rejonowej Warszawa-Ochota zatrzymali m\u0119\u017cczyzn\u0119 mog\u0105cego mie\u0107 zwi\u0105zek z po\u017carem przy ulicy Bakalarskiej 2 &#8211;&hellip;\n","protected":false},"author":2,"featured_media":174316,"comment_status":"","ping_status":"","sticky":false,"template":"","format":"standard","meta":{"footnotes":""},"categories":[12],"tags":[32,33,36,37,27,34,35,28,31,25,42,38,40,39,41,29,30,26],"class_list":{"0":"post-174315","1":"post","2":"type-post","3":"status-publish","4":"format-standard","5":"has-post-thumbnail","7":"category-polska","8":"tag-breaking-news","9":"tag-breakingnews","10":"tag-featured-news","11":"tag-featurednews","12":"tag-headlines","13":"tag-latest-news","14":"tag-latestnews","15":"tag-naglowki","16":"tag-najwazniejsze-artykuly","17":"tag-news","18":"tag-pl","19":"tag-poland","20":"tag-polish","21":"tag-polska","22":"tag-polski","23":"tag-top-stories","24":"tag-topstories","25":"tag-wiadomosci"},"share_on_mastodon":{"url":"https:\/\/pubeurope.com\/@pl\/115793017541269777","error":""},"_links":{"self":[{"href":"https:\/\/www.europesays.com\/pl\/wp-json\/wp\/v2\/posts\/174315","targetHints":{"allow":["GET"]}}],"collection":[{"href":"https:\/\/www.europesays.com\/pl\/wp-json\/wp\/v2\/posts"}],"about":[{"href":"https:\/\/www.europesays.com\/pl\/wp-json\/wp\/v2\/types\/post"}],"author":[{"embeddable":true,"href":"https:\/\/www.europesays.com\/pl\/wp-json\/wp\/v2\/users\/2"}],"replies":[{"embeddable":true,"href":"https:\/\/www.europesays.com\/pl\/wp-json\/wp\/v2\/comments?post=174315"}],"version-history":[{"count":0,"href":"https:\/\/www.europesays.com\/pl\/wp-json\/wp\/v2\/posts\/174315\/revisions"}],"wp:featuredmedia":[{"embeddable":true,"href":"https:\/\/www.europesays.com\/pl\/wp-json\/wp\/v2\/media\/174316"}],"wp:attachment":[{"href":"https:\/\/www.europesays.com\/pl\/wp-json\/wp\/v2\/media?parent=174315"}],"wp:term":[{"taxonomy":"category","embeddable":true,"href":"https:\/\/www.europesays.com\/pl\/wp-json\/wp\/v2\/categories?post=174315"},{"taxonomy":"post_tag","embeddable":true,"href":"https:\/\/www.europesays.com\/pl\/wp-json\/wp\/v2\/tags?post=174315"}],"curies":[{"name":"wp","href":"https:\/\/api.w.org\/{rel}","templated":true}]}}