{"id":174317,"date":"2025-12-27T18:46:11","date_gmt":"2025-12-27T18:46:11","guid":{"rendered":"https:\/\/www.europesays.com\/pl\/174317\/"},"modified":"2025-12-27T18:46:11","modified_gmt":"2025-12-27T18:46:11","slug":"sztorm-w-skandynawii-odwolane-loty-promy-i-pociagi","status":"publish","type":"post","link":"https:\/\/www.europesays.com\/pl\/174317\/","title":{"rendered":"Sztorm w Skandynawii. Odwo\u0142ane loty, promy i poci\u0105gi"},"content":{"rendered":"<p>Najbardziej powa\u017cna sytuacja jest w\u00a0G\u00f3rach Skandynawskich. Wed\u0142ug szwedzkiego instytutu meteorologicznego SMHI, wiatr w\u00a0porywach osi\u0105ga tam miejscami pr\u0119dko\u015b\u0107 41 m\u00a0na sekund\u0119. Ponadto w\u00a0wielu miejscach sytuacj\u0119 pogarszaj\u0105 opady \u015bniegu.<\/p>\n<p>Wiele lokalnych dr\u00f3g jest nieprzejezdnych, a\u00a0tak\u017ce zamkni\u0119to most w\u00a0Sundsvall. Dlatego Szwedzki Urz\u0105d ds. Transportu zaapelowa\u0142 do kierowc\u00f3w o\u00a0wstrzymanie si\u0119 z\u00a0wyjazdami.<\/p>\n<p>Pa\u0144stwowe koleje SJ odwo\u0142a\u0142y poci\u0105gi mi\u0119dzy kurortami narciarskimi a\u00a0Sztokholmem. Z\u00a0powodu z\u0142ych warunk\u00f3w pogodowych w\u00a0portach pozosta\u0142y promy na wysp\u0119 Gotlandia.  Nynaeshamn pod Sztokholmem nie wyp\u0142yn\u0105\u0142 r\u00f3wnie\u017c prom do Gda\u0144ska. W\u00a0zwi\u0105zku z\u00a0po\u015bwi\u0105tecznymi powrotami wiele rejs\u00f3w mia\u0142o pe\u0142ne ob\u0142o\u017cenie, dlatego szwedzkie media donosz\u0105, \u017ce setki, a\u00a0nawet tysi\u0105ce ludzi utkn\u0119\u0142y w\u00a0Szwecji.<\/p>\n<p>Najbardziej nawiedzone miasto w\u00a0ca\u0142ej Europie. Na\u00a0d\u0142ugo pozostaje w\u00a0pami\u0119ci <\/p>\n<p>Na p\u00f3\u0142nocy Szwecji ponad 15 tys. gospodarstw domowych pozostaje bez pr\u0105du.<\/p>\n<p>W Norwegii s\u0142u\u017cby ratunkowe informowa\u0142y o\u00a0niebezpiecznych warunkach na trasie E6 &#8211;\u00a0to g\u0142\u00f3wna arteria kraju, kt\u00f3ra \u0142\u0105czy Oslo z\u00a0Trondheim, Bodoe i\u00a0Tromsoe. Silny podmuch wiatru zdmuchn\u0105\u0142 tam samoch\u00f3d z\u00a0jezdni, a\u00a0wiele odcink\u00f3w tej trasy by\u0142o wy\u0142\u0105czonych z\u00a0ruchu.<\/p>\n<p>Wysokie na 12 m\u00a0fale zmusi\u0142y operator\u00f3w do zawieszenia cz\u0119\u015bci po\u0142\u0105cze\u0144 promowych, kt\u00f3re \u0142\u0105cz\u0105 przybrze\u017cne wyspy ze sta\u0142ym l\u0105dem. <\/p>\n<p>Na jaki\u015b czas zamkni\u0119to lotniska w\u00a0Bod\u00f8, Evenes i\u00a0Troms\u00f8 i\u00a0odwo\u0142ano wiele lot\u00f3w. Tysi\u0105ce pasa\u017cer\u00f3w utkn\u0119\u0142y w\u00a0terminalach.<\/p>\n","protected":false},"excerpt":{"rendered":"Najbardziej powa\u017cna sytuacja jest w\u00a0G\u00f3rach Skandynawskich. Wed\u0142ug szwedzkiego instytutu meteorologicznego SMHI, wiatr w\u00a0porywach osi\u0105ga tam miejscami pr\u0119dko\u015b\u0107 41&hellip;\n","protected":false},"author":2,"featured_media":174318,"comment_status":"","ping_status":"","sticky":false,"template":"","format":"standard","meta":{"footnotes":""},"categories":[5],"tags":[32,33,36,37,27,34,35,28,31,25,42,38,40,39,41,29,30,26],"class_list":{"0":"post-174317","1":"post","2":"type-post","3":"status-publish","4":"format-standard","5":"has-post-thumbnail","7":"category-naglowki","8":"tag-breaking-news","9":"tag-breakingnews","10":"tag-featured-news","11":"tag-featurednews","12":"tag-headlines","13":"tag-latest-news","14":"tag-latestnews","15":"tag-naglowki","16":"tag-najwazniejsze-artykuly","17":"tag-news","18":"tag-pl","19":"tag-poland","20":"tag-polish","21":"tag-polska","22":"tag-polski","23":"tag-top-stories","24":"tag-topstories","25":"tag-wiadomosci"},"share_on_mastodon":{"url":"https:\/\/pubeurope.com\/@pl\/115793021186557106","error":""},"_links":{"self":[{"href":"https:\/\/www.europesays.com\/pl\/wp-json\/wp\/v2\/posts\/174317","targetHints":{"allow":["GET"]}}],"collection":[{"href":"https:\/\/www.europesays.com\/pl\/wp-json\/wp\/v2\/posts"}],"about":[{"href":"https:\/\/www.europesays.com\/pl\/wp-json\/wp\/v2\/types\/post"}],"author":[{"embeddable":true,"href":"https:\/\/www.europesays.com\/pl\/wp-json\/wp\/v2\/users\/2"}],"replies":[{"embeddable":true,"href":"https:\/\/www.europesays.com\/pl\/wp-json\/wp\/v2\/comments?post=174317"}],"version-history":[{"count":0,"href":"https:\/\/www.europesays.com\/pl\/wp-json\/wp\/v2\/posts\/174317\/revisions"}],"wp:featuredmedia":[{"embeddable":true,"href":"https:\/\/www.europesays.com\/pl\/wp-json\/wp\/v2\/media\/174318"}],"wp:attachment":[{"href":"https:\/\/www.europesays.com\/pl\/wp-json\/wp\/v2\/media?parent=174317"}],"wp:term":[{"taxonomy":"category","embeddable":true,"href":"https:\/\/www.europesays.com\/pl\/wp-json\/wp\/v2\/categories?post=174317"},{"taxonomy":"post_tag","embeddable":true,"href":"https:\/\/www.europesays.com\/pl\/wp-json\/wp\/v2\/tags?post=174317"}],"curies":[{"name":"wp","href":"https:\/\/api.w.org\/{rel}","templated":true}]}}