{"id":174321,"date":"2025-12-27T18:48:31","date_gmt":"2025-12-27T18:48:31","guid":{"rendered":"https:\/\/www.europesays.com\/pl\/174321\/"},"modified":"2025-12-27T18:48:31","modified_gmt":"2025-12-27T18:48:31","slug":"rozstania-i-rozwody-gwiazd-w-2025-r-nie-bedzie-juz-zadnych-powrotow","status":"publish","type":"post","link":"https:\/\/www.europesays.com\/pl\/174321\/","title":{"rendered":"Rozstania i rozwody gwiazd w 2025 r. &#8222;Nie b\u0119dzie ju\u017c \u017cadnych powrot\u00f3w&#8221;"},"content":{"rendered":"<p>Polskie i \u015bwiatowe gwiazdy ponownie przekona\u0142y si\u0119 o tym, \u017ce wszystko, co dobre, kiedy\u015b si\u0119 ko\u0144czy. Wiele z nich zmuszonych by\u0142o pogodzi\u0107 si\u0119 z rozpadem ich wieloletnich relacji. Przez ca\u0142y 2025 r. informowali\u015bmy o rozstaniach i rozwodach znanych nazwisk. Pami\u0119taj\u0105c spektakularne wyznania mi\u0142o\u015bci i wsp\u00f3lne momenty popularnych par, trudno uwierzy\u0107, \u017ce &#8222;powrot\u00f3w ju\u017c nie b\u0119dzie&#8221;.<\/p>\n<p>Jednym z najg\u0142o\u015bniejszych rozwod\u00f3w 2025 r. by\u0142a ostateczna finalizacja ma\u0142\u017ce\u0144stwa <a href=\"https:\/\/plejada.pl\/temat\/jennifer-lopez-jlo-piosenkarka-aktorka\/byxtnx9https:\/\/plejada.pl\/temat\/jennifer-lopez-jlo-piosenkarka-aktorka\/byxtnx9\" id=\"00b6f5c8-d06a-406f-bf56-36328a2939b1\" rel=\"nofollow noopener\" target=\"_blank\">Jennifer Lopez<\/a> i <a href=\"https:\/\/plejada.pl\/temat\/ben-affleck\/ss7bk0q\" id=\"919c64dc-ebaa-4a34-9226-3b4f80def22c\" rel=\"nofollow noopener\" target=\"_blank\">Bena Afflecka<\/a>. Przypomnijmy, \u017ce by\u0142a to druga pr\u00f3ba pary. Po raz pierwszy zakochali si\u0119 w sobie w 2002 r. Po 20 latach od pierwszego narzecze\u0144stwa wzi\u0119li \u015blub w Las Vegas, a nast\u0119pnie w posiad\u0142o\u015bci Afflecka w Riceboro, w stanie Georgia. Dwa lata p\u00f3\u017aniej plotkowano o kryzysie w ich zwi\u0105zku, gdy Ben Affleck wyprowadzi\u0142 si\u0119 z domu. Kilka miesi\u0119cy p\u00f3\u017aniej J.Lo z\u0142o\u017cy\u0142a pozew rozwodowy. W styczniu 2025 r. <a href=\"https:\/\/plejada.pl\/newsy\/jennifer-lopez-i-ben-affleck-juz-po-rozwodzie-poszli-na-ugode\/9v3ehbm\" id=\"90152592-75fb-42ed-aee0-84a3c155c53b\" rel=\"nofollow noopener\" target=\"_blank\">sfinalizowali sw\u00f3j rozw\u00f3d<\/a>.<\/p>\n<p>Kolejne ma\u0142\u017ce\u0144stwo, kt\u00f3re zako\u0144czy\u0142o swoje s\u0105dowe batalie to Agnieszka Kaczorowska i Maciej Pela. Para po d\u0142ugim procesie <a href=\"https:\/\/plejada.pl\/newsy\/rozwod-agnieszki-kaczorowskiej-i-macieja-peli-sad-zdecydowal\/wxm6vwd\" id=\"0436fc20-b1c5-4164-94bf-2828bc033d6f\" rel=\"nofollow noopener\" target=\"_blank\">ostatecznie rozsta\u0142a si\u0119 17 listopada 2025 r.<\/a> Nie brakowa\u0142o r\u00f3wnie\u017c spektakularnych rozsta\u0144, a ich g\u0142\u00f3wnymi bohaterami byli: Leszek Lichota i Ilona Wro\u0144ska, Natsu i Marcin Dubiel czy Marianna Schreiber i Piotr Korczarowski.<\/p>\n<p> Galeria zdj\u0119\u0107    Jennifer Lopez i Ben Affleck    <img src=\"https:\/\/www.europesays.com\/pl\/wp-content\/uploads\/2025\/12\/btYk9lBaHR0cHM6Ly9vY2RuLmV1L3B1bHNjbXMvTURBXy9hNjRhMWJlOWQwNmY1MmY3NTZmY2RkMmJkNzQ0NDQ3NC5qcGeRlQLNB.jpeg\" height=\"752\" width=\"940\" alt=\"Jennifer Lopez i Ben Affleck\" loading=\"lazy\" decoding=\"async\" class=\"ods-c-image__img ods-c-image__img--placeholder\"\/>     1\/24   <\/p>\n<p>Kathy Hutchins \/ Shutterstock<\/p>\n<p class=\"ods-c-gallery__item__description\">Ponad cztery miesi\u0105ce po tym, gdy 20 sierpnia 2024 r. Jennifer Lopez z\u0142o\u017cy\u0142a wniosek o rozwi\u0105zanie ma\u0142\u017ce\u0144stwa z Benem Affleckiem, para dosz\u0142a do porozumienia w kwestiach maj\u0105tkowych. <a href=\"https:\/\/plejada.pl\/zagraniczni-celebryci\/jennifer-lopez-i-ben-affleck-finalizuja-rozwod-podpisali-ugode-finansowa\/4wzdmf2\" rel=\"nofollow noopener\" target=\"_blank\">Ugoda zosta\u0142a podpisana 6 stycznia<\/a>.<\/p>\n<p>Ameryka\u0144ski portal TMZ poinformowa\u0142 o zako\u0144czeniu ustale\u0144 finansowych: &#8222;Ben Affleck i Jennifer Lopez zachowaj\u0105 zarobki, kt\u00f3re indywidualnie uzyskali z r\u00f3\u017cnych projekt\u00f3w podczas swojego ma\u0142\u017ce\u0144stwa&#8221;. Co wi\u0119cej, Jennifer i Ben &#8222;osi\u0105gn\u0119li poufne porozumienie&#8221; w sprawie kupionej w maju 2023 r. za 60 mln dol. rezydencji w Beverly Hills.\n<\/p>\n<p>    Agnieszka Kaczorowska i Maciej Pela    <img src=\"https:\/\/www.europesays.com\/pl\/wp-content\/uploads\/2025\/12\/C8Yk9lBaHR0cHM6Ly9vY2RuLmV1L3B1bHNjbXMvTURBXy85OTY0ODNkOTBkYWIzN2JiMjJmNjk4MTMyZTcyYTQ5Ny5qcGeRlQLNA.jpeg\" height=\"529\" width=\"940\" alt=\"Agnieszka Kaczorowska i Maciej Pela\" loading=\"lazy\" decoding=\"async\" class=\"ods-c-image__img ods-c-image__img--placeholder\"\/>     2\/24   <\/p>\n<p>Andras Szilagyi \/ MW Media<\/p>\n<p class=\"ods-c-gallery__item__description\">Jesieni\u0105 2024 r. szerokim echem odbi\u0142o si\u0119 <a href=\"https:\/\/plejada.pl\/newsy\/agnieszka-kaczorowska-i-maciej-pela-rozstali-sie-tak-mowili-o-swoim-zwiazku\/87cw0sd&quot;\" rel=\"nofollow noopener\" target=\"_blank\">rozstanie Agnieszki Kaczorowskiej i Macieja Peli<\/a>. Cho\u0107 pocz\u0105tkowo unikali publicznych komentarzy, z czasem w wywiadach nie brakowa\u0142o mi\u0119dzy nimi drobnych uszczypliwo\u015bci, a oboje otwarcie opowiadali o dzieleniu opieki nad c\u00f3rkami, Gabriel\u0105 i Emili\u0105.<\/p>\n<p>Na pr\u00f3\u017cno by\u0142o szuka\u0107 pr\u00f3by pojednania. Tancerka z\u0142o\u017cy\u0142a do s\u0105du papiery rozwodowe, a pierwsza rozprawa odby\u0142a si\u0119 po roku od ich rozstania. Jednak dopiero <a href=\"https:\/\/plejada.pl\/newsy\/rozwod-agnieszki-kaczorowskiej-i-macieja-peli-sad-zdecydowal\/wxm6vwd\" rel=\"nofollow noopener\" target=\"_blank\">podczas drugiej (17 listopada) zapad\u0142 wyrok.<\/a><\/p>\n<p>S\u0105d odst\u0105pi\u0142 od orzekania o winie i zdecydowa\u0142, \u017ce oboje b\u0119d\u0105 sprawowa\u0107 opiek\u0119 nad swoimi c\u00f3rkami.<\/p>\n<p>       Katarzyna Zillmann i Julia Walczak    <img src=\"https:\/\/www.europesays.com\/pl\/wp-content\/uploads\/2025\/11\/MPkk9lBaHR0cHM6Ly9vY2RuLmV1L3B1bHNjbXMvTURBXy81Y2UwMzBhNzdmZjVhOWU3NWYwNWRkM2ExODk3Zjk5MS5qcGeRlQLNA.jpeg\" height=\"529\" width=\"940\" alt=\"Katarzyna Zillmann i Julia Walczak\" loading=\"lazy\" decoding=\"async\" class=\"ods-c-image__img ods-c-image__img--placeholder\"\/>     3\/24   <\/p>\n<p>Andras Szilagyi \/ MW Media<\/p>\n<p class=\"ods-c-gallery__item__description\">Katarzyna Zillmann i Julia Walczak tworzy\u0142y zwi\u0105zek od 2020 r. Rok p\u00f3\u017aniej, tu\u017c po zdobyciu olimpijskiego medalu, wio\u015blarka publicznie podzi\u0119kowa\u0142a swojej partnerce, co odbi\u0142o si\u0119 szerokim echem w mediach. Panie po\u0142\u0105czy\u0142o nie tylko uczucie, ale te\u017c wsp\u00f3lna pasja do sportu, gdy\u017c Julia Walczak jest kajakark\u0105. <\/p>\n<p>Zillmann w ostatnim czasie zdoby\u0142a uznanie opinii publicznej swoimi wyst\u0119pami w &#8222;Ta\u0144cu z gwiazdami&#8221;. Jednak dzie\u0144 po finale programu wysz\u0142o na jaw, \u017ce <a href=\"https:\/\/plejada.pl\/newsy\/partnerka-katarzyny-zillmann-potwierdza-rozstanie-z-ukochana-nieaktualne-jak-cos\/xk5vr40\" rel=\"nofollow noopener\" target=\"_blank\">sportsmenka rozsta\u0142a si\u0119 z ukochan\u0105.<\/a> <\/p>\n<p>    O\u015bwiadczenie Julii Walczak     <\/p>\n<p class=\"ods-c-gallery__item__description\">G\u0142os w sprawie zabra\u0142a r\u00f3wnie\u017c Janja Lesar, kt\u00f3rej zarzucano, \u017ce to ona by\u0142a winna rozpadowi ich zwi\u0105zku. <\/p>\n<p>&#8222;One si\u0119 rozsta\u0142y ju\u017c dawno. To nie jest dla mnie jaka\u015b bardzo \u015bwie\u017ca sprawa. (&#8230;) Nie przed [programem], ale te\u017c nie wczoraj, przedwczoraj czy tydzie\u0144 temu. O jakich\u015b takich wielkich zdradach na parkiecie te\u017c ci\u0119\u017cko m\u00f3wi\u0107, my\u015bl\u0119. Chocia\u017c wiesz, ka\u017cdy cz\u0142owiek zdrad\u0119 odbiera po swojemu, no nie?&#8221; \u2014 m\u00f3wi\u0142a w wywiadzie dla Kozaczka. <\/p>\n<p>Katarzyna Zillmann r\u00f3wnie\u017c skomentowa\u0142a rozstanie w instagramowej relacji na \u017cywo z podcastem &#8222;Toplespodcast&#8221;. &#8222;To nie jest takie czarno bia\u0142e. (&#8230;) Nigdy nie powiem nic z\u0142ego o Julii. Tego nie podkr\u0119cajcie, \u017ce ja mam zamiar zrobi\u0107 z niej kogo\u015b z\u0142ego, bo absolutnie nic z\u0142ego o niej nie powiem w \u017cyciu. Ja nosz\u0119 ten sw\u00f3j krzy\u017c i swoje winy, a teraz musz\u0119 to przemieli\u0107 w sobie&#8221; \u2014 t\u0142umaczy\u0142a.<\/p>\n<p>       Michel i Halina Moran    <img src=\"https:\/\/www.europesays.com\/pl\/wp-content\/uploads\/2025\/12\/hTxk9lBaHR0cHM6Ly9vY2RuLmV1L3B1bHNjbXMvTURBXy8zNTEwOWU3MmQwYWIyZTFjM2Q4ZWJlZGEyMjc0NjI2MS5qcGeRlQLNA.jpeg\" height=\"450\" width=\"299\" alt=\"Michel i Halina Moran\" loading=\"lazy\" decoding=\"async\" class=\"ods-c-image__img ods-c-image__img--placeholder\"\/>     5\/24   <\/p>\n<p>Andras Szilagyi \/ MW Media<\/p>\n<p class=\"ods-c-gallery__item__description\">Michel Moran przez ponad 20 lat by\u0142 w ma\u0142\u017ce\u0144stwie ze swoj\u0105 \u017con\u0105 Halin\u0105. Na pocz\u0105tku tego roku pojawi\u0142y si\u0119 jednak spekulacje dotycz\u0105ce rozstania pary, kt\u00f3rych restaurator nie komentowa\u0142 publicznie. W listopadzie 2025 r. okaza\u0142o si\u0119, \u017ce <a href=\"https:\/\/plejada.pl\/newsy\/michel-moran-jest-juz-po-rozwodzie-w-malzenstwie-byl-przez-ponad-20-lat\/06q2xqe\" rel=\"nofollow noopener\" target=\"_blank\">jest ju\u017c po rozwodzie<\/a>, co potwierdzi\u0142 w rozmowie z Jastrz\u0105b Post. <\/p>\n<p>&#8222;Wszystko gra (&#8230;). Jestem po rozwodzie&#8221; \u2014 wyzna\u0142 kr\u00f3tko.\n<\/p>\n<p>    Grzegorz Dami\u0119cki i Dominika Laskowska    <img src=\"https:\/\/www.europesays.com\/pl\/wp-content\/uploads\/2025\/12\/9Wnk9lBaHR0cHM6Ly9vY2RuLmV1L3B1bHNjbXMvTURBXy9hNmFhZDcwNGQyOWFmNzI3ZjAxOGE1MzA3NzY2NDQ1NS5qcGeRlQLNB.jpeg\" height=\"625\" width=\"940\" alt=\"Grzegorz Dami\u0119cki i Dominika Laskowska\" loading=\"lazy\" decoding=\"async\" class=\"ods-c-image__img ods-c-image__img--placeholder\"\/>     6\/24   <\/p>\n<p>AKPA \/ AKPA<\/p>\n<p class=\"ods-c-gallery__item__description\">Grzegorz Dami\u0119cki i Dominika Laskowska po 34 latach zwi\u0105zku <a href=\"https:\/\/plejada.pl\/newsy\/grzegorz-damiecki-rozwodzi-sie-z-zona-spedzili-razem-34-lata\/7wmxjrz\" rel=\"nofollow noopener\" target=\"_blank\">zdecydowali si\u0119 rozsta\u0107<\/a>. W czwartek, 9 pa\u017adziernika w S\u0105dzie Okr\u0119gowym w Warszawie odby\u0142a si\u0119 ich rozprawa rozwodowa. <\/p>\n<p>Cho\u0107 para nie chcia\u0142a komentowa\u0107 zako\u0144czenia rozprawy rozwodowej, rzeczniczka prasowa S\u0105du Okr\u0119gowego w Warszawie do spraw rodzinnych <a href=\"https:\/\/plejada.pl\/newsy\/rozwod-grzegorza-damieckiego-sad-zdecydowal\/759xcrl\" rel=\"nofollow noopener\" target=\"_blank\">potwierdzi\u0142a w rozmowie z Plejad\u0105<\/a>, \u017ce podczas pierwszej rozprawy zapad\u0142 wyrok.<\/p>\n<p>       Leszek Lichota i Ilona Wro\u0144ska    <img src=\"https:\/\/www.europesays.com\/pl\/wp-content\/uploads\/2025\/12\/t4mk9lBaHR0cHM6Ly9vY2RuLmV1L3B1bHNjbXMvTURBXy84NDg0OGNmNmUyNDBmZmE4Yzg3NDMyZGM2ODc2MjI2MS5qcGeRlQLNA.jpeg\" height=\"529\" width=\"940\" alt=\"Leszek Lichota i Ilona Wro\u0144ska\" loading=\"lazy\" decoding=\"async\" class=\"ods-c-image__img ods-c-image__img--placeholder\"\/>     7\/24   <\/p>\n<p>Andras Szilagyi \/ MW Media<\/p>\n<p class=\"ods-c-gallery__item__description\">Ilona Wro\u0144ska i Leszek Lichota, duet, kt\u00f3ry przez lata uchodzi\u0142 za jeden z najbardziej zgodnych w polskim show-biznesie, <a href=\"https:\/\/plejada.pl\/newsy\/to-juz-koniec-ilona-wronska-i-leszek-lichota-sie-rozstali-nie-mieszkamy-razem\/ze0pjnp\" rel=\"nofollow noopener\" target=\"_blank\">og\u0142osili swoje rozstanie<\/a>. Informacja ta zaskoczy\u0142a ich fan\u00f3w, kt\u00f3rzy przez lata podziwiali nie tylko ich zawodowe sukcesy, ale tak\u017ce \u017cycie rodzinne.<\/p>\n<p>    O\u015bwiadczenie Leszka Lichoty i Ilony Wro\u0144skiej     <\/p>\n<p class=\"ods-c-gallery__item__description\">&#8222;W zwi\u0105zku z licznymi zapytaniami o wsp\u00f3lne wywiady chcieliby\u015bmy poinformowa\u0107 Was, \u017ce od kilku miesi\u0119cy nie jeste\u015bmy ju\u017c prywatnie par\u0105 i nie mieszkamy razem, ale nadal razem pracujemy i prowadzimy nasz glamping. Prosimy media o niekomentowanie naszego \u017cycia osobistego i uszanowanie prywatno\u015bci naszej i naszych dzieci. Skupiamy si\u0119 na pozytywach. Pozdrawiamy Ilona i Lechu&#8221; \u2014 poinformowali w oficjalnym o\u015bwiadczeniu opublikowanym w mediach spo\u0142eczno\u015bciowych. <\/p>\n<p>Jak si\u0119 jednak okazuje, aktor <a href=\"https:\/\/plejada.pl\/newsy\/kim-jest-nowa-partnerka-leszka-lichoty-znacie-ja-z-programow-malgorzaty-rozenek\/1tr6078\" rel=\"nofollow noopener\" target=\"_blank\">znalaz\u0142 ju\u017c szcz\u0119\u015bcie u boku nowej partnerki<\/a>, kt\u00f3r\u0105 okaza\u0142a si\u0119 42-letnia Katarzyna Baran, ceniona kostiumografka i stylistka.<\/p>\n<p>       Lana Bajmatowa, Maciej Rybus    <img src=\"https:\/\/www.europesays.com\/pl\/wp-content\/uploads\/2025\/12\/0f_k9lBaHR0cHM6Ly9vY2RuLmV1L3B1bHNjbXMvTURBXy9kNjZmNzM3OWVmNDIxNjQ0MTFiNDQ0ZWVlZGUwNzMzYy5qcGeRlQLNA.jpeg\" height=\"529\" width=\"940\" alt=\"Lana Bajmatowa, Maciej Rybus\" loading=\"lazy\" decoding=\"async\" class=\"ods-c-image__img ods-c-image__img--placeholder\"\/>     9\/24   <\/p>\n<p>instagram.com\/m.rybus_31<\/p>\n<p class=\"ods-c-gallery__item__description\">W minionym roku nie brakowa\u0142o spekulacji na temat kryzysu w zwi\u0105zku Macieja Rybusa. Na pocz\u0105tku grudnia rosyjskie media donios\u0142y, \u017ce by\u0142y reprezentant Polski i jego \u017cona, Lana Bajmatowa, <a href=\"https:\/\/plejada.pl\/newsy\/maciej-rybus-rozwiodl-sie-z-zona-to-dla-niej-zostal-w-rosji\/egm2g7l\" rel=\"nofollow noopener\" target=\"_blank\">oficjalnie zako\u0144czyli swoje ma\u0142\u017ce\u0144stwo<\/a>.<\/p>\n<p>Wed\u0142ug rosyjskich medi\u00f3w, kryzys w ma\u0142\u017ce\u0144stwie zbieg\u0142 si\u0119 z ko\u0144cem kariery Rybusa w rosyjskiej ekstraklasie. Moskiewski s\u0105d pod koniec listopada mia\u0142 orzec rozw\u00f3d, na kt\u00f3ry mia\u0142a nalega\u0107 Bajmatowa.<\/p>\n<p>    Misiek Koterski i Marcela Leszczak    <img src=\"https:\/\/www.europesays.com\/pl\/wp-content\/uploads\/2025\/12\/rxEk9lBaHR0cHM6Ly9vY2RuLmV1L3B1bHNjbXMvTURBXy8xMDM5ZTFkMjVmYjliNGYyNzQxMWFhOWI5ZGQxNzdjNC5qcGeRlQLNB.jpeg\" height=\"627\" width=\"940\" alt=\"Misiek Koterski i Marcela Leszczak\" loading=\"lazy\" decoding=\"async\" class=\"ods-c-image__img ods-c-image__img--placeholder\"\/>     10\/24   <\/p>\n<p>MW Media<\/p>\n<p class=\"ods-c-gallery__item__description\">Przez wiele miesi\u0119cy w sieci kr\u0105\u017cy\u0142y spekulacje na temat rozstania Marceli Leszczak i Micha\u0142a Koterskiego, kt\u00f3rzy maj\u0105 razem syna, Fryderyka. Modelka pod koniec listopada <a href=\"https:\/\/plejada.pl\/newsy\/marcela-leszczak-wprost-o-rozwodzie-z-michalem-koterskim-wiadomo-kto-zlozyl-pozew\/7xsyd3j\" rel=\"nofollow noopener\" target=\"_blank\">potwierdzi\u0142a te doniesienia<\/a>, podkre\u015blaj\u0105c, \u017ce pozostaj\u0105 z aktorem w dobrych relacjach. <\/p>\n<p>&#8222;Mamy cudownego syna. Dalej jeste\u015bmy rodzin\u0105 i priorytetowo traktuj\u0119 to, \u017ceby umie\u0107 si\u0119 dogada\u0107 i mie\u0107 najlepsze relacje, bo Fryderyk to Micha\u0142, a Micha\u0142 to Fryderyk, i ju\u017c ca\u0142e nasze \u017cycie b\u0119dzie tak wygl\u0105da\u0142o&#8221; \u2014 przyzna\u0142a. <\/p>\n<p>Leszczak <a href=\"https:\/\/ludzie.fakt.pl\/dlaczego-rozwodzi-sie-z-koterskim-mamy-komentarz-leszczak\/gw6ekz3\" rel=\"nofollow noopener\" target=\"_blank\">w rozmowie z &#8222;Faktem&#8221;<\/a> zdradzi\u0142a, \u017ce to ona z\u0142o\u017cy\u0142a pozew o rozw\u00f3d. <\/p>\n<p>&#8222;Doszli\u015bmy z Micha\u0142em do wniosku, \u017ce lepiej b\u0119dzie si\u0119 rozsta\u0107, wi\u0119c nie zaskoczy\u0142am go z\u0142o\u017ceniem pozwu. Kto\u015b musia\u0142 zrobi\u0107 to pierwszy \u017bycz\u0119 ka\u017cdej kobiecie, kt\u00f3ra si\u0119 rozwodzi, by jej m\u0105\u017c zachowa\u0142 si\u0119 z tak\u0105 klas\u0105 jak Misiek, kt\u00f3ry zrobi\u0142 wszystko, by doj\u015b\u0107 do porozumienia. Jeste\u015bmy dogadani w ka\u017cdej sprawie, mamy wspania\u0142ego syna, (&#8230;) dlatego planujemy si\u0119 rozwie\u015b\u0107 na pierwszej rozprawie&#8221; \u2014 przyzna\u0142a.<\/p>\n<p>       Ewa Zawada    <img src=\"https:\/\/www.europesays.com\/pl\/wp-content\/uploads\/2025\/12\/vnOk9lBaHR0cHM6Ly9vY2RuLmV1L3B1bHNjbXMvTURBXy8wMmZhNGY5OGViZjI1OWYzZjc2NGZiOTUzMjc3MjdlOS5qcGeRlQLNA.jpeg\" height=\"529\" width=\"940\" alt=\"Ewa Zawada\" loading=\"lazy\" decoding=\"async\" class=\"ods-c-image__img ods-c-image__img--placeholder\"\/>     11\/24   <\/p>\n<p>Andras Szilagyi \/ MW Media<\/p>\n<p class=\"ods-c-gallery__item__description\">Ewa Zawada to jedna z najs\u0142ynniejszych polskich influencerek. W \u017cyciu prywatnym w 2021 r. zar\u0119czy\u0142a si\u0119 ze swoim ch\u0142opakiem, Robertem, a rok p\u00f3\u017aniej razem stan\u0119li na \u015blubnym kobiercu. Po trzech latach od ceremonii influencerka <a href=\"https:\/\/plejada.pl\/newsy\/influencerka-rozstala-sie-po-trzech-latach-malzenstwa-zaslugujecie-na-wyjasnienia\/5e7475t\" rel=\"nofollow noopener\" target=\"_blank\">podzieli\u0142a si\u0119 z internautami informacj\u0105 o rozstaniu.<\/a>.<\/p>\n<p>&#8222;W zwi\u0105zku z wieloma spekulacjami i plotkami, kt\u00f3re pojawiaj\u0105 si\u0119 w sieci czuj\u0119, \u017ce ju\u017c czas powiedzie\u0107 jakie zmiany zasz\u0142y w moim \u017cyciu. (&#8230;) Cho\u0107 m\u00f3j zwi\u0105zek nie by\u0142 publiczny, to dzi\u015b zrobi\u0119 wyj\u0105tek, poniewa\u017c uwa\u017cam, \u017ce dziel\u0105c si\u0119 z wami od tylu lat cz\u0119\u015bci\u0105 mojego \u017cycia, zas\u0142ugujecie na wyja\u015bnienia&#8221; \u2014 rozpocz\u0119\u0142a swoje o\u015bwiadczenie na Instagramie. <\/p>\n<p>&#8222;Dwa miesi\u0105ce temu rozsta\u0142am si\u0119 z moim m\u0119\u017cem. By\u0142a to moja decyzja. Jeste\u015bmy w trakcie rozwodu i oboje staramy si\u0119 pouk\u0142ada\u0107 swoje \u017cycie na nowo. Jest to jedyne oficjalne o\u015bwiadczenie, kt\u00f3re sk\u0142adam, poniewa\u017c nie chc\u0119 robi\u0107 wok\u00f3\u0142 tego medialnego szumu&#8221; \u2014 podsumowa\u0142a.<\/p>\n<p>    Dominika Gaw\u0119da    <img src=\"https:\/\/www.europesays.com\/pl\/wp-content\/uploads\/2025\/12\/Vwkk9lBaHR0cHM6Ly9vY2RuLmV1L3B1bHNjbXMvTURBXy8wYjhiODE2MTZiOGJhNTlhZWFhNDMxMjY1NjZhYmJiNS5qcGeRlQLNB.jpeg\" height=\"625\" width=\"940\" alt=\"Dominika Gaw\u0119da\" loading=\"lazy\" decoding=\"async\" class=\"ods-c-image__img ods-c-image__img--placeholder\"\/>     12\/24   <\/p>\n<p>Piotr Andrzejczak \/ MW Media<\/p>\n<p class=\"ods-c-gallery__item__description\">Dominika Gaw\u0119da podzieli\u0142a si\u0119 z fanami zaskakuj\u0105c\u0105 informacj\u0105 dotycz\u0105c\u0105 jej \u017cycia prywatnego. Artystka, kt\u00f3ra zdoby\u0142a popularno\u015b\u0107, jako wokalistka zespo\u0142u Blue Caf\u00e9, potwierdzi\u0142a, \u017ce <a href=\"https:\/\/plejada.pl\/newsy\/dominika-gaweda-potwierdzila-rozstanie-z-mezem-byli-malzenstwem-przez-osiem-lat\/qmrfynf\" rel=\"nofollow noopener\" target=\"_blank\">jej ma\u0142\u017ce\u0144stwo z Maciejem Szczepanikiem z zespo\u0142u Pectus dobieg\u0142o ko\u0144ca<\/a> .\n<\/p>\n<p>&#8222;W tym roku diametralnie zmieni\u0142am swoje \u017cycie. Rozsta\u0142am si\u0119. Zawsze staram si\u0119 uto\u017csamia\u0107 z tekstem, cho\u0107 czasem \u015bpiewa si\u0119 o fikcyjnych historiach. W tym przypadku jednak bardzo si\u0119 uto\u017csamiam z tekstem, przez co tkwi w tym wi\u0119ksza si\u0142a. To by\u0142 pi\u0119kny etap mojego \u017cycia, ale teraz zaczynam nowy&#8221; \u2014 zdradzi\u0142a w rozmowie z Interi\u0105, promuj\u0105c sw\u00f3j nowy singiel &#8222;Inna&#8221;.<\/p>\n<p>       Marcin Mroczek, Marlena Muranowicz    <img src=\"https:\/\/www.europesays.com\/pl\/wp-content\/uploads\/2025\/12\/nrpk9lBaHR0cHM6Ly9vY2RuLmV1L3B1bHNjbXMvTURBXy8yZWMyN2Y2MjU3NDgyMzQyOWNkOGZiNTliZjNkZTZjNS5wbmeRlQLNB.jpeg\" height=\"577\" width=\"867\" alt=\"Marcin Mroczek, Marlena Muranowicz\" loading=\"lazy\" decoding=\"async\" class=\"ods-c-image__img ods-c-image__img--placeholder\"\/>     13\/24   <\/p>\n<p>https:\/\/www.instagram.com\/mroczek_marcin\/<\/p>\n<p class=\"ods-c-gallery__item__description\">Marcin Mroczek pozna\u0142 Marlen\u0119 Muranowicz po medialnym zwi\u0105zku z Agnieszk\u0105 Hy\u017cy. Para tworzy\u0142a \u2014 wydawa\u0142oby si\u0119 \u2014 szcz\u0119\u015bliwy zwi\u0105zek. Od zawsze stronili od medialnego szumu. Rzadko pojawiali si\u0119 wsp\u00f3lnie na bran\u017cowych wydarzeniach i unikali wsp\u00f3lnych wywiad\u00f3w. <\/p>\n<p>Pierwsze informacje o rozwodzie pary pojawi\u0142y si\u0119 w sieci na pocz\u0105tku maja 2025 r. <a href=\"https:\/\/ludzie.fakt.pl\/marcin-mroczek-rozwodzi-sie-z-zona-w-sadzie-nie-zabraklo-emocji\/enqdewz\" rel=\"nofollow noopener\" target=\"_blank\">Jak poinformowa\u0142 fakt<\/a>, ma\u0142\u017conkowie we wtorek, 26 sierpnia Marcin Mroczek i Marlena Muranowicz stawili si\u0119 w s\u0105dzie na rozprawie rozwodowej, na kt\u00f3rej zapad\u0142 wyrok.<\/p>\n<p>    Katy Perry i Orlando Bloom    <img src=\"https:\/\/www.europesays.com\/pl\/wp-content\/uploads\/2025\/12\/5tBk9lBaHR0cHM6Ly9vY2RuLmV1L3B1bHNjbXMvTURBXy8yYWNjYTY5YmE2Y2EyNzA2NTRlMzBlZDkxYjc4NmI5Ni5qcGeRlQLNB.jpeg\" height=\"627\" width=\"940\" alt=\"Katy Perry i Orlando Bloom\" loading=\"lazy\" decoding=\"async\" class=\"ods-c-image__img ods-c-image__img--placeholder\"\/>     14\/24   <\/p>\n<p>Kathy Hutchins \/ Shutterstock<\/p>\n<p class=\"ods-c-gallery__item__description\">Katy Perry i Orlando Bloom wsp\u00f3lnym o\u015bwiadczeniem poinformowali, \u017ce po prawie dekadzie zwi\u0105zku, kt\u00f3ry rozpocz\u0105\u0142 si\u0119 w 2016 r., <a href=\"https:\/\/plejada.pl\/newsy\/katy-perry-i-orlando-bloom-przerywaja-milczenie-zerwali-zareczyny\/99srdcm\" rel=\"nofollow noopener\" target=\"_blank\">postanowili odej\u015b\u0107 od formy narzecze\u0144stwa<\/a> i skupi\u0107 si\u0119 na wsp\u00f3lnym rodzicielstwie. Jak podkre\u015blili, wszystkie ich dzia\u0142ania s\u0105 skierowane na dobro ich c\u00f3rki Daisy Dove, a dalsza relacja b\u0119dzie oparta na &#8222;mi\u0142o\u015bci, stabilno\u015bci i wzajemnym szacunku&#8221;.<\/p>\n<p>&#8222;Orlando i Katy modyfikowali swoj\u0105 relacj\u0119 przez ostatnie wiele miesi\u0119cy, aby skupi\u0107 si\u0119 na rodzicielstwie&#8221; \u2014 powiedzieli przedstawiciele pary we wsp\u00f3lnym o\u015bwiadczeniu dla Us Weekly w czwartek, 3 lipca. &#8222;B\u0119d\u0105 nadal postrzegani razem jako rodzina, poniewa\u017c ich wsp\u00f3lnym priorytetem jest \u2014 i zawsze b\u0119dzie \u2014 wychowywanie c\u00f3rki z mi\u0142o\u015bci\u0105, stabilno\u015bci\u0105 i wzajemnym szacunkiem&#8221; \u2014 dodano. <\/p>\n<p>Wokalistka <a href=\"https:\/\/plejada.pl\/newsy\/katy-perry-i-justin-trudeau-u-bylego-premiera-japonii-fumio-kishida-pokazal-zdjecia\/lhshv4q\" rel=\"nofollow noopener\" target=\"_blank\">znalaz\u0142a ju\u017c szcz\u0119\u015bcie u boku nowego partnera<\/a>, Justina Trudeau.<\/p>\n<p>       Marcin Dubiel i Natsu    <img src=\"https:\/\/www.europesays.com\/pl\/wp-content\/uploads\/2025\/12\/2_fk9lBaHR0cHM6Ly9vY2RuLmV1L3B1bHNjbXMvTURBXy8zMzhiZTk5YjMzNmU5YWZlYzFiZWYxZDllM2FmOGUzYy5qcGeRlQLNA.jpeg\" height=\"529\" width=\"940\" alt=\"Marcin Dubiel i Natsu\" loading=\"lazy\" decoding=\"async\" class=\"ods-c-image__img ods-c-image__img--placeholder\"\/>     15\/24   <\/p>\n<p>MW Media<\/p>\n<p class=\"ods-c-gallery__item__description\">Natsu przez trzy lata tworzy\u0142a zwi\u0105zek z Marcinem Dubielem. Razem stanowili jeden z najg\u0142o\u015bniejszych duet\u00f3w w \u015bwiecie influencer\u00f3w. Ich zwi\u0105zek jednak nie przetrwa\u0142 pr\u00f3by czasu, o czym <a href=\"https:\/\/plejada.pl\/newsy\/natsu-potwierdzila-rozstanie-z-marcinem-dubielem-jest-tylko-smutek-i-zal\/0t0r152\" rel=\"nofollow noopener\" target=\"_blank\">influencerka poinformowa\u0142a w po\u0142owie czerwca<\/a>. <\/p>\n<p>&#8222;Bardzo boli mnie czytanie komentarzy, kt\u00f3re widz\u0119 pod swoimi postami i innych nieprawdziwych oskar\u017ce\u0144 w wiadomo\u015bciach prywatnych. Zatem rozwiewaj\u0105c wszelkie w\u0105tpliwo\u015bci, bo nie zale\u017cy mi na \u017cadnych teoriach spiskowych i rozg\u0142osie, wr\u0119cz przeciwnie \u2014 tak, podj\u0119li\u015bmy z Marcinem decyzj\u0119 o rozstaniu&#8221; \u2014 rozpocz\u0119\u0142a. <\/p>\n<p>&#8222;Jaki\u015b czas temu, jest to dla mnie cholernie ci\u0119\u017cki okres. Mo\u017ce tego nie wida\u0107 na socialach, bo o to mi chodzi\u0142o, nie chce wsp\u00f3\u0142czucia, nie chc\u0119 rad, chc\u0119 spokoju. Chce \u017cy\u0107 przynajmniej troch\u0119 normalnie w tej nowej rzeczywisto\u015bci. Poza tym, jestem siln\u0105 bab\u0105 i wszystko t\u0142umi\u0119 w sobie \u2014 sama nie wiem, czy to dobrze&#8221; \u2014 napisa\u0142a, nie kryj\u0105c \u017calu.\n<\/p>\n<p>    Hugh Jackman i Deborra-Lee Furness    <img src=\"https:\/\/www.europesays.com\/pl\/wp-content\/uploads\/2025\/12\/wuSk9lBaHR0cHM6Ly9vY2RuLmV1L3B1bHNjbXMvTURBXy9kYjk2YWM1NzdlZjc1MDMwZDk1Y2YzNzljMGIyY2E5ZS5qcGeRlQLNB.jpeg\" height=\"627\" width=\"940\" alt=\"Hugh Jackman i Deborra-Lee Furness\" loading=\"lazy\" decoding=\"async\" class=\"ods-c-image__img ods-c-image__img--placeholder\"\/>     16\/24   <\/p>\n<p>s_bukley \/ Shutterstock<\/p>\n<p class=\"ods-c-gallery__item__description\">15 wrze\u015bnia 2023 r. Hugh Jackman i Deborra-Lee Furness przekazali mediom o\u015bwiadczenie, w kt\u00f3rym poinformowali o swoim rozstaniu.\n<\/p>\n<p>&#8222;Do\u015bwiadczyli\u015bmy b\u0142ogos\u0142awie\u0144stwa, dziel\u0105c ze sob\u0105 prawie trzy dekady \u017cycia jako m\u0105\u017c i \u017cona w kochaj\u0105cym ma\u0142\u017ce\u0144stwie. Nasza podr\u00f3\u017c ulega teraz zmianie, zdecydowali\u015bmy si\u0119 oddzielnie kontynuowa\u0107 nasz indywidualny rozw\u00f3j. Nasza rodzina by\u0142a i zawsze b\u0119dzie dla nas najwa\u017cniejsza. Rozpoczynamy kolejny rozdzia\u0142 z wdzi\u0119czno\u015bci\u0105, mi\u0142o\u015bci\u0105 i \u017cyczliwo\u015bci\u0105. Doceniamy zrozumienie dla poszanowania naszej prywatno\u015bci w tym wyj\u0105tkowym dla naszej rodziny czasie&#8221; \u2013 napisali. <\/p>\n<p><a href=\"https:\/\/plejada.pl\/zagraniczni-celebryci\/hugh-jackman-jest-juz-rozwiedziony-przed-laty-prosil-o-druga-szanse\/11hg0pj\" rel=\"nofollow noopener\" target=\"_blank\">Pozew rozwodowy trafi\u0142 do s\u0105du dopiero 23 maja br.<\/a> przez Deborr\u0119-Lee Furness w S\u0105dzie Najwy\u017cszym Hrabstwa Suffolk w Nowym Jorku. Do pozwu do\u0142\u0105czono dokumenty dotycz\u0105ce m.in. kontynuowania op\u0142acania opieki zdrowotnej, nakazu alimentacyjnego na dzieci, propozycj\u0119 wyroku rozwodowego i ugody. Jedynym krokiem, kt\u00f3ry dzieli\u0142 par\u0119 od zako\u0144czenia ma\u0142\u017ce\u0144stwa, by\u0142 podpis s\u0119dziego. Wyrok zapad\u0142 12 czerwca.<\/p>\n<p>       Sylwia i Akop Szostakowie    <img src=\"https:\/\/www.europesays.com\/pl\/wp-content\/uploads\/2025\/12\/UsYk9lBaHR0cHM6Ly9vY2RuLmV1L3B1bHNjbXMvTURBXy9iYmM5YzM5Yjc0MDUwMWE2OGI0ZWEzYjMyMGYxZGEyZC5qcGeRlQLNB.jpeg\" height=\"530\" width=\"940\" alt=\"Sylwia i Akop Szostakowie\" loading=\"lazy\" decoding=\"async\" class=\"ods-c-image__img ods-c-image__img--placeholder\"\/>     17\/24   <\/p>\n<p>Andras Szilagyi \/ MW Media<\/p>\n<p class=\"ods-c-gallery__item__description\">Sylwia i Akop Szostakowie w marcu 2024 r., po dziesi\u0119ciu latach ma\u0142\u017ce\u0144stwa, <a href=\"https:\/\/plejada.pl\/newsy\/sylwia-i-akop-szostakowie-sie-rozstali-po-wielu-latach-staran-i-terapii\/weyv3p6\" rel=\"nofollow noopener\" target=\"_blank\">og\u0142osili decyzj\u0119 o rozstaniu.<\/a><\/p>\n<p>&#8222;Chcemy si\u0119 podzieli\u0107 z wami nasz\u0105 bardzo osobist\u0105 decyzj\u0105. Po wielu latach stara\u0144, wsp\u00f3lnych oraz indywidualnych terapii, po niezliczonych pr\u00f3bach budowania harmonii i unikania konflikt\u00f3w, musimy przyzna\u0107, \u017ce nasze drogi si\u0119 rozchodz\u0105. (&#8230;) Chcemy podkre\u015bli\u0107, \u017ce mimo tej zmiany nasz wzajemny szacunek pozostaje niezmienny&#8221; \u2014 mogli\u015bmy przeczyta\u0107 w ich o\u015bwiadczeniu. <\/p>\n<p>Jak informowa\u0142y media, w listopadzie do jednego z warszawskich s\u0105d\u00f3w wp\u0142yn\u0105\u0142 pozew rozwodowy z\u0142o\u017cony przez Akopa. Jeszcze w marcu nie by\u0142 znany termin pierwszej rozprawy. Jak si\u0119 jednak okaza\u0142o, 1 kwietnia s\u0105d oficjalnie zako\u0144czy\u0142 ma\u0142\u017ce\u0144stwo Szostak\u00f3w. Jakie dzi\u015b ma\u0142\u017ce\u0144stwo ma relacje? <\/p>\n<p>\u2014 By\u0142y czasami momenty, \u017ce jedna strona pomog\u0142a drugiej, albo jedna strona do drugiej zadzwoni\u0142a, \u017ceby si\u0119 o co\u015b zapyta\u0107. (&#8230;) Nie s\u0105dz\u0119, \u017ceby\u015bmy w najbli\u017cszym czasie byli przyjaci\u00f3\u0142mi, bo min\u0119\u0142y nieca\u0142e dwa lata. My\u015bl\u0119, \u017ce jak jedna i druga strona u\u0142o\u017cy sobie \u017cycie, to ten kontakt b\u0119dzie lu\u017aniejszy \u2014 <a href=\"https:\/\/plejada.pl\/wideo\/akop-szostak-nie-boje-sie-tego-powiedziec-na-glos-boje-sie-samotnosci\/nwnn6dg\" rel=\"nofollow noopener\" target=\"_blank\">wyzna\u0142 w rozmowie z Plejad\u0105<\/a>.<\/p>\n<p>    Micha\u0142 Czernecki z \u017con\u0105 Magdalen\u0105    <img src=\"https:\/\/www.europesays.com\/pl\/wp-content\/uploads\/2025\/12\/VVfk9lBaHR0cHM6Ly9vY2RuLmV1L3B1bHNjbXMvTURBXy83MTgzNTYyNTVjOWRlYmI4NGU1YmJhYjk3Y2QwMDJiOS5qcGeRlQLNA.jpeg\" height=\"529\" width=\"940\" alt=\"Micha\u0142 Czernecki z \u017con\u0105 Magdalen\u0105\" loading=\"lazy\" decoding=\"async\" class=\"ods-c-image__img ods-c-image__img--placeholder\"\/>     18\/24   <\/p>\n<p>MW Media<\/p>\n<p class=\"ods-c-gallery__item__description\">Na pocz\u0105tku lipca wysz\u0142o na jaw, \u017ce Micha\u0142 Czernecki rozwodzi si\u0119 z \u017con\u0105. Sp\u0119dzili razem 20 lat. Jak poinformowa\u0142 Pudelek, 12 czerwca 2025 r. do jednego z warszawskich s\u0105d\u00f3w wp\u0142yn\u0119\u0142y dokumenty rozwodowe. Od tamtej pory nieznane s\u0105 szczeg\u00f3\u0142y dalszych los\u00f3w ma\u0142\u017ce\u0144stwa.<\/p>\n<p>       Marcin Rogacewicz    <img src=\"https:\/\/www.europesays.com\/pl\/wp-content\/uploads\/2025\/12\/g7Jk9lBaHR0cHM6Ly9vY2RuLmV1L3B1bHNjbXMvTURBXy9iZjliMGIwNWMxNTY0MWYyNmQ5MDFkOGQ4OTg5YjgzYi5qcGeRlQLNA.jpeg\" height=\"529\" width=\"940\" alt=\"Marcin Rogacewicz\" loading=\"lazy\" decoding=\"async\" class=\"ods-c-image__img ods-c-image__img--placeholder\"\/>     19\/24   <\/p>\n<p>Andras Szilagyi \/ MW Media<\/p>\n<p class=\"ods-c-gallery__item__description\">W po\u0142owie czerwca Marcin Rogacewicz zamie\u015bci\u0142 na swoim Instagramie post, kt\u00f3ry przyci\u0105gn\u0105\u0142 uwag\u0119 zar\u00f3wno fan\u00f3w, jak i medi\u00f3w. Aktor opublikowa\u0142 czarno-bia\u0142e zdj\u0119cie, do kt\u00f3rego do\u0142\u0105czy\u0142 kr\u00f3tki, lecz wymowny opis: &#8222;Nowy rozdzia\u0142. #wolno\u015b\u0107&#8221;. <\/p>\n<p>Nie brakowa\u0142o spekulacji, jakoby aktor nawi\u0105zywa\u0142 nim do zmian w \u017cyciu osobistym. <\/p>\n<p>Jak ustali\u0142 Pudelek w jednym z warszawskich s\u0105d\u00f3w, 12 czerwca ma\u0142\u017ce\u0144stwo Marcina Rogacewicza i jego \u017cony Mai formalnie si\u0119 zako\u0144czy\u0142o. Tego dnia zapad\u0142o orzeczenie s\u0105du.<\/p>\n<p>    Ewelina Rydzy\u0144ska    <img src=\"https:\/\/www.europesays.com\/pl\/wp-content\/uploads\/2025\/12\/3dak9lBaHR0cHM6Ly9vY2RuLmV1L3B1bHNjbXMvTURBXy83NDNhZmY1ZTkyZjQ4M2JhM2NjZWI0MzNlYjM5NmU4Zi5qcGeRlQLNA.jpeg\" height=\"529\" width=\"940\" alt=\"Ewelina Rydzy\u0144ska\" loading=\"lazy\" decoding=\"async\" class=\"ods-c-image__img ods-c-image__img--placeholder\"\/>     20\/24   <\/p>\n<p>Andras Szilagyi \/ MW Media<\/p>\n<p class=\"ods-c-gallery__item__description\">Ewelina Rydzy\u0144ska jest znana ze swojej dzia\u0142alno\u015bci jako stylistka i osobowo\u015b\u0107 telewizyjna w &#8222;Dzie\u0144 dobry TVN&#8221;. Prywatnie w grudniu 2024 r. wysz\u0142a za m\u0105\u017c. Jej ma\u0142\u017ce\u0144stwo wydawa\u0142o si\u0119 szcz\u0119\u015bliwa, ale w ostatnich tygodniach dosz\u0142o do niespodziewanego roz\u0142amu. <\/p>\n<p>&#8222;Dzi\u015b mog\u0119 powiedzie\u0107 wprost. U podstawy mojej decyzji by\u0142a przemoc psychiczna. (&#8230;) By\u0142am w stanie po prostu wy\u0142apa\u0107 pewne zachowania i symptomy, kt\u00f3re jasno m\u00f3wi\u0142y mi, \u017ce zachowania, z kt\u00f3rymi si\u0119 konfrontuj\u0119, bardzo mocno destabilizuj\u0105 mnie jako osob\u0119, jako kobiet\u0119, jako cz\u0142owieka, a kt\u00f3re nie s\u0105 zdrowe. Wi\u0119c po kolejnym tego typu zachowaniu powiedzia\u0142am do\u015b\u0107. (&#8230;) Tak jak wysz\u0142am 6 kwietnia z domu w nocy, tak ju\u017c nigdy nie wr\u00f3ci\u0142am. Wr\u00f3ci\u0107 nie zamierzam i b\u0119d\u0119 m\u00f3wi\u0142a wszystkim kobietom wprost, \u017ce je\u017celi stykamy si\u0119 z sytuacjami, kt\u00f3re s\u0105 dla nas niszcz\u0105ce i przekraczaj\u0105ce, powinny\u015bmy reagowa\u0107, a nie tkwi\u0107 i zastanawia\u0107 si\u0119, czy ta relacja si\u0119 zmieni, czy nie, bo na og\u00f3\u0142 si\u0119 nie zmienia&#8221; &#8211; powiedzia\u0142a w serwisie Jastrz\u0105bPost.<\/p>\n<p>       Marianna Schreiber i Piotr Korczarowski     <\/p>\n<p class=\"ods-c-gallery__item__description\">Marianna Schreiber za po\u015brednictwem Instagrama <a href=\"https:\/\/plejada.pl\/newsy\/marianna-schreiber-rozstala-sie-z-piotrem-korczarowskim-nie-bedzie-juz-zadnych\/qtyens2\" rel=\"nofollow noopener\" target=\"_blank\">og\u0142osi\u0142a koniec zwi\u0105zku z Piotrem Korczarowskim<\/a>, z kt\u00f3rym jeszcze niedawno \u015bwi\u0119towa\u0142a swoje urodziny. Celebrytka zapewnia, \u017ce &#8222;nie b\u0119dzie ju\u017c \u017cadnych powrot\u00f3w&#8221;. <\/p>\n<p>&#8222;My\u015bl\u0119, \u017ce nale\u017cy wam si\u0119 kilka s\u0142\u00f3w prawdy. Zanim media to rozdmuchaj\u0105, chc\u0119 powiedzie\u0107, \u017ce rozstali\u015bmy si\u0119 z Piotrem ostatecznie. Nie b\u0119dzie ju\u017c \u017cadnych powrot\u00f3w&#8221; \u2014 wyzna\u0142a w relacji na Instagramie.<\/p>\n<p>    Marianna Schreiber    <img src=\"https:\/\/www.europesays.com\/pl\/wp-content\/uploads\/2025\/11\/bcmk9lBaHR0cHM6Ly9vY2RuLmV1L3B1bHNjbXMvTURBXy8zZTlkNTY1ODY4YWQxNmYzOTQwYTQ1OTAwOGEwNGEwYi5qcGeRlQLNA.jpeg\" height=\"529\" width=\"940\" alt=\"Marianna Schreiber\" loading=\"lazy\" decoding=\"async\" class=\"ods-c-image__img ods-c-image__img--placeholder\"\/>     22\/24   <\/p>\n<p>Andras Szilagyi \/ MW Media<\/p>\n<p class=\"ods-c-gallery__item__description\">Marianna Schreiber opr\u00f3cz rozstania z Piotrem Korczarowskim, w tym roku sfinalizowa\u0142a r\u00f3wnie\u017c sw\u00f3j rozw\u00f3d z \u0141ukaszem Schreiberem. Ma\u0142\u017conkowie spotkali si\u0119 10 czerwca na rozprawie rozwodowej, kt\u00f3rej celem by\u0142o rozstrzygni\u0119cie ich rozwodu.<\/p>\n<p>Rozprawa rozwodowa Marianny i \u0141ukasza Schreiber\u00f3w zosta\u0142a zaplanowana na 45 min, a po jej zako\u0144czeniu zapad\u0142 wyrok s\u0105du. <\/p>\n<p>       Nicole Kidman i Keith Urban    <img src=\"https:\/\/www.europesays.com\/pl\/wp-content\/uploads\/2025\/10\/zvdk9lBaHR0cHM6Ly9vY2RuLmV1L3B1bHNjbXMvTURBXy8yNTFjNDhlMThlYTU0OTY1MjE5OGY5YzU0OGFkZDViYy5qcGeRlQLNA.jpeg\" height=\"529\" width=\"940\" alt=\"Nicole Kidman i Keith Urban\" loading=\"lazy\" decoding=\"async\" class=\"ods-c-image__img ods-c-image__img--placeholder\"\/>     23\/24   <\/p>\n<p>DFree \/ Shutterstock<\/p>\n<p class=\"ods-c-gallery__item__description\">Nicole Kidman i Keith Urban <a href=\"https:\/\/plejada.pl\/newsy\/nicole-kidman-i-keith-urban-rozstali-sie-po-19-latach-oto-mozliwe-przyczyny\/geynwkd\" rel=\"nofollow noopener\" target=\"_blank\">zdecydowali si\u0119 zako\u0144czy\u0107 swoje 19-letnie ma\u0142\u017ce\u0144stwo<\/a>, o czym poinformowa\u0142y ameryka\u0144skie media. Wed\u0142ug magazynu &#8222;People&#8221; decyzja by\u0142a dla aktorki du\u017cym zaskoczeniem. Mia\u0142a bowiem pr\u00f3bowa\u0107 ratowa\u0107 zwi\u0105zek, jednak bez powodzenia. Ostateczn\u0105 decyzj\u0119 o rozstaniu mia\u0142 podj\u0105\u0107 muzyk. <\/p>\n<p>58-letnia Kidman oficjalnie z\u0142o\u017cy\u0142a pozew o rozw\u00f3d w s\u0105dzie w Nashville, wskazuj\u0105c jako pow\u00f3d &#8222;r\u00f3\u017cnice nie do pogodzenia&#8221;. Data separacji zosta\u0142a okre\u015blona na dzie\u0144 z\u0142o\u017cenia wniosku, czyli 30 wrze\u015bnia.\n<\/p>\n<p>    Sia    <img src=\"https:\/\/www.europesays.com\/pl\/wp-content\/uploads\/2025\/12\/k3sk9lBaHR0cHM6Ly9vY2RuLmV1L3B1bHNjbXMvTURBXy8xMDM2MzMxOGQzNjNiZTljMjRhNDI4OTExZWNlZDM4ZS5qcGeRlQLNA.jpeg\" height=\"529\" width=\"940\" alt=\"Sia\" loading=\"lazy\" decoding=\"async\" class=\"ods-c-image__img ods-c-image__img--placeholder\"\/>     24\/24   <\/p>\n<p>Emily Feary \/ Shutterstock<\/p>\n<p class=\"ods-c-gallery__item__description\">Australijska wokalistka Sia i jej m\u0105\u017c Daniel Bernard, s\u0105 w trakcie <a href=\"https:\/\/plejada.pl\/newsy\/sia-sie-rozwodzi-maz-chce-alimentow-w-tle-roznice-nie-do-pogodzenia\/9ymrxj5\" rel=\"nofollow noopener\" target=\"_blank\">wymagaj\u0105cych negocjacji rozwodowych<\/a>. Wed\u0142ug dokument\u00f3w s\u0105dowych uzyskanych przez portal In Touch ma\u0142\u017ce\u0144stwo zosta\u0142o zawarte 28 grudnia 2022 r., a za dat\u0119 separacji uznaje si\u0119 18 marca br. Jako g\u0142\u00f3wn\u0105 przyczyn\u0119 rozpadu zwi\u0105zku para wskaza\u0142a &#8222;r\u00f3\u017cnice nie do pogodzenia&#8221;. <\/p>\n<p>W odpowiedzi na wniosek artystki, Bernard wni\u00f3s\u0142 o wsp\u00f3ln\u0105 opiek\u0119 prawn\u0105 i fizyczn\u0105 nad dzieckiem oraz \u017c\u0105da\u0142 miesi\u0119cznych aliment\u00f3w od Sii. Tym samym domaga si\u0119 odebrania jej prawa do pozyskiwania aliment\u00f3w. Jednocze\u015bnie artystka w swoim wniosku rozwodowym zawar\u0142a r\u00f3wnie\u017c pro\u015bb\u0119 o wsp\u00f3ln\u0105 opiek\u0119 nad dzieckiem, co \u015bwiadczy o zgodno\u015bci by\u0142ych ma\u0142\u017conk\u00f3w w tej kwestii. <\/p>\n<p>Dzi\u0119kujemy, \u017ce przeczyta\u0142a\u015b\/e\u015b nasz artyku\u0142 do ko\u0144ca. W serwisie Plejada.pl ka\u017cdego dnia piszemy o najwa\u017cniejszych wydarzeniach show-biznesowych. B\u0105d\u017a na bie\u017c\u0105co i obserwuj Plejad\u0119 w <a href=\"http:\/\/news.google.com\/publications\/CAAiEF0PeAlb7W1llpV_mwV2rL4qFAgKIhBdD3gJW-1tZZaVf5sFdqy-?hl=pl&amp;gl=PL&amp;ceid=PL%3Apl\" rel=\"nofollow noopener\" target=\"_blank\">Wiadomo\u015bciach Google<\/a>. Odwied\u017a nas tak\u017ce na <a href=\"http:\/\/facebook.com\/plejadapl\" rel=\"nofollow noopener\" target=\"_blank\">Facebooku<\/a> , <a href=\"http:\/\/instagram.com\/plejadapl\/\" rel=\"nofollow noopener\" target=\"_blank\">Instagramie<\/a>, <a href=\"http:\/\/youtube.com\/c\/plejada\" rel=\"nofollow noopener\" target=\"_blank\">YouTubie<\/a> i <a href=\"http:\/\/tiktok.com\/@plejada_pl\" rel=\"nofollow noopener\" target=\"_blank\">TikToku<\/a>. <\/p>\n<p>Chcesz podzieli\u0107 si\u0119 ciekawym newsem lub zaproponowa\u0107 temat? Skontaktuj si\u0119 z nami, pisz\u0105c maila na adres: plejada@redakcjaonet.pl.\n<\/p>\n<p>  <script async src=\"\/\/www.instagram.com\/embed.js\"><\/script><script async src=\"\/\/www.tiktok.com\/embed.js\"><\/script><\/p>\n","protected":false},"excerpt":{"rendered":"Polskie i \u015bwiatowe gwiazdy ponownie przekona\u0142y si\u0119 o tym, \u017ce wszystko, co dobre, kiedy\u015b si\u0119 ko\u0144czy. Wiele z&hellip;\n","protected":false},"author":2,"featured_media":174322,"comment_status":"","ping_status":"","sticky":false,"template":"","format":"standard","meta":{"footnotes":""},"categories":[22],"tags":[172,10386,5008,122,11492,8486,10628,3561,8489,2156,29376,3462,2042,34194,624,4095,48,125,46,42,38,40,39,41,123,557,47,2579],"class_list":{"0":"post-174321","1":"post","2":"type-post","3":"status-publish","4":"format-standard","5":"has-post-thumbnail","7":"category-rozrywka","8":"tag-agnieszka_kaczorowska","9":"tag-ben_affleck","10":"tag-dominika_gaweda","11":"tag-entertainment","12":"tag-grzegorz_damiecki","13":"tag-ilona_wronska","14":"tag-jennifer_lopez","15":"tag-katarzyna_zillmann","16":"tag-leszek_lichota","17":"tag-maciej_pela","18":"tag-marcelina_leszczak","19":"tag-marcin_rogacewicz","20":"tag-marianna_schreiber","21":"tag-michal_czernecki","22":"tag-michal_koterski","23":"tag-michel_moran","24":"tag-nat_styl","25":"tag-newsy","26":"tag-omp","27":"tag-pl","28":"tag-poland","29":"tag-polish","30":"tag-polska","31":"tag-polski","32":"tag-rozrywka","33":"tag-rozwod","34":"tag-screening_general","35":"tag-zwiazki"},"share_on_mastodon":{"url":"https:\/\/pubeurope.com\/@pl\/115793031008108481","error":""},"_links":{"self":[{"href":"https:\/\/www.europesays.com\/pl\/wp-json\/wp\/v2\/posts\/174321","targetHints":{"allow":["GET"]}}],"collection":[{"href":"https:\/\/www.europesays.com\/pl\/wp-json\/wp\/v2\/posts"}],"about":[{"href":"https:\/\/www.europesays.com\/pl\/wp-json\/wp\/v2\/types\/post"}],"author":[{"embeddable":true,"href":"https:\/\/www.europesays.com\/pl\/wp-json\/wp\/v2\/users\/2"}],"replies":[{"embeddable":true,"href":"https:\/\/www.europesays.com\/pl\/wp-json\/wp\/v2\/comments?post=174321"}],"version-history":[{"count":0,"href":"https:\/\/www.europesays.com\/pl\/wp-json\/wp\/v2\/posts\/174321\/revisions"}],"wp:featuredmedia":[{"embeddable":true,"href":"https:\/\/www.europesays.com\/pl\/wp-json\/wp\/v2\/media\/174322"}],"wp:attachment":[{"href":"https:\/\/www.europesays.com\/pl\/wp-json\/wp\/v2\/media?parent=174321"}],"wp:term":[{"taxonomy":"category","embeddable":true,"href":"https:\/\/www.europesays.com\/pl\/wp-json\/wp\/v2\/categories?post=174321"},{"taxonomy":"post_tag","embeddable":true,"href":"https:\/\/www.europesays.com\/pl\/wp-json\/wp\/v2\/tags?post=174321"}],"curies":[{"name":"wp","href":"https:\/\/api.w.org\/{rel}","templated":true}]}}