{"id":174324,"date":"2025-12-27T18:51:39","date_gmt":"2025-12-27T18:51:39","guid":{"rendered":"https:\/\/www.europesays.com\/pl\/174324\/"},"modified":"2025-12-27T18:51:39","modified_gmt":"2025-12-27T18:51:39","slug":"ogromne-sankcje-na-zbrojeniowke-usa-chiny-reaguja-na-pakiet-trumpa","status":"publish","type":"post","link":"https:\/\/www.europesays.com\/pl\/174324\/","title":{"rendered":"Ogromne sankcje na zbrojeni\u00f3wk\u0119 USA. Chiny reaguj\u0105 na pakiet Trumpa"},"content":{"rendered":"<p>Ministerstwo spraw zagranicznych Chin og\u0142osi\u0142o w pi\u0105tek na\u0142o\u017cenie sankcji na 10 obywateli USA oraz 20 ameryka\u0144skich firm zbrojeniowych. To odpowied\u017a na decyzj\u0119 Waszyngtonu o sprzeda\u017cy Tajwanowi broni o warto\u015bci 11,1 mld dolar\u00f3w &#8211; najwi\u0119kszego w historii pakietu uzbrojenia dla wyspy.<\/p>\n<p>                         &#13;<br \/>\n        &#13;<\/p>\n<p>                                        &#13;<br \/>\n                        &#13;<br \/>\n                            <img decoding=\"async\" src=\"https:\/\/www.europesays.com\/pl\/wp-content\/uploads\/2025\/12\/000M4DRXUI1N852T-C123-F4.jpg\" title=\"Dwadzie\u015bcia ameryka\u0144skich firm zbrojeniowych ob\u0142o\u017conych sankcjami\" alt=\"M1A2T Abrams produkcji ameryka\u0144skiej, s\u0142u\u017c\u0105cy w si\u0142ach zbrojnych Tajwanu \/I-HWA CHENG\/AFP\/East News \/East News\" class=\"img-responsive\"\/>&#13;<\/p>\n<p>                            &#13;<\/p>\n<p>      &#13;<br \/>\n                            M1A2T Abrams produkcji ameryka\u0144skiej, s\u0142u\u017c\u0105cy w si\u0142ach zbrojnych Tajwanu&#13;<br \/>\n                                    \/I-HWA CHENG\/AFP\/East News \/East News  &#13;\n                                    <\/p>\n<p>&#13;<\/p>\n<ul class=\"bullet\">\n<li>Po wi\u0119cej aktualnych informacji zapraszamy do\u00a0<a href=\"https:\/\/www.rmf24.pl\/\" rel=\"nofollow noopener\" target=\"_blank\">RMF24.pl<\/a>.<\/li>\n<\/ul>\n<p>W o\u015bwiadczeniu cytowanym przez agencj\u0119 Reutera chi\u0144skie MSZ podkre\u015bli\u0142o, \u017ce kwestia Tajwanu jest &#8222;sednem interes\u00f3w Chin i\u00a0pierwsz\u0105 czerwon\u0105 lini\u0105, kt\u00f3rej nie mo\u017cna przekroczy\u0107 w\u00a0stosunkach chi\u0144sko-ameryka\u0144skich&#8221;. Resort ostrzeg\u0142, \u017ce wszelkie prowokacyjne dzia\u0142ania w\u00a0tej sprawie spotkaj\u0105 si\u0119 z\u00a0ostr\u0105 reakcj\u0105 Pekinu.<\/p>\n<p>Na li\u015bcie obj\u0119tych sankcjami znalaz\u0142y si\u0119 m.in. Northrop Grumman Systems Corporation, L3Harris Maritime Services oraz oddzia\u0142 Boeinga w\u00a0St. Louis.\u00a0<\/p>\n<p>Retorsje obejmuj\u0105 zamro\u017cenie chi\u0144skich aktyw\u00f3w firm i\u00a0os\u00f3b, zakaz prowadzenia interes\u00f3w z\u00a0partnerami w\u00a0Chinach oraz zakaz wjazdu do ChRL.<\/p>\n<p>Chiny postrzegaj\u0105 demokratycznie rz\u0105dzony Tajwan jako cz\u0119\u015b\u0107 swojego terytorium i\u00a0nie wykluczaj\u0105 u\u017cycia si\u0142y w\u00a0celu jego przej\u0119cia. Tajpej stanowczo odrzuca te roszczenia. Stany Zjednoczone, zgodnie z\u00a0w\u0142asnym prawem, s\u0105 zobowi\u0105zane do zapewnienia Tajwanowi \u015brodk\u00f3w do obrony, co od lat jest \u017ar\u00f3d\u0142em napi\u0119\u0107 w\u00a0relacjach z\u00a0Pekinem.<\/p>\n<p>W\u0142adze w\u00a0Pekinie og\u0142osi\u0142y sankcje kilka dni po og\u0142oszeniu przez USA sprzeda\u017cy Tajwanowi broni o\u00a0warto\u015bci 11,1 mld dolar\u00f3w. To najwi\u0119kszy w\u00a0historii Stan\u00f3w Zjednoczonych pakiet uzbrojenia przeznaczony dla wyspy.<\/p>\n","protected":false},"excerpt":{"rendered":"Ministerstwo spraw zagranicznych Chin og\u0142osi\u0142o w pi\u0105tek na\u0142o\u017cenie sankcji na 10 obywateli USA oraz 20 ameryka\u0144skich firm zbrojeniowych.&hellip;\n","protected":false},"author":2,"featured_media":174325,"comment_status":"","ping_status":"","sticky":false,"template":"","format":"standard","meta":{"footnotes":""},"categories":[14],"tags":[32,33,27,34,35,28,31,25,40,41,80,29,30,26,82,83,84],"class_list":{"0":"post-174324","1":"post","2":"type-post","3":"status-publish","4":"format-standard","5":"has-post-thumbnail","7":"category-swiat","8":"tag-breaking-news","9":"tag-breakingnews","10":"tag-headlines","11":"tag-latest-news","12":"tag-latestnews","13":"tag-naglowki","14":"tag-najwazniejsze-artykuly","15":"tag-news","16":"tag-polish","17":"tag-polski","18":"tag-swiat","19":"tag-top-stories","20":"tag-topstories","21":"tag-wiadomosci","22":"tag-world","23":"tag-world-news","24":"tag-worldnews"},"share_on_mastodon":{"url":"https:\/\/pubeurope.com\/@pl\/115793041183199639","error":""},"_links":{"self":[{"href":"https:\/\/www.europesays.com\/pl\/wp-json\/wp\/v2\/posts\/174324","targetHints":{"allow":["GET"]}}],"collection":[{"href":"https:\/\/www.europesays.com\/pl\/wp-json\/wp\/v2\/posts"}],"about":[{"href":"https:\/\/www.europesays.com\/pl\/wp-json\/wp\/v2\/types\/post"}],"author":[{"embeddable":true,"href":"https:\/\/www.europesays.com\/pl\/wp-json\/wp\/v2\/users\/2"}],"replies":[{"embeddable":true,"href":"https:\/\/www.europesays.com\/pl\/wp-json\/wp\/v2\/comments?post=174324"}],"version-history":[{"count":0,"href":"https:\/\/www.europesays.com\/pl\/wp-json\/wp\/v2\/posts\/174324\/revisions"}],"wp:featuredmedia":[{"embeddable":true,"href":"https:\/\/www.europesays.com\/pl\/wp-json\/wp\/v2\/media\/174325"}],"wp:attachment":[{"href":"https:\/\/www.europesays.com\/pl\/wp-json\/wp\/v2\/media?parent=174324"}],"wp:term":[{"taxonomy":"category","embeddable":true,"href":"https:\/\/www.europesays.com\/pl\/wp-json\/wp\/v2\/categories?post=174324"},{"taxonomy":"post_tag","embeddable":true,"href":"https:\/\/www.europesays.com\/pl\/wp-json\/wp\/v2\/tags?post=174324"}],"curies":[{"name":"wp","href":"https:\/\/api.w.org\/{rel}","templated":true}]}}