{"id":174326,"date":"2025-12-27T18:52:18","date_gmt":"2025-12-27T18:52:18","guid":{"rendered":"https:\/\/www.europesays.com\/pl\/174326\/"},"modified":"2025-12-27T18:52:18","modified_gmt":"2025-12-27T18:52:18","slug":"swiateczny-czas-na-sygnale","status":"publish","type":"post","link":"https:\/\/www.europesays.com\/pl\/174326\/","title":{"rendered":"\u015awi\u0105teczny czas na sygnale"},"content":{"rendered":"<p>    \u015awi\u0105teczny czas na sygnale                  Zgin\u0119\u0142o 19 os\u00f3b, poinformowali przedstawiciele stra\u017cy po\u017carnej i policji. Rannych zosta\u0142o prawie dwie\u015bcie os\u00f3b oraz zatrzymano ponad czterystu pijanych kierowc\u00f3w. To dane za okres od 24 do 26 grudnia.\u00a0<\/p>\n<p>Wed\u0142ug policji na polskich drogach dosz\u0142o do 99 wypadk\u00f3w. \u017bycie w nich straci\u0142o 12 os\u00f3b, a 155 zosta\u0142o rannych. Policjanci zatrzymali 484 nietrze\u017awych kierowc\u00f3w \u2013 poinformowa\u0142 podinsp. Robert Opas z Biura Ruchu Drogowego KGP.<\/p>\n<p>Do najtragiczniejszego wypadku dosz\u0142o w \u015brod\u0119 rano przy skrzy\u017cowaniu dw\u00f3ch dr\u00f3g krajowych w Ziel\u0119cicach pod Brzegiem. Czo\u0142owo zderzy\u0142y si\u0119 dwa samochody osobowe: ford kuga kierowany przez mieszka\u0144ca Brzegu i volkswagen passat, kt\u00f3rym jecha\u0142o pi\u0119\u0107 os\u00f3b.W wypadku zgin\u0119li wszyscy podr\u00f3\u017cuj\u0105cy obydwoma samochodami. Kiedy na miejsce zdarzenia przyjechali ratownicy, zobaczyli zmia\u017cd\u017conego forda i p\u0142on\u0105cego volkswagena. Do tej pory uda\u0142o si\u0119 ustali\u0107 personalia kierowcy forda. Nie wiadomo natomiast, kto podr\u00f3\u017cowa\u0142 passatem. Konieczne b\u0119dzie przeprowadzenie bada\u0144 DNA.<\/p>\n<p>Od 24 do 26 grudnia stra\u017cacy interweniowali 3434 razy. W czasie \u015bwi\u0105t zanotowali 598 po\u017car\u00f3w w budynkach mieszkalnych. \u015amier\u0107 ponios\u0142o 7 os\u00f3b, a 32 odnios\u0142y obra\u017cenia \u2013 poinformowa\u0142 w sobot\u0119 rzecznik prasowy komendanta g\u0142\u00f3wnego PSP st. bryg. Karol Kierzkowski.<\/p>\n<p>W okresie \u015bwi\u0105tecznym stra\u017cacy interweniowali 3434 razy. 1002 interwencje dotyczy\u0142y po\u017car\u00f3w, 1946 \u2013 miejscowych zagro\u017ce\u0144, a 486 fa\u0142szywych alarm\u00f3w. W zwi\u0105zku z emisj\u0105 tlenku w\u0119gla stra\u017cacy interweniowali 71 razy: jedna osoba zmar\u0142a, a 22 podtru\u0142y si\u0119 czadem.Stra\u017cacy wyje\u017cd\u017cali do 563 wypadk\u00f3w drogowych, 429 dzia\u0142a\u0144 medycznych, 94 zdarze\u0144 chemicznych i do 69 zdarze\u0144 zwi\u0105zanych z silnym wiatrem.<\/p>\n<p><a href=\"https:\/\/radiokielce.pl\/1370333\/poswiateczny-weekend-zapowiada-sie-po-lodzie\/\" rel=\"nofollow noopener\" target=\"_blank\">Ze wzgl\u0119du na trudne warunki na drogach stra\u017cacy i policjanci apeluj\u0105\u00a0o zachowanie rozwagi na drodze.\u00a0<\/a><\/p>\n<p><a href=\"https:\/\/radiokielce.pl\/co-na-drogach\/\" rel=\"nofollow noopener\" target=\"_blank\"><img loading=\"lazy\" decoding=\"async\" class=\"aligncenter wp-image-1298551 size-full\" title=\"RADIO KIELCE - CO NA DROGACH\" src=\"https:\/\/www.europesays.com\/pl\/wp-content\/uploads\/2025\/12\/RADIO-KIELCE-CO-NA-DROGACH-radiokielce-1.jpg\" alt=\"RADIO KIELCE - CO NA DROGACH\" width=\"1800\" height=\"422\"  \/><\/a><\/p>\n<p>\u00a0<\/p>\n<p>    <a href=\"#\" aria-label=\"Search Button\" class=\"jeg_search_toggle\"><\/a><\/p>\n<p> Brak wynik\u00f3w<\/p>\n<p>  Poka\u017c wszystko<\/p>\n<p>Copyright \u00a9 Polskie Radio Regionalna Rozg\u0142o\u015bnia w Kielcach &#8222;Radio Kielce&#8221; SA 2025.<\/p>\n<p>Ta witryna wykorzystuje pliki cookie. Kontynuuj\u0105c przegl\u0105danie wyra\u017casz zgod\u0119 na ich u\u017cywanie. Zach\u0119camy do odwiedzenia naszej strony <a href=\"https:\/\/radiokielce.pl\/polityka-prywatnosci\" rel=\"nofollow noopener\" target=\"_blank\">Polityki prywatno\u015bci<\/a>. Rozumiem        <\/p>\n","protected":false},"excerpt":{"rendered":"\u015awi\u0105teczny czas na sygnale Zgin\u0119\u0142o 19 os\u00f3b, poinformowali przedstawiciele stra\u017cy po\u017carnej i policji. Rannych zosta\u0142o prawie dwie\u015bcie os\u00f3b&hellip;\n","protected":false},"author":2,"featured_media":174327,"comment_status":"","ping_status":"","sticky":false,"template":"","format":"standard","meta":{"footnotes":""},"categories":[12],"tags":[32,33,36,37,27,34,35,28,31,25,42,38,40,39,41,29,30,26],"class_list":{"0":"post-174326","1":"post","2":"type-post","3":"status-publish","4":"format-standard","5":"has-post-thumbnail","7":"category-polska","8":"tag-breaking-news","9":"tag-breakingnews","10":"tag-featured-news","11":"tag-featurednews","12":"tag-headlines","13":"tag-latest-news","14":"tag-latestnews","15":"tag-naglowki","16":"tag-najwazniejsze-artykuly","17":"tag-news","18":"tag-pl","19":"tag-poland","20":"tag-polish","21":"tag-polska","22":"tag-polski","23":"tag-top-stories","24":"tag-topstories","25":"tag-wiadomosci"},"share_on_mastodon":{"url":"https:\/\/pubeurope.com\/@pl\/115793044967943171","error":""},"_links":{"self":[{"href":"https:\/\/www.europesays.com\/pl\/wp-json\/wp\/v2\/posts\/174326","targetHints":{"allow":["GET"]}}],"collection":[{"href":"https:\/\/www.europesays.com\/pl\/wp-json\/wp\/v2\/posts"}],"about":[{"href":"https:\/\/www.europesays.com\/pl\/wp-json\/wp\/v2\/types\/post"}],"author":[{"embeddable":true,"href":"https:\/\/www.europesays.com\/pl\/wp-json\/wp\/v2\/users\/2"}],"replies":[{"embeddable":true,"href":"https:\/\/www.europesays.com\/pl\/wp-json\/wp\/v2\/comments?post=174326"}],"version-history":[{"count":0,"href":"https:\/\/www.europesays.com\/pl\/wp-json\/wp\/v2\/posts\/174326\/revisions"}],"wp:featuredmedia":[{"embeddable":true,"href":"https:\/\/www.europesays.com\/pl\/wp-json\/wp\/v2\/media\/174327"}],"wp:attachment":[{"href":"https:\/\/www.europesays.com\/pl\/wp-json\/wp\/v2\/media?parent=174326"}],"wp:term":[{"taxonomy":"category","embeddable":true,"href":"https:\/\/www.europesays.com\/pl\/wp-json\/wp\/v2\/categories?post=174326"},{"taxonomy":"post_tag","embeddable":true,"href":"https:\/\/www.europesays.com\/pl\/wp-json\/wp\/v2\/tags?post=174326"}],"curies":[{"name":"wp","href":"https:\/\/api.w.org\/{rel}","templated":true}]}}