{"id":174340,"date":"2025-12-27T19:01:12","date_gmt":"2025-12-27T19:01:12","guid":{"rendered":"https:\/\/www.europesays.com\/pl\/174340\/"},"modified":"2025-12-27T19:01:12","modified_gmt":"2025-12-27T19:01:12","slug":"na-swiecie-zawrzalo-po-slowach-lewandowskiego","status":"publish","type":"post","link":"https:\/\/www.europesays.com\/pl\/174340\/","title":{"rendered":"Na \u015bwiecie zawrza\u0142o po s\u0142owach Lewandowskiego"},"content":{"rendered":"<p><img decoding=\"async\" src=\"https:\/\/www.europesays.com\/pl\/wp-content\/uploads\/2025\/12\/69501d0724a585_52403228.jpg\" alt=\"football-espana.net\" width=\"770\" height=\"\" loading=\"lazy\" class=\"img\" data-v-7a35039b=\"\"\/> football-espana.net <\/p>\n<p forced-expanded=\"true\" class=\"part\" data-v-f5947694=\"\" data-v-20ea25b2=\"\">G\u0142o\u015bno w Hiszpanii i w Niemczech<\/p>\n<p forced-expanded=\"true\" class=\"part\" data-v-f5947694=\"\" data-v-20ea25b2=\"\">Wypowied\u017a kapitana reprezentacji Polski odbi\u0142a si\u0119 szczeg\u00f3lnie szerokim echem w Hiszpanii i w Niemczech. Angloj\u0119zyczny portal football-espana.net to jeden z licznych, kt\u00f3re cytuj\u0105 s\u0142owa Roberta Lewandowskiego.<\/p>\n<p forced-expanded=\"true\" class=\"part\" data-v-f5947694=\"\" data-v-20ea25b2=\"\">&#8211; Mam du\u017cy szacunek do Barcelony i ludzi, kt\u00f3rzy tam pracuj\u0105. By\u0142em \u015bwiadomy sytuacji klubu. To by\u0142 bonus i ka\u017cdy wie, \u017ce wtedy Barcelona ogl\u0105da\u0142a ka\u017cdego centa. To nie by\u0142a ma\u0142a kwota. Dla mnie to nic nie zmieni\u0142o, ale mia\u0142em to z ty\u0142u g\u0142owy i zastanawia\u0142em si\u0119, czy mam strzeli\u0107, czy nie &#8211; m\u00f3wi Lewandowski.<\/p>\n<p forced-expanded=\"true\" class=\"part\" data-v-f5947694=\"\" data-v-20ea25b2=\"\">&#8222;Sytuacja finansowa Barcelony poprawi\u0142a si\u0119 w ci\u0105gu ostatnich kilku lat, ale wida\u0107, jak bardzo by\u0142a zdesperowana, gdy poprosi\u0142a Lewandowskiego, \u017ceby nie strzela\u0142 nast\u0119pnych goli dla 2,5 miliona euro oszcz\u0119dno\u015bci&#8221; &#8211; komentuje football-espana.net.<\/p>\n","protected":false},"excerpt":{"rendered":"football-espana.net G\u0142o\u015bno w Hiszpanii i w Niemczech Wypowied\u017a kapitana reprezentacji Polski odbi\u0142a si\u0119 szczeg\u00f3lnie szerokim echem w Hiszpanii&hellip;\n","protected":false},"author":2,"featured_media":174341,"comment_status":"","ping_status":"","sticky":false,"template":"","format":"standard","meta":{"footnotes":""},"categories":[24],"tags":[1157,935,272,267,538,269,540,278,42,901,38,40,39,41,273,127,126],"class_list":{"0":"post-174340","1":"post","2":"type-post","3":"status-publish","4":"format-standard","5":"has-post-thumbnail","7":"category-sport","8":"tag-barcelona","9":"tag-bayern-monachium","10":"tag-fc-barcelona","11":"tag-hiszpania","12":"tag-la-liga","13":"tag-pilka-nozna","14":"tag-pilka-nozna-w-hiszpanii","15":"tag-pilka-w-europie","16":"tag-pl","17":"tag-polacy-za-granica","18":"tag-poland","19":"tag-polish","20":"tag-polska","21":"tag-polski","22":"tag-robert-lewandowski","23":"tag-sport","24":"tag-sports"},"share_on_mastodon":{"url":"https:\/\/pubeurope.com\/@pl\/115793080667421588","error":""},"_links":{"self":[{"href":"https:\/\/www.europesays.com\/pl\/wp-json\/wp\/v2\/posts\/174340","targetHints":{"allow":["GET"]}}],"collection":[{"href":"https:\/\/www.europesays.com\/pl\/wp-json\/wp\/v2\/posts"}],"about":[{"href":"https:\/\/www.europesays.com\/pl\/wp-json\/wp\/v2\/types\/post"}],"author":[{"embeddable":true,"href":"https:\/\/www.europesays.com\/pl\/wp-json\/wp\/v2\/users\/2"}],"replies":[{"embeddable":true,"href":"https:\/\/www.europesays.com\/pl\/wp-json\/wp\/v2\/comments?post=174340"}],"version-history":[{"count":0,"href":"https:\/\/www.europesays.com\/pl\/wp-json\/wp\/v2\/posts\/174340\/revisions"}],"wp:featuredmedia":[{"embeddable":true,"href":"https:\/\/www.europesays.com\/pl\/wp-json\/wp\/v2\/media\/174341"}],"wp:attachment":[{"href":"https:\/\/www.europesays.com\/pl\/wp-json\/wp\/v2\/media?parent=174340"}],"wp:term":[{"taxonomy":"category","embeddable":true,"href":"https:\/\/www.europesays.com\/pl\/wp-json\/wp\/v2\/categories?post=174340"},{"taxonomy":"post_tag","embeddable":true,"href":"https:\/\/www.europesays.com\/pl\/wp-json\/wp\/v2\/tags?post=174340"}],"curies":[{"name":"wp","href":"https:\/\/api.w.org\/{rel}","templated":true}]}}