{"id":174502,"date":"2025-12-27T20:54:12","date_gmt":"2025-12-27T20:54:12","guid":{"rendered":"https:\/\/www.europesays.com\/pl\/174502\/"},"modified":"2025-12-27T20:54:12","modified_gmt":"2025-12-27T20:54:12","slug":"viki-gabor-naprawde-wyszla-za-maz-smierc-i-zona-od-boga-sadzona","status":"publish","type":"post","link":"https:\/\/www.europesays.com\/pl\/174502\/","title":{"rendered":"Viki Gabor naprawd\u0119 wysz\u0142a za m\u0105\u017c. &#8222;\u015amier\u0107 i \u017cona od Boga s\u0105dzona&#8221;"},"content":{"rendered":"<p class=\"Paragraph_desktopParagraph__U31Gm\">Zaledwie chwil\u0119 temu <a href=\"https:\/\/plejada.pl\/temat\/viki-gabor\/fy04ed0\" id=\"d10a37ee-fc4f-409a-833d-9b4a8e310dcd\" rel=\"nofollow noopener\" target=\"_blank\">Viki Gabor<\/a> \u015bwi\u0119towa\u0142a wraz z rodzin\u0105 Bo\u017ce Narodzenie, a ju\u017c pojawi\u0142 si\u0119 kolejny pow\u00f3d do celebracji. W sobotnie popo\u0142udnie na facebookowym profilu romskiego muzyka Bogdana Trojanka pojawi\u0142o si\u0119 wideo, na kt\u00f3rym twierdzi, \u017ce piosenkarka i jego wnuczek &#8222;pobrali si\u0119 wed\u0142ug tradycji romskiej&#8221; i zapowiada &#8222;pi\u0119kne, cyga\u0144skie wesele&#8221;. W sieci niemal\u017ce natychmiast zawrza\u0142o, a media zacz\u0119\u0142y masowo kontaktowa\u0107 si\u0119 z mened\u017cerem Gabor, kt\u00f3ry ostatecznie udzieli\u0142a odpowiedzi TVN-owi. &#8222;Nie potwierdzam, nie zaprzeczam&#8221; \u2014 przekaza\u0142.<\/p>\n<ul class=\"OchatFollowUps_wrapper__1ry7X\">\n<li class=\"OchatFollowUps_item__Dhyly OchatFollowUps_itemDesktop__R6aBv\">Czy Viki Gabor naprawd\u0119 wysz\u0142a za m\u0105\u017c?<\/li>\n<li class=\"OchatFollowUps_item__Dhyly OchatFollowUps_itemDesktop__R6aBv\">Co twierdzi\u0142 dziadek m\u0119\u017ca Viki Gabor?<\/li>\n<li class=\"OchatFollowUps_item__Dhyly OchatFollowUps_itemDesktop__R6aBv\">Jakie s\u0105 szczeg\u00f3\u0142y ceremonii \u015blubnej Viki Gabor?<\/li>\n<li class=\"OchatFollowUps_item__Dhyly OchatFollowUps_itemDesktop__R6aBv\">Co m\u00f3wi mened\u017cer Viki Gabor o jej \u015blubie?<\/li>\n<\/ul>\n<p>Kolejne kadry romskiego \u015blubu Viki Gabor. &#8222;\u015amier\u0107 i \u017cona&#8221; <\/p>\n<p class=\"Paragraph_desktopParagraph__U31Gm\">Cho\u0107 sama zainteresowana do tej pory nie zabra\u0142a g\u0142osu, wszystko powoli staje si\u0119 jasne \u2014 18-letnia Viki Gabor prawdopodobnie zosta\u0142a m\u0119\u017catk\u0105. Spekulacje przybra\u0142y na sile po tym, jak Bogdan Trojanek opublikowa\u0142 na Facebooku kolejne nagranie.<\/p>\n<p class=\"Paragraph_desktopParagraph__U31Gm\">Tym razem widzimy, jak &#8222;nowo\u017ce\u0144cy&#8221; gromadz\u0105 si\u0119 wok\u00f3\u0142 przewodnicz\u0105cego ceremonii i sk\u0142adaj\u0105 poca\u0142unki na jego d\u0142oni.<\/p>\n<p><img decoding=\"async\" class=\"Image_image__0tuHp Image_autoHeight__f2n87 \" height=\"587\" width=\"373\" src=\"https:\/\/www.europesays.com\/pl\/wp-content\/uploads\/2025\/12\/t3Vk9kpTURBXy82MTE2YTc1MzE5MGU1ZTY5MzA5OWMxYjE5ODU5ZTVkZi5wbmeTlQPNA_7NAWjNAaDNAo6VAs0DrADCw5UCAM0CS.jpeg\" alt=\"Bogdan Trojanek na Facebooku\" loading=\"lazy\" \/>https:\/\/www.facebook.com\/bogdantrojanek\/?locale=pl_PL<\/p>\n<p>Bogdan Trojanek na Facebooku<\/p>\n<p class=\"Paragraph_desktopParagraph__U31Gm\">&#8222;Stalo si\u0119 co si\u0119 mia\u0142o sta\u0107. \u015amier\u0107 i \u017bona od Boga s\u0105dzona Viki Gabor i M\u00f3j Wnuk Giovani Trojanek M\u0105\u017c i \u017cona wed\u0142ug naszego prawa Romanipen&#8221; \u2014 napisa\u0142 pod nagraniem Bogdan Trojanek.<\/p>\n<p class=\"Paragraph_desktopParagraph__U31Gm\">Po kadrach mo\u017cna wywnioskowa\u0107, \u017ce uroczysto\u015b\u0107 mia\u0142a miejsce w domu, a zgromadzeni wok\u00f3\u0142 Viki i Giovanniego to ich rodziny.<\/p>\n<p><img decoding=\"async\" class=\"Image_image__0tuHp Image_autoHeight__f2n87 \" height=\"587\" width=\"382\" src=\"https:\/\/www.europesays.com\/pl\/wp-content\/uploads\/2025\/12\/VAVk9kpTURBXy81YjgxMGZjODcyMzBhNWM2ZjBmZjUyZWYyNDMxMzZiMy5wbmeTlQPNA_zNAWjNAajNAoqVAs0DrADCw5UCAM0CS.jpeg\" alt=\"Bogdan Trojanek na Facebooku\" loading=\"lazy\" \/>https:\/\/www.facebook.com\/bogdantrojanek\/?locale=pl_PL<\/p>\n<p>Bogdan Trojanek na Facebooku<\/p>\n<p><img decoding=\"async\" class=\"Image_image__0tuHp Image_autoHeight__f2n87 \" height=\"587\" width=\"388\" src=\"https:\/\/www.europesays.com\/pl\/wp-content\/uploads\/2025\/12\/NDtk9kpTURBXy9jZjYyMWU5OGZkNzIxOWUzMTdjNDI2NDYzZjQ4Y2E5ZS5wbmeTlQPNA_zNAW7NAabNAn6VAs0DrADCw5UCAM0CS.jpeg\" alt=\"Bogdan Trojanek na Instagramie\" loading=\"lazy\" \/>https:\/\/www.facebook.com\/bogdantrojanek\/?locale=pl_PL<\/p>\n<p>Bogdan Trojanek na Instagramie<\/p>\n<p class=\"Paragraph_desktopParagraph__U31Gm\">Dzi\u0119kujemy, \u017ce przeczyta\u0142a\u015b\/e\u015b nasz artyku\u0142 do ko\u0144ca. W serwisie Plejada.pl ka\u017cdego dnia piszemy o najwa\u017cniejszych wydarzeniach show-biznesowych. B\u0105d\u017a na bie\u017c\u0105co! <a rel=\"nofollow noopener\" href=\"https:\/\/profile.google.com\/cp\/Cg0vZy8xMWJ6X19wdHBx\" id=\"8c3007b5-c7ec-42bd-a9ac-096bc7dc90f6\" target=\"_blank\">Obserwuj<\/a> Plejad\u0119 w Google. Odwied\u017a nas tak\u017ce na <a rel=\"nofollow noopener\" href=\"https:\/\/www.facebook.com\/plejadapl\" id=\"965827c5-8f33-4202-9cef-241c34212424\" target=\"_blank\">Facebooku<\/a>, <a rel=\"nofollow noopener\" href=\"https:\/\/www.instagram.com\/plejadapl\/\" id=\"aa2c90a1-a721-4333-a74a-d7624fb5d7a8\" target=\"_blank\">Instagramie<\/a>, <a rel=\"nofollow noopener\" href=\"https:\/\/www.youtube.com\/c\/plejada\" id=\"66ef7ad0-c3ee-4300-b5de-39626b92bf1a\" target=\"_blank\">YouTubie<\/a> oraz <a rel=\"nofollow noopener\" href=\"https:\/\/www.tiktok.com\/@plejada_pl\" id=\"4960e7f1-2c3c-4d62-90d0-c39bf4c2dd1a\" target=\"_blank\">TikToku<\/a>.<\/p>\n<p class=\"Paragraph_desktopParagraph__U31Gm\">Chcesz podzieli\u0107 si\u0119 ciekawym newsem lub zaproponowa\u0107 temat? Skontaktuj si\u0119 z nami, pisz\u0105c maila na adres: <a href=\"https:\/\/www.onet.pl\/styl-zycia\/plejada\/viki-gabor-naprawde-wyszla-za-maz-smierc-i-zona-od-boga-sadzona\/mailto:plejada@redakcjaonet.pl\" id=\"963902ea-39e4-4bc3-a32c-28ea93a7952d\" rel=\"nofollow noopener\" target=\"_blank\">plejada@redakcjaon<\/a><a rel=\"nofollow noopener\" href=\"http:\/\/et.pl\" id=\"5c50ce7e-2202-48de-8675-ff4d726f1277\" target=\"_blank\">et.pl<\/a>.<\/p>\n<p><script async src=\"\/\/www.instagram.com\/embed.js\"><\/script><script async src=\"\/\/www.tiktok.com\/embed.js\"><\/script><\/p>\n","protected":false},"excerpt":{"rendered":"Zaledwie chwil\u0119 temu Viki Gabor \u015bwi\u0119towa\u0142a wraz z rodzin\u0105 Bo\u017ce Narodzenie, a ju\u017c pojawi\u0142 si\u0119 kolejny pow\u00f3d do&hellip;\n","protected":false},"author":2,"featured_media":174503,"comment_status":"","ping_status":"","sticky":false,"template":"","format":"standard","meta":{"footnotes":"","_share_on_mastodon":"0"},"categories":[22],"tags":[34189,122,67,34191,53,52,68,51,55,42,38,40,39,41,34190,123,47,6530,196,65,50,2027],"class_list":["post-174502","post","type-post","status-publish","format-standard","has-post-thumbnail","category-rozrywka","tag-bogdan_trojanek","tag-entertainment","tag-intextvideo_splayer","tag-kultura_romska","tag-new_header","tag-onet3","tag-onet3d","tag-onet3d_2i","tag-phx","tag-pl","tag-poland","tag-polish","tag-polska","tag-polski","tag-romowie","tag-rozrywka","tag-screening_general","tag-sluby_gwiazd","tag-styl_zycia","tag-update_me","tag-v2021","tag-viki_gabor"],"share_on_mastodon":{"url":"https:\/\/pubeurope.com\/@pl\/115793524774082984","error":""},"_links":{"self":[{"href":"https:\/\/www.europesays.com\/pl\/wp-json\/wp\/v2\/posts\/174502","targetHints":{"allow":["GET"]}}],"collection":[{"href":"https:\/\/www.europesays.com\/pl\/wp-json\/wp\/v2\/posts"}],"about":[{"href":"https:\/\/www.europesays.com\/pl\/wp-json\/wp\/v2\/types\/post"}],"author":[{"embeddable":true,"href":"https:\/\/www.europesays.com\/pl\/wp-json\/wp\/v2\/users\/2"}],"replies":[{"embeddable":true,"href":"https:\/\/www.europesays.com\/pl\/wp-json\/wp\/v2\/comments?post=174502"}],"version-history":[{"count":0,"href":"https:\/\/www.europesays.com\/pl\/wp-json\/wp\/v2\/posts\/174502\/revisions"}],"wp:featuredmedia":[{"embeddable":true,"href":"https:\/\/www.europesays.com\/pl\/wp-json\/wp\/v2\/media\/174503"}],"wp:attachment":[{"href":"https:\/\/www.europesays.com\/pl\/wp-json\/wp\/v2\/media?parent=174502"}],"wp:term":[{"taxonomy":"category","embeddable":true,"href":"https:\/\/www.europesays.com\/pl\/wp-json\/wp\/v2\/categories?post=174502"},{"taxonomy":"post_tag","embeddable":true,"href":"https:\/\/www.europesays.com\/pl\/wp-json\/wp\/v2\/tags?post=174502"}],"curies":[{"name":"wp","href":"https:\/\/api.w.org\/{rel}","templated":true}]}}