{"id":174506,"date":"2025-12-27T21:00:38","date_gmt":"2025-12-27T21:00:38","guid":{"rendered":"https:\/\/www.europesays.com\/pl\/174506\/"},"modified":"2025-12-27T21:00:38","modified_gmt":"2025-12-27T21:00:38","slug":"thurnbichler-nie-chce-rozmawiac-o-polakach-oto-powod","status":"publish","type":"post","link":"https:\/\/www.europesays.com\/pl\/174506\/","title":{"rendered":"Thurnbichler nie chce rozmawia\u0107 o Polakach. Oto pow\u00f3d"},"content":{"rendered":"\n<p class=\"contentpart contentpart--default contentpart--text\" data-position=\"0\">Austriak po poprzednim sezonie zako\u0144czy\u0142 prac\u0119 z najlepszymi polskimi skoczkami. PZN chcia\u0142 go zatrzyma\u0107 w swojej strukturze i zaproponowa\u0142 przej\u0119cie junior\u00f3w, jednak <a href=\"https:\/\/sportowefakty.wp.pl\/skoki-narciarskie\/thomas-thurnbichler\" rel=\"nofollow noopener\" target=\"_blank\">Thomas Thurnbichler<\/a>\u00a0ostatecznie obj\u0105\u0142 niemieck\u0105 kadr\u0119 B.<\/p>\n<p class=\"contentpart contentpart--default contentpart--text\" data-position=\"1\">Serwis sport.pl o pocz\u0105tkach jego pracy w Niemczech rozmawia\u0142 z\u00a0Horstem Huettelem &#8211; dyrektorem sportowym ds. skok\u00f3w oraz kombinacji norweskiej w Niemieckim Zwi\u0105zku Narciarskim. Dziennikarze portalu pr\u00f3bowali nam\u00f3wi\u0107 na wywiad samego Thurnbichlera, a jedno z ich pyta\u0144 mia\u0142o dotyczy\u0107 <a href=\"https:\/\/sportowefakty.wp.pl\/skoki-narciarskie\/pawel-wasek\" rel=\"nofollow noopener\" target=\"_blank\">Paw\u0142a W\u0105ska<\/a>\u00a0&#8211; najlepszego w poprzednim sezonie polskiego skoczka. Austriacki trener jednak odm\u00f3wi\u0142.<\/p>\n<p> <img role=\"presentation\" src=\"https:\/\/std.wpcdn.pl\/images\/adv\/placeholder_wp.svg\" loading=\"lazy\" alt=\"\" decoding=\"async\"\/>  <\/p>\n<p class=\"contentpart contentpart--default contentpart--text\" data-position=\"2\">ZOBACZ WIDEO: Oto jakie zdanie o trenerze polskich skoczk\u00f3w maj\u0105 kibice<\/p>\n<p class=\"contentpart contentpart--default contentpart--text\" data-position=\"4\">&#8222;T\u0142umaczy\u0142 si\u0119 tym, \u017ce niemiecki zwi\u0105zek mia\u0142 mu zakaza\u0107 wypowiedzi na temat polskich skoczk\u00f3w. Uda\u0142o nam si\u0119 ustali\u0107, \u017ce Thurnbichler nie dosta\u0142 \u017cadnego zakazu, a jedynie s\u0142own\u0105 sugesti\u0119, \u017ce to mo\u017ce nie by\u0107 najlepszy moment na wypowiedzi o Polakach, na kt\u00f3rych i tak nic by nie zyska\u0142. Jak wida\u0107, bardzo wzi\u0105\u0142 to sobie do serca&#8221; &#8211; czytamy.<\/p>\n<p class=\"contentpart contentpart--default contentpart--text\" data-position=\"5\">Serwis zamierza\u0142 go r\u00f3wnie\u017c spyta\u0107 o kilka kwestii zwi\u0105zanych wy\u0142\u0105cznie z jego obecn\u0105 prac\u0105 w Niemczech.\u00a0Thurnbichler nie chcia\u0142 jednak rozmawia\u0107 tak\u017ce na te tematy.<\/p>\n<p class=\"contentpart contentpart--default contentpart--text\" data-position=\"6\">Dodajmy, \u017ce jego rozstanie z polsk\u0105 kadr\u0105 przebiega\u0142o w bardzo nerwowej atmosferze. Po zawodach w Planicy zadowolenia z zako\u0144czenia wsp\u00f3\u0142pracy z Austriakiem nie kryli m.in. Dawid Kubacki i Aleksander Zniszczo\u0142.<\/p>\n<p> <img role=\"presentation\" src=\"https:\/\/std.wpcdn.pl\/images\/adv\/placeholder_wp.svg\" loading=\"lazy\" alt=\"\" decoding=\"async\"\/>  <\/p>\n<p class=\"contentpart contentpart--default contentpart--text\" data-position=\"7\">Warto pami\u0119ta\u0107, \u017ce trener niemieckiej kadry A, <a href=\"https:\/\/sportowefakty.wp.pl\/skoki-narciarskie\/stefan-horngacher\" rel=\"nofollow noopener\" target=\"_blank\">Stefan Horngacher<\/a>, og\u0142osi\u0142 ju\u017c, \u017ce po zako\u0144czeniu sezonu zrezygnuje z dalszej pracy. W tej sytuacji\u00a0Thurnbichler wydaje si\u0119 jednym z naturalnych kandydat\u00f3w na jego nast\u0119pc\u0119. Niewykluczone wi\u0119c, \u017ce kolejnej zimy zn\u00f3w b\u0119dziemy mogli regularnie ogl\u0105da\u0107 go podczas zawod\u00f3w Pucharu \u015awiata.<\/p>\n","protected":false},"excerpt":{"rendered":"Austriak po poprzednim sezonie zako\u0144czy\u0142 prac\u0119 z najlepszymi polskimi skoczkami. PZN chcia\u0142 go zatrzyma\u0107 w swojej strukturze i&hellip;\n","protected":false},"author":2,"featured_media":174507,"comment_status":"","ping_status":"","sticky":false,"template":"","format":"standard","meta":{"footnotes":""},"categories":[24],"tags":[17242,42,38,40,39,41,1538,127,126,447,28540,25855],"class_list":{"0":"post-174506","1":"post","2":"type-post","3":"status-publish","4":"format-standard","5":"has-post-thumbnail","7":"category-sport","8":"tag-pawel-wasek","9":"tag-pl","10":"tag-poland","11":"tag-polish","12":"tag-polska","13":"tag-polski","14":"tag-skoki-narciarskie","15":"tag-sport","16":"tag-sports","17":"tag-sporty-zimowe","18":"tag-stefan-horngacher","19":"tag-thomas-thurnbichler"},"share_on_mastodon":{"url":"https:\/\/pubeurope.com\/@pl\/115793549431427942","error":""},"_links":{"self":[{"href":"https:\/\/www.europesays.com\/pl\/wp-json\/wp\/v2\/posts\/174506","targetHints":{"allow":["GET"]}}],"collection":[{"href":"https:\/\/www.europesays.com\/pl\/wp-json\/wp\/v2\/posts"}],"about":[{"href":"https:\/\/www.europesays.com\/pl\/wp-json\/wp\/v2\/types\/post"}],"author":[{"embeddable":true,"href":"https:\/\/www.europesays.com\/pl\/wp-json\/wp\/v2\/users\/2"}],"replies":[{"embeddable":true,"href":"https:\/\/www.europesays.com\/pl\/wp-json\/wp\/v2\/comments?post=174506"}],"version-history":[{"count":0,"href":"https:\/\/www.europesays.com\/pl\/wp-json\/wp\/v2\/posts\/174506\/revisions"}],"wp:featuredmedia":[{"embeddable":true,"href":"https:\/\/www.europesays.com\/pl\/wp-json\/wp\/v2\/media\/174507"}],"wp:attachment":[{"href":"https:\/\/www.europesays.com\/pl\/wp-json\/wp\/v2\/media?parent=174506"}],"wp:term":[{"taxonomy":"category","embeddable":true,"href":"https:\/\/www.europesays.com\/pl\/wp-json\/wp\/v2\/categories?post=174506"},{"taxonomy":"post_tag","embeddable":true,"href":"https:\/\/www.europesays.com\/pl\/wp-json\/wp\/v2\/tags?post=174506"}],"curies":[{"name":"wp","href":"https:\/\/api.w.org\/{rel}","templated":true}]}}