{"id":174578,"date":"2025-12-27T21:59:08","date_gmt":"2025-12-27T21:59:08","guid":{"rendered":"https:\/\/www.europesays.com\/pl\/174578\/"},"modified":"2025-12-27T21:59:08","modified_gmt":"2025-12-27T21:59:08","slug":"nie-umiem-az-tak-karol-nawrocki-moze-sie-wsciec-po-slowach-roberta-lewandowskiego","status":"publish","type":"post","link":"https:\/\/www.europesays.com\/pl\/174578\/","title":{"rendered":"&#8222;Nie umiem a\u017c tak&#8221;. Karol Nawrocki mo\u017ce si\u0119 w\u015bciec po s\u0142owach Roberta Lewandowskiego"},"content":{"rendered":"<p class=\"Paragraph_desktopParagraph__Fd2e9\">Chcia\u0142by\u015b zosta\u0107 prezydentem? \u2014 zapyta\u0142 dziennikarz.<\/p>\n<p class=\"Paragraph_desktopParagraph__Fd2e9\">\u2014 Czego? \u2014 dopyta\u0142 zaskoczony napastnik.<\/p>\n<p class=\"Paragraph_desktopParagraph__Fd2e9\">Polski!<\/p>\n<p class=\"Paragraph_desktopParagraph__Fd2e9\">\u2014 O nie (\u015bmiech). Polityka to w og\u00f3le\u2026 Nie umiem a\u017c tak k\u0142ama\u0107 \u2014 wypali\u0142 rozbawiony snajper.<\/p>\n<p class=\"VideoPlayerText_videoPlayerText__zrtJk\">Dalszy ci\u0105g materia\u0142u pod wideo<\/p>\n<p class=\"Paragraph_desktopParagraph__Fd2e9\">Potem rozwin\u0105\u0142 nieco swoj\u0105 my\u015bl i podej\u015bcie do polityki. \u2014 To nie jest dla mnie. Zawsze chcia\u0142em by\u0107 niezale\u017cnym. Wiem, \u017ce to jest ci\u0119\u017ckie s\u0142owo. Nie chc\u0119 w polityk\u0119 wchodzi\u0107 \u2014 stwierdzi\u0142, po czym p\u0142ynnie przeszed\u0142 do polityki w futbolu.<\/p>\n<p>Robert Lewandowski nie potrafi\u0142by si\u0119 dogada\u0107 z pi\u0142karskimi dzia\u0142aczami w Polsce?<\/p>\n<p class=\"Paragraph_desktopParagraph__Fd2e9\">\u2014 W pi\u0142ce te\u017c jest du\u017co polityki. Ja nie umiem tak czarowa\u0107, nie umiem obiecywa\u0107. Pyta\u0142e\u015b wcze\u015bniej, czy chcia\u0142bym by\u0107 prezesem PZPN. Nie, nie chcia\u0142bym. Dlatego \u017ce nie potrafi\u0142bym si\u0119 dogada\u0107 z osobami. Nie wiedzia\u0142bym, jak rozmawia\u0107 w ich j\u0119zyku. Ja zbyt profesjonalnie bym do tego podchodzi\u0142. A to niestety, czasami trzeba prostot\u0105 \u2014 stwierdzi\u0142 pi\u0142karz, nawi\u0105zuj\u0105c do wsp\u00f3\u0142pracy i dyskusji z pi\u0142karskimi dzia\u0142aczami w naszym kraju. &#8222;Mo\u017ce za 10 lub 15 lat si\u0119 tego naucz\u0119&#8221; \u2014 doda\u0142 rozbawiony.<\/p>\n<p class=\"Paragraph_desktopParagraph__Fd2e9\">Nasz napastnik zwr\u00f3ci\u0142 jednak uwag\u0119 na pewien problem, kt\u00f3ry niestety dotyczy sprawowania w\u0142adzy na odpowiedzialnych stanowiskach. \u2014 Ja troch\u0119 tego nie rozumiem, \u017ce poprzez takie proste rzeczy p\u00f3\u017aniej kto\u015b sprawuje w\u0142adz\u0119 albo jest odpowiedzialny za tak wa\u017cny aspekt, jakim jest sport, pi\u0142ka no\u017cna czy jakakolwiek dziedzina, kt\u00f3r\u0105 si\u0119 zarz\u0105dza \u2014 powiedzia\u0142 napastnik reprezentacji Polski.<\/p>\n<p>&#8222;W\u00f3deczk\u0105&#8221; za\u0142atwia si\u0119 sprawy<\/p>\n<p class=\"Paragraph_desktopParagraph__Fd2e9\">Co Lewandowski m\u00f3g\u0142 mie\u0107 na my\u015bli, m\u00f3wi\u0105c o &#8222;prostych rzeczach&#8221;? Wydaje si\u0119, \u017ce odpowied\u017a na to pytanie doskonale zna Marek Ko\u017ami\u0144ski, kt\u00f3ry swego czasu przegra\u0142 wybory na prezesa PZPN z Cezarym Kulesz\u0105. A co by\u0142o g\u0142\u00f3wnym powodem tamtej pora\u017cki?<\/p>\n<p class=\"Paragraph_desktopParagraph__Fd2e9\">W swoim przem\u00f3wieniu po og\u0142oszeniu nowego prezesa PZPN Ko\u017ami\u0144ski nie gryz\u0142 si\u0119 w j\u0119zyk, odnosz\u0105c si\u0119 do standard\u00f3w, jakie panuj\u0105 obecnie w polskich klubach. Opowiedzia\u0142 o sytuacji, jaka przydarzy\u0142a si\u0119 dzie\u0144 przed decyduj\u0105cym zjazdem PZPN. Ko\u017ami\u0144ski relacjonowa\u0142 rozmowy z dzia\u0142aczami. \u2014 &#8222;Marek, ty jeste\u015b fajny, ale wiesz, jakby\u015b tak czasami przyjecha\u0142 si\u0119 z nami napi\u0107 w\u00f3deczki, by\u0142oby lepiej&#8221;. Nie pad\u0142o zdanie: &#8222;Marek, przyjecha\u0142by\u015b, pogadaliby\u015bmy o pi\u0142ce, o sporcie&#8221;. Troch\u0119 dla mnie szok \u2014 wypali\u0142 z m\u00f3wnicy by\u0142y reprezentant Polski, kt\u00f3ry od lat odnosi sukcesy w bran\u017cy deweloperskiej.<\/p>\n<p>Po tym zdarzeniu Lewandowski zmieni\u0142 podej\u015bcie<\/p>\n<p class=\"Paragraph_desktopParagraph__Fd2e9\">Nasz napastnik w obszernym wywiadzie dla Bogdana Rymanowskiego porusza\u0142 wiele w\u0105tk\u00f3w ze swojego \u017cycia. Jednym z nich jest stosunek do kibic\u00f3w, kt\u00f3rzy w chwilach prywatnych prosz\u0105 go o wsp\u00f3lne zdj\u0119cie. &#8222;Lewy&#8221; opowiedzia\u0142 o zdarzeniu, kt\u00f3re ca\u0142kowicie zmieni\u0142o jego podej\u015bcie do kontakt\u00f3w z fanami, gdy przebywa z rodzin\u0105. <a href=\"https:\/\/przegladsportowy.onet.pl\/pilka-nozna\/laliga\/robert-lewandowski-odpiera-powazne-zarzuty-chronilem-siebie-i-rodzine\/dl0drth\" id=\"e7acba99-2c98-40c0-bfeb-b64a7221533d\" rel=\"nofollow noopener\" target=\"_blank\"> Pi\u0142karz Barcelony wr\u00f3ci\u0142 wspomnieniami do momentu, w kt\u00f3rym w pewnej chwili znikn\u0119\u0142a jedna z jego c\u00f3rek. <\/a>\u2014 <a href=\"https:\/\/przegladsportowy.onet.pl\/pilka-nozna\/laliga\/robert-lewandowski-odpiera-powazne-zarzuty-chronilem-siebie-i-rodzine\/dl0drth\" id=\"f0c5248d-6eb4-4cee-a431-e26993664395\" rel=\"nofollow noopener\" target=\"_blank\">Zda\u0142em sobie spraw\u0119 \u2014 przyzna\u0142 wprost.<\/a><\/p>\n","protected":false},"excerpt":{"rendered":"Chcia\u0142by\u015b zosta\u0107 prezydentem? \u2014 zapyta\u0142 dziennikarz. \u2014 Czego? \u2014 dopyta\u0142 zaskoczony napastnik. Polski! \u2014 O nie (\u015bmiech). Polityka&hellip;\n","protected":false},"author":2,"featured_media":174579,"comment_status":"","ping_status":"","sticky":false,"template":"","format":"standard","meta":{"footnotes":""},"categories":[5],"tags":[32,33,303,36,37,27,67,43,34,35,28,31,25,129,42,38,40,39,41,1005,136,128,300,47,135,29,30,26],"class_list":{"0":"post-174578","1":"post","2":"type-post","3":"status-publish","4":"format-standard","5":"has-post-thumbnail","7":"category-naglowki","8":"tag-breaking-news","9":"tag-breakingnews","10":"tag-fc_barcelona","11":"tag-featured-news","12":"tag-featurednews","13":"tag-headlines","14":"tag-intextvideo_splayer","15":"tag-karol_nawrocki","16":"tag-latest-news","17":"tag-latestnews","18":"tag-naglowki","19":"tag-najwazniejsze-artykuly","20":"tag-news","21":"tag-ofsajd","22":"tag-pl","23":"tag-poland","24":"tag-polish","25":"tag-polska","26":"tag-polski","27":"tag-prezydent","28":"tag-ps_detal_new","29":"tag-psv2","30":"tag-robert_lewandowski","31":"tag-screening_general","32":"tag-sport_sport","33":"tag-top-stories","34":"tag-topstories","35":"tag-wiadomosci"},"share_on_mastodon":{"url":"https:\/\/pubeurope.com\/@pl\/115793780144801526","error":""},"_links":{"self":[{"href":"https:\/\/www.europesays.com\/pl\/wp-json\/wp\/v2\/posts\/174578","targetHints":{"allow":["GET"]}}],"collection":[{"href":"https:\/\/www.europesays.com\/pl\/wp-json\/wp\/v2\/posts"}],"about":[{"href":"https:\/\/www.europesays.com\/pl\/wp-json\/wp\/v2\/types\/post"}],"author":[{"embeddable":true,"href":"https:\/\/www.europesays.com\/pl\/wp-json\/wp\/v2\/users\/2"}],"replies":[{"embeddable":true,"href":"https:\/\/www.europesays.com\/pl\/wp-json\/wp\/v2\/comments?post=174578"}],"version-history":[{"count":0,"href":"https:\/\/www.europesays.com\/pl\/wp-json\/wp\/v2\/posts\/174578\/revisions"}],"wp:featuredmedia":[{"embeddable":true,"href":"https:\/\/www.europesays.com\/pl\/wp-json\/wp\/v2\/media\/174579"}],"wp:attachment":[{"href":"https:\/\/www.europesays.com\/pl\/wp-json\/wp\/v2\/media?parent=174578"}],"wp:term":[{"taxonomy":"category","embeddable":true,"href":"https:\/\/www.europesays.com\/pl\/wp-json\/wp\/v2\/categories?post=174578"},{"taxonomy":"post_tag","embeddable":true,"href":"https:\/\/www.europesays.com\/pl\/wp-json\/wp\/v2\/tags?post=174578"}],"curies":[{"name":"wp","href":"https:\/\/api.w.org\/{rel}","templated":true}]}}