{"id":174611,"date":"2025-12-27T22:22:09","date_gmt":"2025-12-27T22:22:09","guid":{"rendered":"https:\/\/www.europesays.com\/pl\/174611\/"},"modified":"2025-12-27T22:22:09","modified_gmt":"2025-12-27T22:22:09","slug":"katharina-schmid-konczy-kariere-po-igrzyskach-olimpijskich-odejdzie-kolejna-gwiazda-skokow-sport-tvp-pl","status":"publish","type":"post","link":"https:\/\/www.europesays.com\/pl\/174611\/","title":{"rendered":"Katharina Schmid ko\u0144czy karier\u0119 po igrzyskach olimpijskich. Odejdzie kolejna gwiazda skok\u00f3w &#8211; sport.tvp.pl"},"content":{"rendered":"<ol>\n<li><a href=\"https:\/\/news.google.com\/rss\/articles\/CBMivAFBVV95cUxQSzlURF9OMnp5X3lERjk2ZF9LaUN5ejZzT2NRWTY5UGV6T0pKeVF0U3dOQkUzdDZ1SWNHU1NUNnZXa0ZpZWw1MDhzTXdxYVphd3dBZEtNdzcxeVVNZk5Id2VFclR2dXdCV00zYjBqaXpFTDlxT1ctdWU5QkJiNGZOS2ZCM1pQOUJTUmtPWjNUenctZEV4OFZNVDdmME9jR1kzdWpNZmpiOWlBNDBLUkxZWjVXTHFqTE42cEQtatIBwgFBVV95cUxOUmQtSkhQeVQ4cUFHRGtfaDJGR2VadDgzM1I1SHRQTW11U1c3V1I3dFl5ZTRTb1QzR3JNbkdGeGsyWU5hdjNJdFVYWGdfVkZSTloyU09MczBKSDYyRDgwaVhFa2U1aUN2RWpnWG94QXprQ0gxTVRJU1g3WTJBM3B6T05wVmJHZDdDbnVDeDR2Q1l3cnNaR3lOVmRNb3FtRFVRZFkza0xvcFlYa2NPY2JKRjVKVWhXV29IS2c4ZDF1S0lOZw?oc=5\" target=\"_blank\" rel=\"nofollow noopener\">Katharina Schmid ko\u0144czy karier\u0119 po igrzyskach olimpijskich. Odejdzie kolejna gwiazda skok\u00f3w<\/a>&nbsp;&nbsp;sport.tvp.pl<\/li>\n<li><a href=\"https:\/\/news.google.com\/rss\/articles\/CBMi1gFBVV95cUxQUG9iR1pRWnBYTDJrXzVvUm9XWGFoRXhGakZiVTY1UGxTMEtuXzVzU3lkeG5uNzZwaDlRdUwtQUU0cFdCeWp5Z3Z4a2QtWWFvZFJ5cGlvOUwxZWNNOUlrb0RvV1JTQU00MzctWXJsTGIwcTlGeGFVM3E4UUM5dGt1c3pDY0d4enVRQnJXWVZubDhNUmg3SDk5MlpiM1k0M2YzX1BKZ3pldmlXNkFqeGJuWFJOOXNGdWMxWE10MnBIWmpzOVI1TzNuNEE2YlhsZlpkamNKZmxR?oc=5\" target=\"_blank\" rel=\"nofollow noopener\">Szok! Legenda skok\u00f3w narciarskich ko\u0144czy karier\u0119. Ma zaledwie 29 lat<\/a>&nbsp;&nbsp;Przegl\u0105d Sportowy Onet<\/li>\n<li><a href=\"https:\/\/news.google.com\/rss\/articles\/CBMilgFBVV95cUxOM2JfS0F0UGJiU0IxenY1TWEwUFVzcm9hOUgwRHlPMWVPN1dGelJxZThrbDFja0F4NmotcVRLWEZXenVhYWZKQkpvU01uS0dhRkk5N2VlMm9kS0JpVVVTSU1TOUlDaTVBUTJCYmRYM2ZPajUzYnpTUDRIRVRVc1BNZmJfcWg1VlEyZkdENlBmLXl2QnM4Znc?oc=5\" target=\"_blank\" rel=\"nofollow noopener\">Niespodziewana decyzja. Ko\u0144czy karier\u0119<\/a>&nbsp;&nbsp;SportoweFakty<\/li>\n<li><a href=\"https:\/\/news.google.com\/rss\/articles\/CBMiggFBVV95cUxPdS1BZ3dWQm5DU2FXcjRJR3ZLRGprb3JycklIY2FxbXlYUXVZdC1nbDVSbFQwbEVqMVhwRVFWUFNZUFU2REZRMU1iUW85UGNmOUExekpwcnE4YWJYUDdEYnFJZVYwUnYxY3BCSkVnM3JLSTg4Zzl4WG1FRXM5R3JBa3Fn0gGHAUFVX3lxTE85dUs2ZDdLcnRpaktNbmF6UjJEN3VsdTloZXhmb3I5Q0RySUJRRnlPa1hHX3dWX0F6SlV4T2p0RktxWEpVMHc5dEtwajFPVjRaanZ6UmFjU3ZteDFmY1NNaGRZN000c2lpeFk5VV9uaUpheHprc2NSUDRKNDBoaFZRbVFYbGs1NA?oc=5\" target=\"_blank\" rel=\"nofollow noopener\">Po\u017cegnalna zima Kathariny Schmid<\/a>&nbsp;&nbsp;Skijumping<\/li>\n<li><a href=\"https:\/\/news.google.com\/rss\/articles\/CBMi8AFBVV95cUxNT2RKTzVZbUc0R3ZleGlFTHlyVC01OE5Va1FRUEZ5aDNVYzNEcGZoV1VpNkpieHVNclNLbWZ4R2QwZ2Z2OHlZb3l6UzJXOWRma2h5NlVjZjF1Q19NdmstQ00xY2MzMjRVUEFVQ0hSY2RLYzBmMktCQUtSZnBqVzRJSzJWb0h5SXVER0Zhc0FQNHR4bnhicDFBNFFxaUx6MHpPaVRSY3pEMUNnYkUxNlNyWHRjdzgxZUZHQXlmUUQyOEdjbFJhdTl4Vkt1MTJfTXZuaG9vWGpXUC1admJFRXBRci1PSjJJX2R1RWR1NGJmblU?oc=5\" target=\"_blank\" rel=\"nofollow noopener\">Dwukrotna wicemistrzyni olimpijska zako\u0144czy karier\u0119 po obecnym sezonie. Nie wystartuje w wymarzonym Turnieju Czterech Skoczni<\/a>&nbsp;&nbsp;SkokiPolska.pl<\/li>\n<\/ol>\n","protected":false},"excerpt":{"rendered":"Katharina Schmid ko\u0144czy karier\u0119 po igrzyskach olimpijskich. Odejdzie kolejna gwiazda skok\u00f3w&nbsp;&nbsp;sport.tvp.pl Szok! Legenda skok\u00f3w narciarskich ko\u0144czy karier\u0119. Ma&hellip;\n","protected":false},"author":2,"featured_media":174612,"comment_status":"","ping_status":"","sticky":false,"template":"","format":"standard","meta":{"footnotes":"","_share_on_mastodon":"0"},"categories":[24],"tags":[34227,42,38,40,39,41,1538,127,334,126],"class_list":["post-174611","post","type-post","status-publish","format-standard","has-post-thumbnail","category-sport","tag-katharina-schmid","tag-pl","tag-poland","tag-polish","tag-polska","tag-polski","tag-skoki-narciarskie","tag-sport","tag-sport-tvp-pl","tag-sports"],"share_on_mastodon":{"url":"https:\/\/pubeurope.com\/@pl\/115793871009881527","error":""},"_links":{"self":[{"href":"https:\/\/www.europesays.com\/pl\/wp-json\/wp\/v2\/posts\/174611","targetHints":{"allow":["GET"]}}],"collection":[{"href":"https:\/\/www.europesays.com\/pl\/wp-json\/wp\/v2\/posts"}],"about":[{"href":"https:\/\/www.europesays.com\/pl\/wp-json\/wp\/v2\/types\/post"}],"author":[{"embeddable":true,"href":"https:\/\/www.europesays.com\/pl\/wp-json\/wp\/v2\/users\/2"}],"replies":[{"embeddable":true,"href":"https:\/\/www.europesays.com\/pl\/wp-json\/wp\/v2\/comments?post=174611"}],"version-history":[{"count":0,"href":"https:\/\/www.europesays.com\/pl\/wp-json\/wp\/v2\/posts\/174611\/revisions"}],"wp:featuredmedia":[{"embeddable":true,"href":"https:\/\/www.europesays.com\/pl\/wp-json\/wp\/v2\/media\/174612"}],"wp:attachment":[{"href":"https:\/\/www.europesays.com\/pl\/wp-json\/wp\/v2\/media?parent=174611"}],"wp:term":[{"taxonomy":"category","embeddable":true,"href":"https:\/\/www.europesays.com\/pl\/wp-json\/wp\/v2\/categories?post=174611"},{"taxonomy":"post_tag","embeddable":true,"href":"https:\/\/www.europesays.com\/pl\/wp-json\/wp\/v2\/tags?post=174611"}],"curies":[{"name":"wp","href":"https:\/\/api.w.org\/{rel}","templated":true}]}}