{"id":174619,"date":"2025-12-27T22:28:08","date_gmt":"2025-12-27T22:28:08","guid":{"rendered":"https:\/\/www.europesays.com\/pl\/174619\/"},"modified":"2025-12-27T22:28:08","modified_gmt":"2025-12-27T22:28:08","slug":"paliwa-z-rosji-jest-decyzja-w-sprawie-zakazu-eksportu","status":"publish","type":"post","link":"https:\/\/www.europesays.com\/pl\/174619\/","title":{"rendered":"Paliwa z Rosji. Jest decyzja w sprawie zakazu eksportu"},"content":{"rendered":"\n<p class=\"article_p\" data-section=\"detail-body\">Dalsza cz\u0119\u015b\u0107 artyku\u0142u znajduje si\u0119 poni\u017cej materia\u0142u wideo<\/p>\n<p class=\"article_p\" data-section=\"detail-body\">Rosja oficjalnie przed\u0142u\u017cy\u0142a do 28 lutego tymczasowe ograniczenia w eksporcie benzyny poza granice kraju \u2014 poinformowa\u0142 Bloomberg. Agencja wskazuje, \u017ce decyzja ta ma na celu utrzymanie stabilno\u015bci na krajowym rynku paliw w obliczu ci\u0105g\u0142ych atak\u00f3w na infrastruktur\u0119 energetyczn\u0105.<\/p>\n<p>        Rosja zatrzymuje benzyn\u0119 dla siebie. Kogo dotycz\u0105 ograniczenia?<\/p>\n<p class=\"article_p\" data-section=\"detail-body\">Zgodnie z dekretem opublikowanym w sobot\u0119, zakaz dotyczy wszystkich eksporter\u00f3w, w tym bezpo\u015brednich producent\u00f3w paliw. Opr\u00f3cz benzyny, ograniczenia do ko\u0144ca lutego dotyczy\u0142y r\u00f3wnie\u017c oleju nap\u0119dowego i paliwa okr\u0119towego, a tak\u017ce innych rodzaj\u00f3w olej\u00f3w nap\u0119dowych z kraj\u00f3w, kt\u00f3re ich nie produkuj\u0105. Poprzedni okres obowi\u0105zywania tych \u015brodk\u00f3w mia\u0142 wygasn\u0105\u0107 w tym miesi\u0105cu.<\/p>\n<p>            Czytaj tak\u017ce w BUSINESS INSIDER<\/p>\n<p class=\"article_p\" data-section=\"detail-body\">Rosja wprowadzi\u0142a te \u015brodki pod koniec sierpnia w zwi\u0105zku z zaostrzeniem kryzysu paliwowego. Sytuacja pogorszy\u0142a si\u0119 w wyniku regularnych atak\u00f3w ukrai\u0144skich dron\u00f3w na rafinerie ropy naftowej i porty \u2014 od Morza Czarnego po wybrze\u017ce Ba\u0142tyku.<\/p>\n<p class=\"article_p\" data-section=\"detail-body\">Zobacz tak\u017ce: <a href=\"https:\/\/businessinsider.com.pl\/gospodarka\/chiny-nie-ugiely-sie-pod-presja-usa-ropa-z-rosji-umacnia-ich-pozycje\/zy276d3\" id=\"416a89e8-85bd-4b40-bffb-366534f7ca95\" rel=\"nofollow noopener\" target=\"_blank\">Sankcje USA maj\u0105 za nic. Chiny importuj\u0105 to z Rosji na pot\u0119g\u0119<\/a><\/p>\n<p class=\"article_p\" data-section=\"detail-body\">Bloomberg zauwa\u017ca, \u017ce ataki doprowadzi\u0142y do \u200b\u200bniedobor\u00f3w paliwa w niekt\u00f3rych regionach i gwa\u0142townego wzrostu cen krajowych. Pomimo cz\u0119\u015bciowej stabilizacji rynku, ceny na stacjach benzynowych pozostaj\u0105 wysokie, co zmusza Kreml do utrzymania ogranicze\u0144 eksportowych.<\/p>\n<p>        Rosja by\u0142a wa\u017cnym dostawc\u0105 paliw<\/p>\n<p class=\"article_p\" data-section=\"detail-body\">Rosja nale\u017cy do \u015bcis\u0142ej \u015bwiatowej czo\u0142\u00f3wki producent\u00f3w energii, wytwarzaj\u0105c rocznie ponad 40 mln ton benzyny silnikowej. Cho\u0107 historycznie kraj ten by\u0142 znacz\u0105cym eksporterem produkt\u00f3w naftowych, w 2025 r. jego rola na globalnym rynku benzyny uleg\u0142a drastycznemu ograniczeniu ze wzgl\u0119du na trwaj\u0105cy kryzys paliwowy wywo\u0142any skutecznymi atakami ukrai\u0144skich dron\u00f3w na kluczowe rafinerie.<\/p>\n<p class=\"article_p\" data-section=\"detail-body\">Obecnie wi\u0119kszo\u015b\u0107 rosyjskiej produkcji paliw musi by\u0107 kierowana na zaspokojenie potrzeb krajowych, w tym priorytetowego sektora rolniczego i armii, co sprawia, \u017ce Rosja niemal znikn\u0119\u0142a z grona aktywnych eksporter\u00f3w tego surowca.<\/p>\n<p class=\"article_p\" data-section=\"detail-body\">G\u0142\u00f3wnymi odbiorcami pozosta\u0142ych produkt\u00f3w rafinowanych, kt\u00f3re nie podlegaj\u0105 ca\u0142kowitym restrykcjom, pozostaj\u0105 Chiny, Indie oraz Turcja, cho\u0107 og\u00f3lne wolumeny sprzeda\u017cy rosyjskich paliw za granic\u0119 znajduj\u0105 si\u0119 na najni\u017cszych poziomach od lat.<\/p>\n","protected":false},"excerpt":{"rendered":"Dalsza cz\u0119\u015b\u0107 artyku\u0142u znajduje si\u0119 poni\u017cej materia\u0142u wideo Rosja oficjalnie przed\u0142u\u017cy\u0142a do 28 lutego tymczasowe ograniczenia w eksporcie&hellip;\n","protected":false},"author":2,"featured_media":174620,"comment_status":"","ping_status":"","sticky":false,"template":"","format":"standard","meta":{"footnotes":""},"categories":[5],"tags":[32,33,36,37,27,34,35,28,31,25,42,38,40,39,41,29,30,26],"class_list":{"0":"post-174619","1":"post","2":"type-post","3":"status-publish","4":"format-standard","5":"has-post-thumbnail","7":"category-naglowki","8":"tag-breaking-news","9":"tag-breakingnews","10":"tag-featured-news","11":"tag-featurednews","12":"tag-headlines","13":"tag-latest-news","14":"tag-latestnews","15":"tag-naglowki","16":"tag-najwazniejsze-artykuly","17":"tag-news","18":"tag-pl","19":"tag-poland","20":"tag-polish","21":"tag-polska","22":"tag-polski","23":"tag-top-stories","24":"tag-topstories","25":"tag-wiadomosci"},"share_on_mastodon":{"url":"https:\/\/pubeurope.com\/@pl\/115793894174092509","error":""},"_links":{"self":[{"href":"https:\/\/www.europesays.com\/pl\/wp-json\/wp\/v2\/posts\/174619","targetHints":{"allow":["GET"]}}],"collection":[{"href":"https:\/\/www.europesays.com\/pl\/wp-json\/wp\/v2\/posts"}],"about":[{"href":"https:\/\/www.europesays.com\/pl\/wp-json\/wp\/v2\/types\/post"}],"author":[{"embeddable":true,"href":"https:\/\/www.europesays.com\/pl\/wp-json\/wp\/v2\/users\/2"}],"replies":[{"embeddable":true,"href":"https:\/\/www.europesays.com\/pl\/wp-json\/wp\/v2\/comments?post=174619"}],"version-history":[{"count":0,"href":"https:\/\/www.europesays.com\/pl\/wp-json\/wp\/v2\/posts\/174619\/revisions"}],"wp:featuredmedia":[{"embeddable":true,"href":"https:\/\/www.europesays.com\/pl\/wp-json\/wp\/v2\/media\/174620"}],"wp:attachment":[{"href":"https:\/\/www.europesays.com\/pl\/wp-json\/wp\/v2\/media?parent=174619"}],"wp:term":[{"taxonomy":"category","embeddable":true,"href":"https:\/\/www.europesays.com\/pl\/wp-json\/wp\/v2\/categories?post=174619"},{"taxonomy":"post_tag","embeddable":true,"href":"https:\/\/www.europesays.com\/pl\/wp-json\/wp\/v2\/tags?post=174619"}],"curies":[{"name":"wp","href":"https:\/\/api.w.org\/{rel}","templated":true}]}}