{"id":174715,"date":"2025-12-28T00:50:14","date_gmt":"2025-12-28T00:50:14","guid":{"rendered":"https:\/\/www.europesays.com\/pl\/174715\/"},"modified":"2025-12-28T00:50:14","modified_gmt":"2025-12-28T00:50:14","slug":"malgorzata-tomaszewska-na-romantycznych-kadrach-z-narzeczonym-abonent-niedostepny-2","status":"publish","type":"post","link":"https:\/\/www.europesays.com\/pl\/174715\/","title":{"rendered":"Ma\u0142gorzata Tomaszewska na romantycznych kadrach z narzeczonym. &#8222;Abonent niedost\u0119pny&#8221;"},"content":{"rendered":"<p class=\"ods-c-paragraph \"><a href=\"https:\/\/plejada.pl\/temat\/malgorzata-tomaszewska-slomina\/t3gll2n\" id=\"2d940499-70fb-4c82-8124-8c62d578c4bd\" rel=\"nofollow noopener\" target=\"_blank\">Ma\u0142gorzata Tomaszewska<\/a> pochodzi ze znanej rodziny, przez co latami mierzy\u0142a si\u0119 z etykietk\u0105 tzw. nepo dziecka. Jej ojciec by\u0142 bramkarzem reprezentacji Polski a matka tenisistk\u0105 sto\u0142ow\u0105. Swoj\u0105 przygod\u0119 z telewizj\u0105 zacz\u0119\u0142a w\u0142a\u015bnie od sportu \u2014 w 2012 r. zosta\u0142a prezenterk\u0105 telewizji Sportklub, a ju\u017c dwa lata p\u00f3\u017aniej rozpocz\u0119\u0142a wsp\u00f3\u0142prac\u0119 z Polsatem, gdzie zajmowa\u0142a si\u0119 prognoz\u0105 pogody. W latach 2018-2024 by\u0142a zwi\u0105zana z Telewizj\u0105 Polsk\u0105 \u2014 pocz\u0105tkowo prowadzi\u0142a show-biznesowy segment &#8222;Pytania na \u015bniadanie&#8221;, a p\u00f3\u017aniej zosta\u0142a jedn\u0105 z prowadz\u0105cych. Bo g\u0142o\u015bnym zwolnieniu ci\u0119\u017carnej w\u00f3wczas Tomaszewskiej, z otwartymi ramiona przyj\u0119to j\u0105 do &#8222;Dzie\u0144 dobry TVN&#8221;.<\/p>\n<p>Dalszy ci\u0105g artyku\u0142u pod materia\u0142em wideo<\/p>\n<p> Kto jest narzeczonym Ma\u0142gorzaty Tomaszewskiej? <\/p>\n<p> Jakie by\u0142y okoliczno\u015bci poznania Ma\u0142gorzaty z Robertem? <\/p>\n<p> Ile dzieci ma Ma\u0142gorzata Tomaszewska? <\/p>\n<p> Gdzie sp\u0119dzili urlop Ma\u0142gorzata i jej narzeczony? <\/p>\n<p>  Ma\u0142gorzata Tomaszewska na romantycznych kadrach z narzeczonym<\/p>\n<p class=\"ods-c-paragraph \">Ma\u0142gorzata Tomaszewska jest jedn\u0105 z najbardziej tajemniczych postaci polskiego show-biznesu \u2014 niewiele wiadomo o jej \u017cyciu prywatnym i rodzinnym, bo sama zainteresowana pilnie go strze\u017ce i raczej niech\u0119tnie udziela wywiad\u00f3w dotycz\u0105cych jej spraw osobistych.<\/p>\n<p class=\"ods-c-paragraph \">Wiadomo tylko tyle, \u017ce jest <a href=\"https:\/\/plejada.pl\/polscy-celebryci\/malgorzata-tomaszewska-ma-za-soba-dwa-rozwody-nagle-wiesci-przed-porodem\/30hhlmn\" id=\"11c9e38d-dee9-44d8-89c6-154eebae6ba0\" rel=\"nofollow noopener\" target=\"_blank\">dwukrotnie rozwiedziona<\/a> i ma dw\u00f3jk\u0119 dzieci, syna Enzo i c\u00f3rk\u0119 Laur\u0119. Pierwszym m\u0119\u017cem prezenterki by\u0142 zawodowym kierowc\u0105, z kolei jej drugi wybranek pochodzi\u0142 z Turcji i nazywa\u0142 si\u0119 Ahmetem Seygi Yigit Tarcim.<\/p>\n<p><img decoding=\"async\" src=\"https:\/\/www.europesays.com\/pl\/wp-content\/uploads\/2025\/12\/UyKk9lBaHR0cHM6Ly9vY2RuLmV1L3B1bHNjbXMvTURBXy81YWE3ZjFlNWQzZTMzMTRhNjI0ZTM5YjhhZmY4YWExZS5wbmeSlQPNA.jpeg\" height=\"529\" width=\"940\" alt=\"Ma\u0142gorzata Tomaszewska na Instagramie\" loading=\"lazy\" class=\"ods-c-image__img ods-c-image__img--viewport-width\"\/><\/p>\n<p>Ma\u0142gorzata Tomaszewska na Instagramiehttps:\/\/www.instagram.com\/malgorzata__tomaszewska\/?hl=pl<\/p>\n<p class=\"ods-c-paragraph \">Tomaszewska ju\u017c od d\u0142u\u017cszego czasu spotyka si\u0119 z tajemniczym Robertem, o kt\u00f3rym niewiele m\u00f3wi. Do tej pory zdradzi\u0142a tylko jego imi\u0119 i okoliczno\u015bci, w jakich <a href=\"https:\/\/plejada.pl\/newsy\/malgorzata-tomaszewska-nagrala-wideo-z-partnerem-zdradzili-jak-sie-poznali\/e8kkp7y\" id=\"461ea2ff-f2ae-4c4f-a4cf-1b96f779e672\" rel=\"nofollow noopener\" target=\"_blank\">si\u0119 poznali<\/a> \u2014 na wsp\u00f3lnych zdj\u0119ciach nigdy nie wida\u0107 r\u00f3wnie\u017c jego twarzy.<\/p>\n<p class=\"ods-c-paragraph \">Prezenterka wybra\u0142a si\u0119 na po\u015bwi\u0105teczny wypoczynek w g\u00f3rskie rejony, a na jej Instagramie pojawi\u0142y si\u0119 kadry z zimowego urlopu. Na kilku zdj\u0119ciach widzimy te\u017c narzeczonego Tomaszewskiej, kt\u00f3ry obsypuje j\u0105 czu\u0142o\u015bciami, a tak\u017ce wideo, na kt\u00f3rym Robert jedzie na nartach w towarzystwie rocznej Laury.<\/p>\n<p><img decoding=\"async\" src=\"https:\/\/www.europesays.com\/pl\/wp-content\/uploads\/2025\/12\/CzKk9lBaHR0cHM6Ly9vY2RuLmV1L3B1bHNjbXMvTURBXy83NmZmZjkxZjM4YWUwY2E5Y2JhYjBiY2NjODUwNzE0NC5wbmeSlQPNA.jpeg\" height=\"529\" width=\"940\" alt=\"Ma\u0142gorzata Tomaszewska na Instagramie\" loading=\"lazy\" class=\"ods-c-image__img ods-c-image__img--viewport-width\"\/><\/p>\n<p>Ma\u0142gorzata Tomaszewska na Instagramiehttps:\/\/www.instagram.com\/malgorzata__tomaszewska\/?hl=pl<\/p>\n<p> <img decoding=\"async\" src=\"https:\/\/www.europesays.com\/pl\/wp-content\/uploads\/2025\/12\/Dz2k9lBaHR0cHM6Ly9vY2RuLmV1L3B1bHNjbXMvTURBXy8zZWUxNzI0NTQ4MzY2MjA4MmEwNWU3MTFmZDNiM2UzZS5wbmeSlQPNA.jpeg\" height=\"529\" width=\"940\" alt=\"Ma\u0142gorzata Tomaszewska na Instagramie\" loading=\"lazy\" class=\"ods-c-image__img ods-c-image__img--viewport-width\"\/><\/p>\n<p>Ma\u0142gorzata Tomaszewska na Instagramiehttps:\/\/www.instagram.com\/malgorzata__tomaszewska\/?hl=pl<\/p>\n<p> <img decoding=\"async\" src=\"https:\/\/www.europesays.com\/pl\/wp-content\/uploads\/2025\/12\/7SDk9lBaHR0cHM6Ly9vY2RuLmV1L3B1bHNjbXMvTURBXy8xYTNkZDUyMGJiZmEyODY0MGRhNjI5MmNlMjdmMzMzNy5wbmeSlQPNA.jpeg\" height=\"529\" width=\"940\" alt=\"Ma\u0142gorzata Tomaszewska na Instagramie\" loading=\"lazy\" class=\"ods-c-image__img ods-c-image__img--viewport-width\"\/><\/p>\n<p>Ma\u0142gorzata Tomaszewska na Instagramiehttps:\/\/www.instagram.com\/malgorzata__tomaszewska\/?hl=pl<\/p>\n<p> <img decoding=\"async\" src=\"https:\/\/www.europesays.com\/pl\/wp-content\/uploads\/2025\/12\/UJ5k9lBaHR0cHM6Ly9vY2RuLmV1L3B1bHNjbXMvTURBXy8xZjJmMGRmOTYyMjMzZjJjNWY2OWNhNzUwNGZmMmVmMi5wbmeSlQPNA.jpeg\" height=\"529\" width=\"940\" alt=\"Ma\u0142gorzata Tomaszewska na Instagramie\" loading=\"lazy\" class=\"ods-c-image__img ods-c-image__img--viewport-width\"\/><\/p>\n<p>Ma\u0142gorzata Tomaszewska na Instagramiehttps:\/\/www.instagram.com\/malgorzata__tomaszewska\/?hl=pl<\/p>\n<p> <img decoding=\"async\" src=\"https:\/\/www.europesays.com\/pl\/wp-content\/uploads\/2025\/12\/JBTk9lBaHR0cHM6Ly9vY2RuLmV1L3B1bHNjbXMvTURBXy84MGY4MmZkOGZkMTVmNTlkOGQ3MDE5MWU5ZDFhODE0NC5wbmeSlQPNA.jpeg\" height=\"529\" width=\"940\" alt=\"Ma\u0142gorzata Tomaszewska na Instagramie\" loading=\"lazy\" class=\"ods-c-image__img ods-c-image__img--viewport-width\"\/><\/p>\n<p>Ma\u0142gorzata Tomaszewska na Instagramiehttps:\/\/www.instagram.com\/malgorzata__tomaszewska\/?hl=pl<\/p>\n<p class=\"ods-c-paragraph \">Dzi\u0119kujemy, \u017ce przeczyta\u0142a\u015b\/e\u015b nasz artyku\u0142 do ko\u0144ca. W serwisie Plejada.pl ka\u017cdego dnia piszemy o najwa\u017cniejszych wydarzeniach show-biznesowych. B\u0105d\u017a na bie\u017c\u0105co! <a rel=\"nofollow noopener\" href=\"https:\/\/profile.google.com\/cp\/Cg0vZy8xMWJ6X19wdHBx\" id=\"cf9ff035-189f-4f1a-87a7-b82093e3c837\" target=\"_blank\">Obserwuj<\/a> Plejad\u0119 w Google. Odwied\u017a nas tak\u017ce na <a rel=\"nofollow noopener\" href=\"https:\/\/www.facebook.com\/plejadapl\" id=\"94197595-3589-434d-9616-7945bc1f34ff\" target=\"_blank\">Facebooku<\/a>, <a rel=\"nofollow noopener\" href=\"https:\/\/www.instagram.com\/plejadapl\/\" id=\"0a5ac10e-8b6f-40a9-b40e-567f37551ef1\" target=\"_blank\">Instagramie<\/a>, <a rel=\"nofollow noopener\" href=\"https:\/\/www.youtube.com\/c\/plejada\" id=\"f165a494-6a99-40b6-9544-a023ce831837\" target=\"_blank\">YouTubie<\/a> oraz <a rel=\"nofollow noopener\" href=\"https:\/\/www.tiktok.com\/@plejada_pl\" id=\"992ded5e-5684-47ed-b7e5-1ed020504269\" target=\"_blank\">TikToku<\/a>.<\/p>\n<p class=\"ods-c-paragraph \">Chcesz podzieli\u0107 si\u0119 ciekawym newsem lub zaproponowa\u0107 temat? Skontaktuj si\u0119 z nami, pisz\u0105c maila na adres: <a rel=\"nofollow noopener\" href=\"https:\/\/plejada.pl\/newsy\/malgorzata-tomaszewska-na-romantycznych-kadrach-z-narzeczonym-abonent-niedostepny\/mailto:plejada@redakcjaonet.pl\" id=\"3fbba0a6-7c19-44a9-bcfd-1201b0e06730\" target=\"_blank\">plejada@redakcjaon<\/a><a href=\"https:\/\/et.pl\" id=\"447be21d-b0b9-42f7-a12e-ad3473434596\" rel=\"nofollow noopener\" target=\"_blank\">et.pl<\/a>.<\/p>\n<p><script async src=\"\/\/www.instagram.com\/embed.js\"><\/script><script async src=\"\/\/www.tiktok.com\/embed.js\"><\/script><\/p>\n","protected":false},"excerpt":{"rendered":"Ma\u0142gorzata Tomaszewska pochodzi ze znanej rodziny, przez co latami mierzy\u0142a si\u0119 z etykietk\u0105 tzw. nepo dziecka. Jej ojciec&hellip;\n","protected":false},"author":2,"featured_media":174716,"comment_status":"","ping_status":"","sticky":false,"template":"","format":"standard","meta":{"footnotes":""},"categories":[22],"tags":[122,5112,48,125,46,42,38,40,39,41,123,47,2115],"class_list":{"0":"post-174715","1":"post","2":"type-post","3":"status-publish","4":"format-standard","5":"has-post-thumbnail","7":"category-rozrywka","8":"tag-entertainment","9":"tag-malgorzata_tomaszewska","10":"tag-nat_styl","11":"tag-newsy","12":"tag-omp","13":"tag-pl","14":"tag-poland","15":"tag-polish","16":"tag-polska","17":"tag-polski","18":"tag-rozrywka","19":"tag-screening_general","20":"tag-zwiazki_gwiazd"},"share_on_mastodon":{"url":"https:\/\/pubeurope.com\/@pl\/115794452789260368","error":""},"_links":{"self":[{"href":"https:\/\/www.europesays.com\/pl\/wp-json\/wp\/v2\/posts\/174715","targetHints":{"allow":["GET"]}}],"collection":[{"href":"https:\/\/www.europesays.com\/pl\/wp-json\/wp\/v2\/posts"}],"about":[{"href":"https:\/\/www.europesays.com\/pl\/wp-json\/wp\/v2\/types\/post"}],"author":[{"embeddable":true,"href":"https:\/\/www.europesays.com\/pl\/wp-json\/wp\/v2\/users\/2"}],"replies":[{"embeddable":true,"href":"https:\/\/www.europesays.com\/pl\/wp-json\/wp\/v2\/comments?post=174715"}],"version-history":[{"count":0,"href":"https:\/\/www.europesays.com\/pl\/wp-json\/wp\/v2\/posts\/174715\/revisions"}],"wp:featuredmedia":[{"embeddable":true,"href":"https:\/\/www.europesays.com\/pl\/wp-json\/wp\/v2\/media\/174716"}],"wp:attachment":[{"href":"https:\/\/www.europesays.com\/pl\/wp-json\/wp\/v2\/media?parent=174715"}],"wp:term":[{"taxonomy":"category","embeddable":true,"href":"https:\/\/www.europesays.com\/pl\/wp-json\/wp\/v2\/categories?post=174715"},{"taxonomy":"post_tag","embeddable":true,"href":"https:\/\/www.europesays.com\/pl\/wp-json\/wp\/v2\/tags?post=174715"}],"curies":[{"name":"wp","href":"https:\/\/api.w.org\/{rel}","templated":true}]}}