{"id":174717,"date":"2025-12-28T00:52:15","date_gmt":"2025-12-28T00:52:15","guid":{"rendered":"https:\/\/www.europesays.com\/pl\/174717\/"},"modified":"2025-12-28T00:52:15","modified_gmt":"2025-12-28T00:52:15","slug":"samsung-galaxy-s25-edge-tanieje-jak-dziki-w-polsce-2750-pln","status":"publish","type":"post","link":"https:\/\/www.europesays.com\/pl\/174717\/","title":{"rendered":"Samsung Galaxy S25 Edge tanieje jak dziki w Polsce-2750 PLN"},"content":{"rendered":"<p class=\"lead\">Samsung Galaxy S25 Edge tanieje jak szalony \u2013 r\u00f3wnie\u017c w Polsce. Teraz mo\u017cesz kupi\u0107 go za 2750 z\u0142otych w promocji z polskiego magazynu. Nie pami\u0119tam innego Samsunga, kt\u00f3ry tania\u0142by tak b\u0142yskawicznie.<\/p>\n<p><a href=\"https:\/\/www.gsmmaniak.pl\/1573412\/samsung-galaxy-s25-edge-test\/\" rel=\"nofollow noopener\" target=\"_blank\">Samsung Galaxy S25 Edge<\/a> to pora\u017cka na ka\u017cdym froncie \u2013 od projektu, przez wydajno\u015b\u0107 i bateri\u0119 a\u017c po sprzeda\u017c. Nic wi\u0119c dziwnego, \u017ce w Polsce tanieje jak szalony, a do tego w promocji mo\u017cesz kupi\u0107 go za po\u0142ow\u0119 premierowej ceny. IMHO \u2013 nadal nie warto.<\/p>\n<p>Samsung Galaxy S25 Edge tanieje jak szalony<\/p>\n<p>W promocji mo\u017cesz kupi\u0107 Samsunga Galaxy S25 Edge za <a href=\"https:\/\/alitems.site\/g\/1e8d114494a471506c9816525dc3e8\/?ulp=https%3A%2F%2Fpl.aliexpress.com%2Fitem%2F1005010513678905.html\" rel=\"nofollow noopener\" target=\"_blank\">2750 z\u0142otych<\/a> przy wysy\u0142ce z polskiego magazynu. Korzystaj\u0105c z kupony AliExress (rabat naliczy si\u0119 sam) zaoszcz\u0119dzisz dodatkowe 132 z\u0142ote.<\/p>\n<p><a href=\"https:\/\/www.ceneo.pl\/182322286#pid=525\" rel=\"nofollow noopener\" target=\"_blank\"><img loading=\"lazy\" decoding=\"async\" aria-describedby=\"caption-attachment-1624036\" class=\"size-medium wp-image-1624036\" src=\"https:\/\/www.europesays.com\/pl\/wp-content\/uploads\/2025\/12\/Zrzut-ekranu-2025-12-27-132352-medium.jpg\" alt=\"Samsung Galaxy S25 Edge\" width=\"500\" height=\"261\"   itemprop=\"image\" \/><\/a><\/p>\n<p id=\"caption-attachment-1624036\" class=\"wp-caption-text\">Polskie ceny Samsunga Galaxy S25 Edge \/ fot. Ceneo<\/p>\n<p>Jak wypada to na tle cen z polskiej dystrybucji?\u00a0 Por\u00f3wnywarka cenowa Ceneo pokazuje, \u017ce Samsung Galaxy S25 Edge kosztuje co najmniej<a href=\"https:\/\/www.ceneo.pl\/182322286#pid=525\" rel=\"nofollow noopener\" target=\"_blank\"> 4299 z\u0142otych<\/a> w du\u017cych elektromarketach. W por\u00f3wnaniu do premierowej ceny straci\u0142 ju\u017c 50% warto\u015bci.<\/p>\n<p>Oczywi\u015bcie miej na uwadze, \u017ce taki Samsung Galaxy S25 Edge <a href=\"https:\/\/www.gsmmaniak.pl\/1598623\/jaki-telefon-samsung-kupic-ranking\/#Kupujesz_smartfon_Galaxy_Na_to_musisz_zwrocic_uwage\" rel=\"nofollow noopener\" target=\"_blank\">nie b\u0119dzie obj\u0119ty polsk\u0105 gwarancj\u0105<\/a>, ale na tym etapie nie musz\u0119 tego chyba nikomu t\u0142umaczy\u0107.<\/p>\n<p>Nadal nie mam przekonania, czy jest wart takiej kasy<\/p>\n<p>W zasadzie to mam przekonanie, \u017ce nie jest wart \u017cadnej kasy. Nie chodzi tu nawet o standardowe zarzuty, kt\u00f3re zwykle stawiam Samsungowi \u2013 raczej o ca\u0142\u0105 <a href=\"https:\/\/www.gsmmaniak.pl\/1618004\/najgorsze-telefony-2025-podsumowanie\/\" rel=\"nofollow noopener\" target=\"_blank\">kategori\u0119 ultrasmuk\u0142ych telefon\u00f3w<\/a>. Je\u017celi jednak czujesz, \u017ce 5mm elegancji jest dla Ciebie cenniejsze od wydajno\u015bci i baterii, to by\u0107 mo\u017ce jest to telefon dla Ciebie.<\/p>\n<p><img loading=\"lazy\" decoding=\"async\" aria-describedby=\"caption-attachment-1572421\" class=\"size-medium wp-image-1572421\" src=\"https:\/\/www.europesays.com\/pl\/wp-content\/uploads\/2025\/12\/galaxy-s25-edge-features-one-ui-visual-medium.jpg\" alt=\"Samsung Galaxy S25 Edge\" width=\"500\" height=\"267\"   \/><\/p>\n<p id=\"caption-attachment-1572421\" class=\"wp-caption-text\">Samsung Galaxy S25 Edge \/ fot. producenta<\/p>\n<p>Jedno trzeba Samsungowi odda\u0107 i nawet ja nie jestem w stanie z tym dyskutowa\u0107 \u2013 Galaxy S25 Edge jest przepi\u0119kny. Gdybym mia\u0142 wybiera\u0107 pomi\u0119dzy durem i choler\u0105, to na pewno wola\u0142bym go zamiast iPhone\u2019a 17 Air. Obiektywnie mo\u017cna te\u017c powiedzie\u0107, \u017ce ma ca\u0142kiem niez\u0142y aparat.<\/p>\n<p>Kupuj\u0105c ten model, warto jednak zdawa\u0107 sobie spraw\u0119 z jego ogranicze\u0144. Miej \u015bwiadomo\u015b\u0107, \u017ce powerbank b\u0119dzie Twoim najlepszym przyjacielem, bo nie ma szans, \u017ceby bez \u0142adowania wytrzyma\u0142 od rana do wieczora. Do tego zapomnij o jakichkolwiek grach \u2013 ten smartfon kompletnie si\u0119 do nich nie nadaje, bo na ch\u0142odzenie zwyczajnie nie starczy\u0142o miejsca.<\/p>\n<p>Szczerze m\u00f3wi\u0105c, to wola\u0142bym wyda\u0107 jeszcze tysiaka mniej i skorzysta\u0107 z <a href=\"https:\/\/www.gsmmaniak.pl\/1624001\/realme-gt-7t-promocja-z-polski-oficjalny-sklep-allegro\/\" rel=\"nofollow noopener\" target=\"_blank\">promocji na realme GT 7T<\/a>. W oficjalnym sklepie Allegro mo\u017cesz ca\u0142kiem sporo zaoszcz\u0119dzi\u0107.<\/p>\n<blockquote class=\"wp-embedded-content\" data-secret=\"2CAWy2uDNA\">\n<p><a href=\"https:\/\/www.gsmmaniak.pl\/1624001\/realme-gt-7t-promocja-z-polski-oficjalny-sklep-allegro\/\" rel=\"nofollow noopener\" target=\"_blank\">Tak tanio w Polsce nie by\u0142o nawet na Black Friday. Ten smartfon jest skrojony pod moje prywatne potrzeby i 6 lat spokoju<\/a><\/p>\n<\/blockquote>\n<p>\u0179r\u00f3d\u0142o: <a href=\"https:\/\/alitems.site\/g\/1e8d114494a471506c9816525dc3e8\/?ulp=https%3A%2F%2Fpl.aliexpress.com%2Fitem%2F1005010513678905.html\" rel=\"nofollow noopener\" target=\"_blank\">AliExpress<\/a>, opracowanie w\u0142asne<\/p>\n<p>Nie przegap kolejnej promocji<\/p>\n<p><a href=\"https:\/\/www.facebook.com\/Lowcy.Promocji\" target=\"_blank\" rel=\"nofollow noopener\"><img decoding=\"async\" class=\"aligncenter size-medium wp-image-592466\" src=\"https:\/\/www.europesays.com\/pl\/wp-content\/uploads\/2025\/10\/pasek-fb-lowcy-promocji.png\" alt=\"\u0141owcy Promocji techManiaK.PL\" \/><\/a><\/p>\n<p>Je\u017celi szukasz przecen i promocji i nie chcesz przegapi\u0107 dobrych okazji, zach\u0119cam do \u015bledzenia naszego maniaKalnego profilu <a href=\"https:\/\/www.facebook.com\/Lowcy.Promocji\" target=\"_self\" rel=\"nofollow noopener\">\u0141owcy Promocji na facebooku<\/a>. Codziennie sprawdzamy co ciekawego mo\u017cna znale\u017a\u0107 w Sieci.<\/p>\n","protected":false},"excerpt":{"rendered":"Samsung Galaxy S25 Edge tanieje jak szalony \u2013 r\u00f3wnie\u017c w Polsce. Teraz mo\u017cesz kupi\u0107 go za 2750 z\u0142otych&hellip;\n","protected":false},"author":2,"featured_media":27551,"comment_status":"","ping_status":"","sticky":false,"template":"","format":"standard","meta":{"footnotes":""},"categories":[16],"tags":[113,112,42,38,40,39,41],"class_list":{"0":"post-174717","1":"post","2":"type-post","3":"status-publish","4":"format-standard","5":"has-post-thumbnail","7":"category-biznes","8":"tag-biznes","9":"tag-business","10":"tag-pl","11":"tag-poland","12":"tag-polish","13":"tag-polska","14":"tag-polski"},"share_on_mastodon":{"url":"https:\/\/pubeurope.com\/@pl\/115794460504448520","error":""},"_links":{"self":[{"href":"https:\/\/www.europesays.com\/pl\/wp-json\/wp\/v2\/posts\/174717","targetHints":{"allow":["GET"]}}],"collection":[{"href":"https:\/\/www.europesays.com\/pl\/wp-json\/wp\/v2\/posts"}],"about":[{"href":"https:\/\/www.europesays.com\/pl\/wp-json\/wp\/v2\/types\/post"}],"author":[{"embeddable":true,"href":"https:\/\/www.europesays.com\/pl\/wp-json\/wp\/v2\/users\/2"}],"replies":[{"embeddable":true,"href":"https:\/\/www.europesays.com\/pl\/wp-json\/wp\/v2\/comments?post=174717"}],"version-history":[{"count":0,"href":"https:\/\/www.europesays.com\/pl\/wp-json\/wp\/v2\/posts\/174717\/revisions"}],"wp:featuredmedia":[{"embeddable":true,"href":"https:\/\/www.europesays.com\/pl\/wp-json\/wp\/v2\/media\/27551"}],"wp:attachment":[{"href":"https:\/\/www.europesays.com\/pl\/wp-json\/wp\/v2\/media?parent=174717"}],"wp:term":[{"taxonomy":"category","embeddable":true,"href":"https:\/\/www.europesays.com\/pl\/wp-json\/wp\/v2\/categories?post=174717"},{"taxonomy":"post_tag","embeddable":true,"href":"https:\/\/www.europesays.com\/pl\/wp-json\/wp\/v2\/tags?post=174717"}],"curies":[{"name":"wp","href":"https:\/\/api.w.org\/{rel}","templated":true}]}}