{"id":174721,"date":"2025-12-28T00:57:16","date_gmt":"2025-12-28T00:57:16","guid":{"rendered":"https:\/\/www.europesays.com\/pl\/174721\/"},"modified":"2025-12-28T00:57:16","modified_gmt":"2025-12-28T00:57:16","slug":"oliwia-bieniuk-idzie-sladami-anny-przybylskiej-wzruszajace-zdjecie-i-wspomnienia-aktorki","status":"publish","type":"post","link":"https:\/\/www.europesays.com\/pl\/174721\/","title":{"rendered":"Oliwia Bieniuk idzie \u015bladami Anny Przybylskiej. Wzruszaj\u0105ce zdj\u0119cie i wspomnienia aktorki"},"content":{"rendered":"<p>To ju\u017c 11\u00a0lat, odk\u0105d musieli\u015bmy\u00a0po\u017cegna\u0107\u00a0jedn\u0105 z\u00a0najpi\u0119kniejszych\u00a0i\u00a0najlepiej\u00a0zapowiadaj\u0105cych\u00a0si\u0119 aktorek. W tym roku Anna Przybylska obchodzi\u0142aby 47. Urodziny i z tej okazji jej c\u00f3rka, podzieli\u0142a si\u0119 zdj\u0119ciem z mam\u0105, wspominaj\u0105c wsp\u00f3lny czas\u00a0sp\u0119dzany z rodzin\u0105.\u00a0<\/p>\n<p><a href=\"https:\/\/swiatseriali.interia.pl\/tagi-anna-przybylska,tId,120648\" target=\"_blank\" rel=\"noreferrer noopener nofollow\">Anna Przybylska<\/a>\u00a0zadebiutowa\u0142a w filmie\u00a0&#8222;Ciemna strona Wenus&#8221;. Rozpoznawalno\u015b\u0107 przynios\u0142a jej rola sier\u017cant Marylki Baki w serialu\u00a0&#8222;Z\u0142otopolscy&#8221;. Publiczno\u015b\u0107 pami\u0119ta j\u0105 tak\u017ce z takich produkcji, jak\u00a0&#8222;Daleko od noszy&#8221;, &#8222;Kariera Nikosia Dyzmy&#8221;, &#8222;Z\u0142oty \u015brodek&#8221;, &#8222;S\u0119p&#8221; czy &#8222;Bilet na Ksi\u0119\u017cyc&#8221;.\u00a0<\/p>\n<p>W lutym 2014 roku otrzyma\u0142a nagrod\u0119 &#8222;Najpi\u0119kniejszej Polki 2013&#8221; w plebiscycie &#8222;Viva! Najpi\u0119kniejsi&#8221;.\u00a0<\/p>\n<p>Jej kariera zosta\u0142a brutalnie przerwana przez chorob\u0119. Anna Przybylska stoczy\u0142a d\u0142ug\u0105 walk\u0119 z nowotworem trzustki. Zmar\u0142a 5 pa\u017adziernika 2014 roku w wieku 37 lat.\u00a0\u00a0<\/p>\n<p>Oliwia Bieniuk rozwija swoj\u0105 aktorsk\u0105 karier\u0119. Ma 23 lata i mogli\u015bmy j\u0105 zobaczy\u0107 w serialu &#8222;<a href=\"https:\/\/swiatseriali.interia.pl\/newsy\/seriale\/gliniarze-1416\" target=\"_blank\" rel=\"noreferrer noopener nofollow\">Gliniarze<\/a>&#8221; czy w filmie\u00a0<a href=\"https:\/\/film.interia.pl\/film-ania,fId,21050\" target=\"_blank\" rel=\"noreferrer noopener nofollow\">&#8222;Ania&#8221;<\/a>. Niestety musia\u0142a i wci\u0105\u017c musi mierzy\u0107 si\u0119 z por\u00f3wnaniami do uwielbianej matki, a to na pewno nie jest \u0142atwe dla m\u0142odej osoby. \u00a0\u00a0<\/p>\n<p>M\u0142oda aktorka nigdy nie ukrywa\u0142a, \u017ce mama\u00a0by\u0142a i jest dla niej wielkim autorytetem. Gdy odesz\u0142a, Oliwia by\u0142\u0105 jeszcze dzieckiem. Z\u00a0okazji\u00a0rocznicy urodziny\u00a0Anny Przybylskiej, c\u00f3rka opublikowa\u0142a wyj\u0105tkowe zdj\u0119cie z\u00a0dzieci\u0144stwa\u00a0&#8211; gdy wraz z mam\u0105 i bratem\u00a0odpoczywa\u0142a\u00a0nad\u00a0basenem. Jedynym komentarzem by\u0142 pojedyncze szare serduszko.\u00a0<\/p>\n<p>        Instagram Post<\/p>\n<p>W wywiadzie dla &#8222;Vivy&#8221; z 2023 roku Oliwia Bieniuk opowiedzia\u0142a o swoim wyborze kariery.\u00a0<\/p>\n<p>&#8222;Aktorstwo to po\u015bwi\u0119canie siebie, swoich przekona\u0144 i\u00a0zasad w\u00a0imi\u0119 artyzmu. W\u00a0ten zaw\u00f3d trzeba si\u0119 anga\u017cowa\u0107 w\u00a0stu procentach. My\u015bl\u0119 wi\u0119c, \u017ce na pewno role, kt\u00f3re kiedy\u015b zagram, b\u0119d\u0105 wymaga\u0142y pewnego po\u015bwi\u0119cenia si\u0119&#8221; &#8211; m\u00f3wi\u0142a.\u00a0<\/p>\n<p>A niedawno m\u0142oda gwiazda odebra\u0142a dyplom Warszawskiej Szko\u0142y Filmowej, czym tak\u017ce ch\u0119tnie si\u0119 podzieli\u0142a.<\/p>\n<p>  &#13;<br \/>\n    &#13;<br \/>\n            Wideo&#13;<\/p>\n<p>        &#13;<br \/>\n&#13;<br \/>\n    &#13;<br \/>\n        &#13;<br \/>\n                &#13;<\/p>\n<p>&#13;<br \/>\n                                        Gwiazda pochodz\u0105ca z Polski w mi\u0119dzynarodowym hicie\u00a0Apple\u2019a! Zagra w rodzimych produkcjach?\u00a0&#13;<br \/>\n                                        INTERIA.PL&#13;\n                    <\/p>\n<p>&#13;<br \/>\n    &#13;<\/p>\n","protected":false},"excerpt":{"rendered":"To ju\u017c 11\u00a0lat, odk\u0105d musieli\u015bmy\u00a0po\u017cegna\u0107\u00a0jedn\u0105 z\u00a0najpi\u0119kniejszych\u00a0i\u00a0najlepiej\u00a0zapowiadaj\u0105cych\u00a0si\u0119 aktorek. W tym roku Anna Przybylska obchodzi\u0142aby 47. Urodziny i z tej&hellip;\n","protected":false},"author":2,"featured_media":174722,"comment_status":"","ping_status":"","sticky":false,"template":"","format":"standard","meta":{"footnotes":""},"categories":[22],"tags":[122,42,38,40,39,41,123],"class_list":{"0":"post-174721","1":"post","2":"type-post","3":"status-publish","4":"format-standard","5":"has-post-thumbnail","7":"category-rozrywka","8":"tag-entertainment","9":"tag-pl","10":"tag-poland","11":"tag-polish","12":"tag-polska","13":"tag-polski","14":"tag-rozrywka"},"share_on_mastodon":{"url":"https:\/\/pubeurope.com\/@pl\/115794479902251986","error":""},"_links":{"self":[{"href":"https:\/\/www.europesays.com\/pl\/wp-json\/wp\/v2\/posts\/174721","targetHints":{"allow":["GET"]}}],"collection":[{"href":"https:\/\/www.europesays.com\/pl\/wp-json\/wp\/v2\/posts"}],"about":[{"href":"https:\/\/www.europesays.com\/pl\/wp-json\/wp\/v2\/types\/post"}],"author":[{"embeddable":true,"href":"https:\/\/www.europesays.com\/pl\/wp-json\/wp\/v2\/users\/2"}],"replies":[{"embeddable":true,"href":"https:\/\/www.europesays.com\/pl\/wp-json\/wp\/v2\/comments?post=174721"}],"version-history":[{"count":0,"href":"https:\/\/www.europesays.com\/pl\/wp-json\/wp\/v2\/posts\/174721\/revisions"}],"wp:featuredmedia":[{"embeddable":true,"href":"https:\/\/www.europesays.com\/pl\/wp-json\/wp\/v2\/media\/174722"}],"wp:attachment":[{"href":"https:\/\/www.europesays.com\/pl\/wp-json\/wp\/v2\/media?parent=174721"}],"wp:term":[{"taxonomy":"category","embeddable":true,"href":"https:\/\/www.europesays.com\/pl\/wp-json\/wp\/v2\/categories?post=174721"},{"taxonomy":"post_tag","embeddable":true,"href":"https:\/\/www.europesays.com\/pl\/wp-json\/wp\/v2\/tags?post=174721"}],"curies":[{"name":"wp","href":"https:\/\/api.w.org\/{rel}","templated":true}]}}