{"id":174762,"date":"2025-12-28T01:56:11","date_gmt":"2025-12-28T01:56:11","guid":{"rendered":"https:\/\/www.europesays.com\/pl\/174762\/"},"modified":"2025-12-28T01:56:11","modified_gmt":"2025-12-28T01:56:11","slug":"francja-wbija-szpile-rosji-pokazali-wymowne-nagranie","status":"publish","type":"post","link":"https:\/\/www.europesays.com\/pl\/174762\/","title":{"rendered":"Francja wbija szpil\u0119 Rosji. Pokazali wymowne nagranie"},"content":{"rendered":"<p> Francja odpowiada na rosyjskie\u00a0wideo\u00a0<\/p>\n<p class=\"art_paragraph\">Nagranie opublikowane przez francuskie <a href=\"https:\/\/wiadomosci.gazeta.pl\/ministerstwo-spraw-zagranicznych#anchorLink\" rel=\"nofollow noopener\" target=\"_blank\">MSZ<\/a> przypomina ostrze\u017cenia Rosjan z jesieni ubieg\u0142ego roku. Moskwa alarmowa\u0142a w\u00f3wczas, \u017ce Europ\u0119 czeka powa\u017cny kryzys energetyczny, niedobory gazu i zima, kt\u00f3ra mia\u0142a sparali\u017cowa\u0107 Zach\u00f3d.\u00a0Francuski resort dyplomacji zestawi\u0142 te zapowiedzi z rzeczywisto\u015bci\u0105. Na filmie pokazano, \u017ce prognozowany chaos nie nast\u0105pi\u0142, a <a href=\"https:\/\/next.gazeta.pl\/next\/7,151243,32430947,europa-planuje-odwet-na-rosji-nie-mozemy-pozwolic-sobie-na.html#anchorLink\" rel=\"nofollow noopener\" target=\"_blank\">Europa<\/a> przechodzi\u00a0zim\u0119\u00a0bez zapowiadanego za\u0142amania.\u00a0<\/p>\n<p> Dane gospodarcze\u00a0<\/p>\n<p class=\"art_paragraph\">Wideo kontrastuje rosyjskie narracje z aktualnymi danymi gospodarczymi. Wskazuje m.in. na inflacj\u0119 w Rosji si\u0119gaj\u0105c\u0105 oko\u0142o 9 procent oraz os\u0142abiaj\u0105cego si\u0119 rubla.\u00a0Francuzi wskazuj\u0105 wprost: to nie Europa, lecz Rosja mierzy si\u0119 dzi\u015b z coraz powa\u017cniejszymi problemami.\u00a0<\/p>\n<p>\n    Zobacz wideo Francuzi ciesz\u0105 si\u0119 z antyameryka\u0144skiej retoryki na \u015bwiecie\n  <\/p>\n<p> Wojna coraz mocniej obci\u0105\u017ca rosyjsk\u0105 gospodark\u0119\u00a0<\/p>\n<p class=\"art_paragraph\">Francuska dyplomacja zwraca r\u00f3wnie\u017c uwag\u0119 na d\u0142ugofalowe skutki wojny z Ukrain\u0105. Po niemal czterech latach konfliktu Rosja\u00a0ma mie\u0107 ogromne problemy przez rosn\u0105ce wydatki na armi\u0119 i zbrojenia, kt\u00f3re\u00a0coraz wyra\u017aniej obci\u0105\u017caj\u0105 finanse pa\u0144stwa.\u00a0Ironia u\u017cyta w materiale\u00a0francuskiej dyplomacji\u00a0sprawi\u0142a, \u017ce przekaz szybko rozszed\u0142 si\u0119 w mediach spo\u0142eczno\u015bciowych i odbi\u0142 szerokim echem poza Francj\u0105.\u00a0<\/p>\n<p> Gotowo\u015b\u0107 na rozmowy\u00a0\u00a0<\/p>\n<p class=\"art_paragraph\">Tymczasem tydzie\u0144 temu, 21 grudnia, portal\u00a0Politico\u00a0przekonywa\u0142, \u017ce prezydent Francji Emmanuel Macron\u00a0i jego rosyjski odpowiednik mog\u0105 zmierza\u0107 do dwustronnych rozm\u00f3w na temat Ukrainy. Prezydent Rosji <a href=\"https:\/\/wiadomosci.gazeta.pl\/wladimir-putin#anchorLink\" rel=\"nofollow noopener\" target=\"_blank\">W\u0142adimir Putin<\/a> &#8222;wyrazi\u0142 gotowo\u015b\u0107 do podj\u0119cia dialogu&#8221; z\u00a0Macronem\u00a0w tej sprawie. Pa\u0142ac Elizejski odpowiedzia\u0142 pozytywnie. &#8222;Cieszymy si\u0119, \u017ce Kreml publicznie zgodzi\u0142 si\u0119 na takie podej\u015bcie. W najbli\u017cszych dniach podejmiemy decyzj\u0119 o\u00a0najlepszym sposobie post\u0119powania&#8221;\u00a0&#8211;\u00a0o\u015bwiadczy\u0142a francuska\u00a0strona.\u00a0<\/p>\n<p class=\"art_paragraph\">Czytaj tak\u017ce: <a href=\"https:\/\/wiadomosci.gazeta.pl\/polityka\/7,198013,32494167,polskie-msz-odpowiada-na-grozby-rosji-widac-roznice-miedzy.html#google_vignette\" class=\"art_link\" rel=\"dofollow noopener\" target=\"_blank\">Polskie MSZ odpowiada na gro\u017aby Rosji. &#8222;Wida\u0107 r\u00f3\u017cnic\u0119 mi\u0119dzy naszymi pa\u0144stwami&#8221;<\/a>\n  <\/p>\n<p>\u0179r\u00f3d\u0142a:France Diplomacy (X), Politico.eu, wp.pl<\/p>\n","protected":false},"excerpt":{"rendered":"Francja odpowiada na rosyjskie\u00a0wideo\u00a0 Nagranie opublikowane przez francuskie MSZ przypomina ostrze\u017cenia Rosjan z jesieni ubieg\u0142ego roku. Moskwa alarmowa\u0142a&hellip;\n","protected":false},"author":2,"featured_media":174763,"comment_status":"","ping_status":"","sticky":false,"template":"","format":"standard","meta":{"footnotes":""},"categories":[14],"tags":[32,33,27,34,35,28,31,25,40,41,80,29,30,26,82,83,84],"class_list":{"0":"post-174762","1":"post","2":"type-post","3":"status-publish","4":"format-standard","5":"has-post-thumbnail","7":"category-swiat","8":"tag-breaking-news","9":"tag-breakingnews","10":"tag-headlines","11":"tag-latest-news","12":"tag-latestnews","13":"tag-naglowki","14":"tag-najwazniejsze-artykuly","15":"tag-news","16":"tag-polish","17":"tag-polski","18":"tag-swiat","19":"tag-top-stories","20":"tag-topstories","21":"tag-wiadomosci","22":"tag-world","23":"tag-world-news","24":"tag-worldnews"},"share_on_mastodon":{"url":"https:\/\/pubeurope.com\/@pl\/115794711847719186","error":""},"_links":{"self":[{"href":"https:\/\/www.europesays.com\/pl\/wp-json\/wp\/v2\/posts\/174762","targetHints":{"allow":["GET"]}}],"collection":[{"href":"https:\/\/www.europesays.com\/pl\/wp-json\/wp\/v2\/posts"}],"about":[{"href":"https:\/\/www.europesays.com\/pl\/wp-json\/wp\/v2\/types\/post"}],"author":[{"embeddable":true,"href":"https:\/\/www.europesays.com\/pl\/wp-json\/wp\/v2\/users\/2"}],"replies":[{"embeddable":true,"href":"https:\/\/www.europesays.com\/pl\/wp-json\/wp\/v2\/comments?post=174762"}],"version-history":[{"count":0,"href":"https:\/\/www.europesays.com\/pl\/wp-json\/wp\/v2\/posts\/174762\/revisions"}],"wp:featuredmedia":[{"embeddable":true,"href":"https:\/\/www.europesays.com\/pl\/wp-json\/wp\/v2\/media\/174763"}],"wp:attachment":[{"href":"https:\/\/www.europesays.com\/pl\/wp-json\/wp\/v2\/media?parent=174762"}],"wp:term":[{"taxonomy":"category","embeddable":true,"href":"https:\/\/www.europesays.com\/pl\/wp-json\/wp\/v2\/categories?post=174762"},{"taxonomy":"post_tag","embeddable":true,"href":"https:\/\/www.europesays.com\/pl\/wp-json\/wp\/v2\/tags?post=174762"}],"curies":[{"name":"wp","href":"https:\/\/api.w.org\/{rel}","templated":true}]}}