{"id":174771,"date":"2025-12-28T03:39:13","date_gmt":"2025-12-28T03:39:13","guid":{"rendered":"https:\/\/www.europesays.com\/pl\/174771\/"},"modified":"2025-12-28T03:39:13","modified_gmt":"2025-12-28T03:39:13","slug":"james-cameron-wszystko-przemyslal-jesli-avatar-nie-wyjdzie-to-ma-plan-i-to-sprytny","status":"publish","type":"post","link":"https:\/\/www.europesays.com\/pl\/174771\/","title":{"rendered":"James Cameron wszystko przemy\u015bla\u0142. Je\u015bli &#8222;Avatar&#8221; nie wyjdzie, to ma plan i to sprytny"},"content":{"rendered":"<p>W pi\u0105tek 19 grudnia do kin na ca\u0142ym \u015bwiecie wszed\u0142 film &#8222;Avatar: Ogie\u0144 i popi\u00f3\u0142&#8221; Jamesa Camerona. W czasie pierwszego weekendu i pokaz\u00f3w przedpremierowych produkcja zarobi\u0142a ponad 345 milion\u00f3w dolar\u00f3w na ca\u0142ym \u015bwiecie.\u00a0\u00a0<\/p>\n<p>W najnowszej produkcji mo\u017cemy zobaczy\u0107 nie tylko powracaj\u0105cych bohater\u00f3w, ale te\u017c ca\u0142kowicie now\u0105 grup\u0119 mieszka\u0144c\u00f3w Pandory znanych jako &#8222;Ash People&#8221;. Sam Cameron obiecywa\u0142, \u017ce widzowie zobacz\u0105 wi\u0119cej flory i fauny planety, a ca\u0142o\u015b\u0107 mia\u0142a by\u0107 niesamowit\u0105 uczt\u0105 dla oczu.\u00a0\u00a0\u00a0<\/p>\n<p>Jednak przysz\u0142o\u015b\u0107 franczyzy jest niepewna.\u00a0Mimo \u017ce &#8222;Avatar 4&#8221; i &#8222;Avatar 5&#8221; zosta\u0142y ju\u017c zapowiedziane kolejno na 2029 i 2031, jaki\u015b czas temu w wywiadzie James Cameron ostudzi\u0142 zapa\u0142 fan\u00f3w.\u00a0\u00a0<\/p>\n<p>    &#13;<\/p>\n<ul class=\"embed-list\">&#13;<\/p>\n<li class=\"embed-article-item i1 item-full\" data-pos=\"1\" data-id=\"8053511\">&#13;\n<p>                <a class=\"embed-tile-thumb\" href=\"https:\/\/interia.hit.gemius.pl\/hitredir\/id=baCb8AslJNnZj2kUGPLkPMUF.tLBarst.iFIsOnSq33..7\/url=https%3A%2F%2Ffilm.interia.pl%2Fwiadomosci%2Fnews-dorosla-aktorka-musi-sie-tlumaczyc-nigdy-w-zyciu-by-tego-nie%2CnId%2C8053511%23iwa_source%3Darticle_list%26parametr%3D1_a\" rel=\"nofollow noopener\" target=\"_blank\">&#13;<br \/>\n                        &#13;<br \/>\n                            &#13;<br \/>\n                                                            &#13;<br \/>\n                    <img decoding=\"async\" alt=\"Doros\u0142a aktorka musi si\u0119 t\u0142umaczy\u0107. Nigdy w \u017cyciu by tego nie zrobi\u0142a \" src=\"https:\/\/www.europesays.com\/pl\/wp-content\/uploads\/2025\/12\/000GSNFWLNJR6JAQ-C459.webp.webp\" class=\"embed-tile-img img-responsive\" loading=\"lazy\"\/>&#13;<br \/>\n                &#13;<br \/>\n                    <\/a><\/p>\n<p>    &#13;\n                    <\/li>\n<p>&#13;\n                                    <\/ul>\n<p>&#13;<\/p>\n<p>&#8222;Pytanie jednak brzmi: jak wiele zarobimy i czy b\u0119dzie to wystarczaj\u0105ca motywacja do rozbudowywania uniwersum. A mo\u017ce warto wstrzyma\u0107 si\u0119 z prac\u0105 i zastanowi\u0107 nad tym, jak obni\u017cy\u0107 koszty.&#8221;\u00a0<\/p>\n<p>Co jednak w przypadku niepowodzenia? Kultowy re\u017cyser ma ju\u017c plan i to ca\u0142kiem sprytny!\u00a0<\/p>\n<p>Od wielu lat by\u0142o wiadome,\u00a0\u017ce\u00a0seria &#8222;Avatar&#8221; b\u0119dzie liczy\u0142a pi\u0119\u0107 cz\u0119\u015bci. Jednak z up\u0142ywem lat, James Cameron zacz\u0105\u0142 troch\u0119 traci\u0107 pewno\u015b\u0107 siebie i przyzna\u0142,\u00a0\u017ce\u00a0ma plan awaryjny, kt\u00f3ry\u00a0zak\u0142ada\u00a0konferencj\u0119 prasow\u0105, kt\u00f3ra domknie wszystkie w\u0105tki.\u00a0<\/p>\n<p>&#8222;Nie wiem, czy ta saga wyjdzie poza ten punkt. Mam nadziej\u0119, \u017ce tak&#8221; &#8211; powiedzia\u0142 w wywiadzie dla &#8222;Entertainment\u00a0Weekly\u201c. &#8222;Je\u015bli z jakiegokolwiek powodu nie uda nam si\u0119 nakr\u0119ci\u0107 4 i 5, zwo\u0142am konferencj\u0119 prasow\u0105 i powiem wam, co mieli\u015bmy zrobi\u0107. Jak wam si\u0119 to podoba?&#8221; &#8211; obja\u015bni\u0142.<\/p>\n<p>&#13;<br \/>\n    &#13;<br \/>\n            Wideo&#13;<\/p>\n<p>        &#13;<br \/>\n&#13;<br \/>\n    &#13;<br \/>\n        &#13;<br \/>\n                &#13;<\/p>\n<p>&#13;<br \/>\n                                        &#8222;Odyseja&#8221; [trailer]&#13;<br \/>\n                                        materia\u0142y prasowe&#13;\n                    <\/p>\n<p>&#13;<\/p>\n<p>                    &#13;<br \/>\n        &#13;<\/p>\n<p>                        <a href=\"https:\/\/www.interia.pl?module=source\" target=\"_blank\" rel=\"nofollow noopener\"><\/p>\n<p>                                    <img decoding=\"async\" src=\"https:\/\/www.europesays.com\/pl\/wp-content\/uploads\/2025\/10\/1761676688_499_0009A60QQ5I2TYF7-C301.jpg\" alt=\"INTERIA.PL\"\/><br \/>\n                                            <\/a><\/p>\n<p>        &#13;<br \/>\n&#13;<br \/>\n    &#13;<\/p>\n<p>    &#13;<br \/>\n    &#13;<br \/>\n            &#13;<br \/>\n        &#13;<\/p>\n","protected":false},"excerpt":{"rendered":"W pi\u0105tek 19 grudnia do kin na ca\u0142ym \u015bwiecie wszed\u0142 film &#8222;Avatar: Ogie\u0144 i popi\u00f3\u0142&#8221; Jamesa Camerona. W&hellip;\n","protected":false},"author":2,"featured_media":174772,"comment_status":"","ping_status":"","sticky":false,"template":"","format":"standard","meta":{"footnotes":""},"categories":[22],"tags":[122,42,38,40,39,41,123],"class_list":{"0":"post-174771","1":"post","2":"type-post","3":"status-publish","4":"format-standard","5":"has-post-thumbnail","7":"category-rozrywka","8":"tag-entertainment","9":"tag-pl","10":"tag-poland","11":"tag-polish","12":"tag-polska","13":"tag-polski","14":"tag-rozrywka"},"share_on_mastodon":{"url":"https:\/\/pubeurope.com\/@pl\/115795117174035160","error":""},"_links":{"self":[{"href":"https:\/\/www.europesays.com\/pl\/wp-json\/wp\/v2\/posts\/174771","targetHints":{"allow":["GET"]}}],"collection":[{"href":"https:\/\/www.europesays.com\/pl\/wp-json\/wp\/v2\/posts"}],"about":[{"href":"https:\/\/www.europesays.com\/pl\/wp-json\/wp\/v2\/types\/post"}],"author":[{"embeddable":true,"href":"https:\/\/www.europesays.com\/pl\/wp-json\/wp\/v2\/users\/2"}],"replies":[{"embeddable":true,"href":"https:\/\/www.europesays.com\/pl\/wp-json\/wp\/v2\/comments?post=174771"}],"version-history":[{"count":0,"href":"https:\/\/www.europesays.com\/pl\/wp-json\/wp\/v2\/posts\/174771\/revisions"}],"wp:featuredmedia":[{"embeddable":true,"href":"https:\/\/www.europesays.com\/pl\/wp-json\/wp\/v2\/media\/174772"}],"wp:attachment":[{"href":"https:\/\/www.europesays.com\/pl\/wp-json\/wp\/v2\/media?parent=174771"}],"wp:term":[{"taxonomy":"category","embeddable":true,"href":"https:\/\/www.europesays.com\/pl\/wp-json\/wp\/v2\/categories?post=174771"},{"taxonomy":"post_tag","embeddable":true,"href":"https:\/\/www.europesays.com\/pl\/wp-json\/wp\/v2\/tags?post=174771"}],"curies":[{"name":"wp","href":"https:\/\/api.w.org\/{rel}","templated":true}]}}