{"id":174799,"date":"2025-12-28T05:09:23","date_gmt":"2025-12-28T05:09:23","guid":{"rendered":"https:\/\/www.europesays.com\/pl\/174799\/"},"modified":"2025-12-28T05:09:23","modified_gmt":"2025-12-28T05:09:23","slug":"30-latek-wrocil-do-ekstraklasy-i-zaskoczyl-wyborem-klubu-to-byla-przemyslana-decyzja","status":"publish","type":"post","link":"https:\/\/www.europesays.com\/pl\/174799\/","title":{"rendered":"30-latek wr\u00f3ci\u0142 do Ekstraklasy i zaskoczy\u0142 wyborem klubu. \u201eTo by\u0142a przemy\u015blana decyzja\u201d"},"content":{"rendered":"\n<p class=\"lead\"> Od pewnego czasu Mariusz St\u0119pi\u0144ski by\u0142 \u0142\u0105czony z powrotem do Ekstraklasy, ale nikt raczej nie spodziewa\u0142 si\u0119, \u017ce trafi on akurat do Korony Kielce. 30-latek opowiedzia\u0142 o kulisach transferu w rozmowie z klubowymi mediami. <\/p>\n<p>Mariusz St\u0119pi\u0144ski w rundzie jesiennej odgrywa\u0142 marginaln\u0105 rol\u0119 w Omonii Nikozja, co poskutkowa\u0142o rozwi\u0105zaniem kontraktu \u0142\u0105cz\u0105cego obie strony do 31 maja przysz\u0142ego roku.<\/p>\n<p>Napastnik opu\u015bci\u0142 szeregi cypryjskiego zespo\u0142u i zdecydowa\u0142 si\u0119 powr\u00f3ci\u0107 do Polski. O takim scenariuszu media informowa\u0142y ju\u017c jaki\u015b czas temu, wspominaj\u0105c g\u0142\u00f3wnie o zakusach Widzewa \u0141\u00f3d\u017a.<\/p>\n<p>I rzeczywi\u015bcie St\u0119pi\u0144ski po latach sp\u0119dzony za granic\u0105 w ko\u0144cu wyl\u0105dowa\u0142 w Polsce, tylko \u017ce nie w klubie z \u0141odzi, a w Koronie Kielce. Ten ruch wywo\u0142a\u0142 spore zaskoczenie.   <\/p>\n<p> Popularne <\/p>\n<\/p>\n<p>30-latek w rozmowie z klubowymi mediami przedstawi\u0142 kulisy transferu i opowiedzia\u0142 o podj\u0119tej przez siebie decyzji. Jak si\u0119 okazuje, nie by\u0142a ona dla niego trudna do podj\u0119cia, poniewa\u017c ju\u017c du\u017co wcze\u015bniej planowa\u0142 powr\u00f3t do kraju.<\/p>\n<p>Dowiedzieli\u015bmy si\u0119 r\u00f3wnie\u017c, \u017ce dyrektor sportowy klubu Pawe\u0142 Tomczyk osobi\u015bcie polecia\u0142 na Cypr, by porozmawia\u0107 ze St\u0119pi\u0144skim i przekona\u0107 go do nawi\u0105zania wsp\u00f3\u0142pracy. Misja zosta\u0142a zako\u0144czona sukcesem.<\/p>\n<p>&#8211; Pierwszy kontakt pewnie nast\u0105pi\u0142 ju\u017c jaki\u015b czas temu, ale tak naprawd\u0119, kiedy dyrektor sportowy przylecia\u0142 do mnie na Cypr, to ju\u017c by\u0142 dla mnie sygna\u0142, \u017ce rzeczywi\u015bcie to jest bardzo du\u017ce zainteresowanie, a ja lubi\u0119 by\u0107 w miejscach, gdzie kto\u015b naprawd\u0119 mnie chce i naprawd\u0119 na mnie liczy. To by\u0142 dla mnie fajny sygna\u0142, \u017ce dyrektor przylecia\u0142 na Cypr porozmawia\u0107 i przedstawi\u0107 to wszystko jak to wygl\u0105da. Gdzie\u015b tam po tym chwilka refleksji, rozmowa z rodzin\u0105 i podj\u0119cie finalnej decyzji &#8211; zacz\u0105\u0142 do\u015bwiadczony napastnik.<\/p>\n<p>&#8211; Nie by\u0142a to trudna decyzja. Generalnie jestem cz\u0142owiekiem, kt\u00f3ry lubi planowa\u0107 oraz\u00a0uk\u0142ada\u0107 sobie pewne sprawy i maj\u0105c 30 lub 31 lat zawsze chcia\u0142em wr\u00f3ci\u0107 do Polski i jeszcze pogra\u0107 w Ekstraklasie w wieku, gdzie tak naprawd\u0119 jest si\u0119 w bardzo dobrej dyspozycji. Bo rzeczywi\u015bcie inny jest moment, gdy ma si\u0119 30 lat, a inny jest moment, kiedy ma si\u0119 35 lat. Tak\u017ce to by\u0142a przemy\u015blana decyzja i nie by\u0142a trudna ze wzgl\u0119du na to, \u017ce od d\u0142u\u017cszego czasu wiedzia\u0142em, \u017ce pr\u0119dzej czy p\u00f3\u017aniej wr\u00f3c\u0119 do Polski i tutaj jeszcze pogram w Ekstraklasie &#8211; podsumowa\u0142.<\/p>\n<p>St\u0119pi\u0144ski powr\u00f3ci\u0142 wi\u0119c do Ekstraklasy, gdzie w przesz\u0142o\u015bci w 97 wyst\u0119pach zanotowa\u0142 25 bramek oraz jedena\u015bcie asyst. Na najwy\u017cszym szczeblu reprezentowa\u0142 barwy Widzewa \u0141\u00f3d\u017a, Wis\u0142y Krak\u00f3w oraz Ruchu Chorz\u00f3w.<\/p>\n","protected":false},"excerpt":{"rendered":"Od pewnego czasu Mariusz St\u0119pi\u0144ski by\u0142 \u0142\u0105czony z powrotem do Ekstraklasy, ale nikt raczej nie spodziewa\u0142 si\u0119, \u017ce&hellip;\n","protected":false},"author":2,"featured_media":174800,"comment_status":"","ping_status":"","sticky":false,"template":"","format":"standard","meta":{"footnotes":""},"categories":[24],"tags":[42,38,40,39,41,127,126],"class_list":{"0":"post-174799","1":"post","2":"type-post","3":"status-publish","4":"format-standard","5":"has-post-thumbnail","7":"category-sport","8":"tag-pl","9":"tag-poland","10":"tag-polish","11":"tag-polska","12":"tag-polski","13":"tag-sport","14":"tag-sports"},"share_on_mastodon":{"url":"https:\/\/pubeurope.com\/@pl\/115795470827821991","error":""},"_links":{"self":[{"href":"https:\/\/www.europesays.com\/pl\/wp-json\/wp\/v2\/posts\/174799","targetHints":{"allow":["GET"]}}],"collection":[{"href":"https:\/\/www.europesays.com\/pl\/wp-json\/wp\/v2\/posts"}],"about":[{"href":"https:\/\/www.europesays.com\/pl\/wp-json\/wp\/v2\/types\/post"}],"author":[{"embeddable":true,"href":"https:\/\/www.europesays.com\/pl\/wp-json\/wp\/v2\/users\/2"}],"replies":[{"embeddable":true,"href":"https:\/\/www.europesays.com\/pl\/wp-json\/wp\/v2\/comments?post=174799"}],"version-history":[{"count":0,"href":"https:\/\/www.europesays.com\/pl\/wp-json\/wp\/v2\/posts\/174799\/revisions"}],"wp:featuredmedia":[{"embeddable":true,"href":"https:\/\/www.europesays.com\/pl\/wp-json\/wp\/v2\/media\/174800"}],"wp:attachment":[{"href":"https:\/\/www.europesays.com\/pl\/wp-json\/wp\/v2\/media?parent=174799"}],"wp:term":[{"taxonomy":"category","embeddable":true,"href":"https:\/\/www.europesays.com\/pl\/wp-json\/wp\/v2\/categories?post=174799"},{"taxonomy":"post_tag","embeddable":true,"href":"https:\/\/www.europesays.com\/pl\/wp-json\/wp\/v2\/tags?post=174799"}],"curies":[{"name":"wp","href":"https:\/\/api.w.org\/{rel}","templated":true}]}}