{"id":17493,"date":"2025-09-26T15:09:07","date_gmt":"2025-09-26T15:09:07","guid":{"rendered":"https:\/\/www.europesays.com\/pl\/17493\/"},"modified":"2025-09-26T15:09:07","modified_gmt":"2025-09-26T15:09:07","slug":"wolodymyr-zelenski-do-ukrainy-prawdopodobnie-wtargnely-wegierskie-drony","status":"publish","type":"post","link":"https:\/\/www.europesays.com\/pl\/17493\/","title":{"rendered":"Wo\u0142odymyr Ze\u0142enski: do Ukrainy prawdopodobnie wtargn\u0119\u0142y w\u0119gierskie drony"},"content":{"rendered":"<ul class=\"UnorderedList_container__nmfSl\">\n<li class=\"UnorderedList_listElement__Py7xi\" data-id=\"ai-summary-link\">Du\u017co czytania, a ma\u0142o czasu? Sprawd\u017a\u00a0skr\u00f3t\u00a0artyku\u0142u<\/li>\n<\/ul>\n<p class=\"Paragraph_desktopParagraph__U31Gm\">&#8222;Ukrai\u0144scy wojskowi odnotowali wtargni\u0119cia w nasz\u0105 przestrze\u0144 powietrzn\u0105 dron\u00f3w rozpoznawczych, kt\u00f3re s\u0105 najprawdopodobniej w\u0119gierskie. Wed\u0142ug wst\u0119pnych informacji mog\u0142y one prowadzi\u0107 rozpoznanie dotycz\u0105ce potencja\u0142u przemys\u0142owego w ukrai\u0144skich rejonach przygranicznych&#8221; \u2014 napisa\u0142 Ze\u0142enski w komunikatorze Telegram.<\/p>\n<p class=\"VideoPlayerText_videoPlayerText__iDwyz\">Dalszy ci\u0105g materia\u0142u pod wideo<\/p>\n<p class=\"Paragraph_desktopParagraph__U31Gm\">&#8222;Poleci\u0142em sprawdzi\u0107 wszystkie dost\u0119pne dane i niezw\u0142ocznie raportowa\u0107 o ka\u017cdym odnotowanym przypadku&#8221; \u2014 doda\u0142 ukrai\u0144ski przyw\u00f3dca.<\/p>\n<ul class=\"OchatFollowUps_wrapper__1ry7X\">\n<li class=\"OchatFollowUps_item__Dhyly OchatFollowUps_itemDesktop__R6aBv\">Jakie informacje przekaza\u0142 Wo\u0142odymyr Ze\u0142enski dotycz\u0105ce dron\u00f3w?<\/li>\n<li class=\"OchatFollowUps_item__Dhyly OchatFollowUps_itemDesktop__R6aBv\">Ile terytorium zosta\u0142o wyzwolone przez ukrai\u0144skie wojska?<\/li>\n<li class=\"OchatFollowUps_item__Dhyly OchatFollowUps_itemDesktop__R6aBv\">Jakie straty ponios\u0142y rosyjskie si\u0142y w trakcie ofensywy?<\/li>\n<li class=\"OchatFollowUps_item__Dhyly OchatFollowUps_itemDesktop__R6aBv\">Co Ukraina zrobi\u0142a w odpowiedzi na zakaz wjazdu dla ukrai\u0144skiego dow\u00f3dcy?<\/li>\n<\/ul>\n<p class=\"Paragraph_desktopParagraph__U31Gm\">Ze\u0142enski o\u015bwiadczy\u0142, \u017ce wojska jego kraju prowadz\u0105 ofensyw\u0119 na kierunku dobropilskim. &#8222;Do dzisiejszego poranka, od pocz\u0105tku operacji, wyzwolono ju\u017c 168,8 km kwadratowych terytorium, a kolejne 187,7 km kwadratowych zosta\u0142o oczyszczonych z rosyjskich grup dywersyjnych. Straty rosyjskie tylko w ramach tej operacji wynosz\u0105 ju\u017c niemal 3 tys. os\u00f3b, z czego wi\u0119kszo\u015b\u0107 to straty bezpowrotne. Trwa tak\u017ce uzupe\u0142nianie \u00bbfunduszu wymiennego\u00ab dla Ukrainy (sformu\u0142owanie odnosz\u0105ce si\u0119 do rosyjskich je\u0144c\u00f3w wojennych \u2014 PAP)&#8221; \u2014 napisa\u0142 prezydent.<\/p>\n<p class=\"Paragraph_desktopParagraph__U31Gm\">Rz\u0105d W\u0119gier stanowczo sprzeciwia si\u0119 przyst\u0105pieniu Ukrainy do UE. Rzecznik w\u0119gierskiego rz\u0105du Zoltan Kovacs og\u0142osi\u0142 w czerwcu, \u017ce 95 proc. g\u0142osuj\u0105cych w referendum &#8222;Voks 2025&#8221; sprzeciwi\u0142o si\u0119 przyspieszonej \u015bcie\u017cce akcesji Ukrainy do Wsp\u00f3lnoty. Referendum towarzyszy\u0142a antyukrai\u0144ska kampania, prowadzona przez w\u0119gierskie w\u0142adze. W\u0119gry od lutego blokuj\u0105 te\u017c rozpocz\u0119cie negocjacji Ukrainy z UE.<\/p>\n<p class=\"Paragraph_desktopParagraph__U31Gm\">Wcze\u015bniej w pi\u0105tek Ukraina wyda\u0142a zakaz wjazdu dla trzech wysokich rang\u0105 oficer\u00f3w w\u0119gierskich. Jest to odpowied\u017a na wcze\u015bniejszy zakaz wjazdu, kt\u00f3ry Budapeszt wyda\u0142 dla ukrai\u0144skiego dow\u00f3dcy pochodzenia w\u0119gierskiego.<\/p>\n<p class=\"Paragraph_desktopParagraph__U31Gm\">Pod koniec sierpnia szef w\u0119gierskiej dyplomacji Peter Szijjarto poinformowa\u0142, \u017ce w odpowiedzi na ukrai\u0144ski atak na ruroci\u0105g naftowy Przyja\u017a\u0144 rz\u0105d w\u0119gierski podj\u0105\u0142 decyzj\u0119 o zakazie wjazdu na W\u0119gry i do ca\u0142ej strefy Schengen dow\u00f3dcy jednostki wojskowej odpowiedzialnej za ostrza\u0142.<\/p>\n<p class=\"Paragraph_desktopParagraph__U31Gm\">Jest to major Robert &#8222;Madiar&#8221; Browdi (w\u0119g. Brovdy) \u2014 wynika z dokumentu w\u0119gierskich w\u0142adz, udost\u0119pnionego przez tygodnik &#8222;Mandiner&#8221;. Browdi urodzi\u0142 si\u0119 w 1975 r. w zakarpackim U\u017chorodzie, jest etnicznym W\u0119grem i dow\u00f3dc\u0105 Si\u0142 System\u00f3w Bezza\u0142ogowych Ukrainy (SBS).<\/p>\n","protected":false},"excerpt":{"rendered":"Du\u017co czytania, a ma\u0142o czasu? Sprawd\u017a\u00a0skr\u00f3t\u00a0artyku\u0142u &#8222;Ukrai\u0144scy wojskowi odnotowali wtargni\u0119cia w nasz\u0105 przestrze\u0144 powietrzn\u0105 dron\u00f3w rozpoznawczych, kt\u00f3re s\u0105&hellip;\n","protected":false},"author":2,"featured_media":17494,"comment_status":"","ping_status":"","sticky":false,"template":"","format":"standard","meta":{"footnotes":""},"categories":[14],"tags":[32,33,244,165,27,67,64,34,35,28,31,53,25,52,68,51,55,40,41,62,47,80,29,30,390,65,50,1234,26,309,82,83,84],"class_list":{"0":"post-17493","1":"post","2":"type-post","3":"status-publish","4":"format-standard","5":"has-post-thumbnail","7":"category-swiat","8":"tag-breaking-news","9":"tag-breakingnews","10":"tag-ctr_tst","11":"tag-drony_dron","12":"tag-headlines","13":"tag-intextvideo_splayer","14":"tag-inwazja_rosji_na_ukraine_2014_","15":"tag-latest-news","16":"tag-latestnews","17":"tag-naglowki","18":"tag-najwazniejsze-artykuly","19":"tag-new_header","20":"tag-news","21":"tag-onet3","22":"tag-onet3d","23":"tag-onet3d_2i","24":"tag-phx","25":"tag-polish","26":"tag-polski","27":"tag-rosja_kraj_rosjanin_rosjanie_rosjanka_rosjanki","28":"tag-screening_general","29":"tag-swiat","30":"tag-top-stories","31":"tag-topstories","32":"tag-ukraina_ukrainiec_ukrainka_ukraincy_ukrainki","33":"tag-update_me","34":"tag-v2021","35":"tag-wegry_wegier_wegierka_wegrzy","36":"tag-wiadomosci","37":"tag-wolodymyr_zelenski","38":"tag-world","39":"tag-world-news","40":"tag-worldnews"},"share_on_mastodon":{"url":"","error":""},"_links":{"self":[{"href":"https:\/\/www.europesays.com\/pl\/wp-json\/wp\/v2\/posts\/17493","targetHints":{"allow":["GET"]}}],"collection":[{"href":"https:\/\/www.europesays.com\/pl\/wp-json\/wp\/v2\/posts"}],"about":[{"href":"https:\/\/www.europesays.com\/pl\/wp-json\/wp\/v2\/types\/post"}],"author":[{"embeddable":true,"href":"https:\/\/www.europesays.com\/pl\/wp-json\/wp\/v2\/users\/2"}],"replies":[{"embeddable":true,"href":"https:\/\/www.europesays.com\/pl\/wp-json\/wp\/v2\/comments?post=17493"}],"version-history":[{"count":0,"href":"https:\/\/www.europesays.com\/pl\/wp-json\/wp\/v2\/posts\/17493\/revisions"}],"wp:featuredmedia":[{"embeddable":true,"href":"https:\/\/www.europesays.com\/pl\/wp-json\/wp\/v2\/media\/17494"}],"wp:attachment":[{"href":"https:\/\/www.europesays.com\/pl\/wp-json\/wp\/v2\/media?parent=17493"}],"wp:term":[{"taxonomy":"category","embeddable":true,"href":"https:\/\/www.europesays.com\/pl\/wp-json\/wp\/v2\/categories?post=17493"},{"taxonomy":"post_tag","embeddable":true,"href":"https:\/\/www.europesays.com\/pl\/wp-json\/wp\/v2\/tags?post=17493"}],"curies":[{"name":"wp","href":"https:\/\/api.w.org\/{rel}","templated":true}]}}