{"id":174999,"date":"2025-12-28T08:50:25","date_gmt":"2025-12-28T08:50:25","guid":{"rendered":"https:\/\/www.europesays.com\/pl\/174999\/"},"modified":"2025-12-28T08:50:25","modified_gmt":"2025-12-28T08:50:25","slug":"oferta-koalicji-chetnych-dla-ukrainy-gwarancje-maja-miec-trzy-poziomy","status":"publish","type":"post","link":"https:\/\/www.europesays.com\/pl\/174999\/","title":{"rendered":"Oferta &#8222;koalicji ch\u0119tnych&#8221; dla Ukrainy. Gwarancje maj\u0105 mie\u0107 trzy poziomy"},"content":{"rendered":"\n<p>&#13;<br \/>\nGwarancje bezpiecze\u0144stwa dla\u00a0Ukrainy, kt\u00f3re maj\u0105 zosta\u0107 sfinalizowane podczas spotkania &#8222;koalicji ch\u0119tnych&#8221; w\u00a0Pary\u017cu w\u00a0styczniu 2026 roku, b\u0119d\u0105 obejmowa\u0107 trzy &#8222;linie obrony&#8221; \u2013\u00a0powiedzia\u0142 wysoki rang\u0105 urz\u0119dnik Pa\u0142acu Elizejskiego, wypowiadaj\u0105c si\u0119 anonimowo w\u00a0wywiadzie dla\u00a0&#8222;Europejskiej Prawdy&#8221;. &#13;\n<\/p>\n<p>&#13;<br \/>\nPrace nad europejskimi i\u00a0ameryka\u0144skimi <a href=\"https:\/\/dorzeczy.pl\/swiat\/824753\/wkrotce-spotkanie-trump-zelenski-tajemniczy-wpis-prezydenta-ukrainy.html\" title=\"Tajemniczy wpis Ze\u0142enskiego. \u201eWiele mo\u017ce si\u0119 rozstrzygn\u0105\u0107 przed Nowym Rokiem\u201d\" rel=\"nofollow noopener\" target=\"_blank\">gwarancjami bezpiecze\u0144stwa dla\u00a0Ukrainy<\/a> zostan\u0105 zako\u0144czone w\u00a0styczniu 2026 roku. \u2013\u00a0Kolejne spotkanie Koalicji Ch\u0119tnych, planowane na\u00a0pocz\u0105tek stycznia, powinno pozwoli\u0107 nam zako\u0144czy\u0107 planowanie gwarancji bezpiecze\u0144stwa, kt\u00f3rych udzielimy Ukrainie \u2013\u00a0przekaza\u0142 informator. &#13;\n<\/p>\n<p>Trzy poziomy gwarancji<\/p>\n<p>&#13;<br \/>\nGwarancje b\u0119d\u0105 na\u00a0razie obejmowa\u0107 trzy &#8222;linie obrony&#8221;. Pierwsz\u0105 b\u0119dzie silna armia ukrai\u0144ska wraz z\u00a0d\u0142ugoterminowym wsparciem, jakiego &#8222;koalicja ch\u0119tnych&#8221; udzieli si\u0142om zbrojnym Ukrainy, aby\u00a0powstrzyma\u0107 Rosj\u0119 od\u00a0kolejnego ataku. &#13;\n<\/p>\n<p>&#13;<br \/>\nDrug\u0105 lini\u0105 b\u0119dzie obecno\u015b\u0107 si\u0142 zbrojnych pa\u0144stw wchodz\u0105cych w\u00a0sk\u0142ad koalicji na\u00a0Ukrainie jako strategiczny sygna\u0142 wsparcia dla\u00a0armii ukrai\u0144skiej. Wojska zachodnie r\u00f3wnie\u017c b\u0119d\u0105 stacjonowa\u0107 poza Ukrain\u0105, aby\u00a0w\u00a0razie potrzeby m\u00f3c je\u00a0przegrupowa\u0107. \u2013\u00a0W\u00a0przypadku wojsk kraj\u00f3w &#8222;koalicji ch\u0119tnych&#8221; nie\u00a0ma\u00a0mowy ani o\u00a0udziale w\u00a0walkach, ani o\u00a0monitorowaniu zawieszenia broni \u2013\u00a0podkre\u015bli\u0142 francuski urz\u0119dnik, dodaj\u0105c, \u017ce\u00a0monitorowanie zawieszenia broni b\u0119dzie oczywi\u015bcie prowadzone zdalnie, z\u00a0wykorzystaniem technologii nadzoru. &#13;\n<\/p>\n<p>&#13;<br \/>\nTrzecia linia gwarancji bezpiecze\u0144stwa (tzw. backstop) b\u0119dzie oparta na\u00a0gwarancjach udzielonych w\u00a0szczeg\u00f3lno\u015bci przez Stany Zjednoczone, kt\u00f3re s\u0105 &#8222;zasadniczo formu\u0142\u0105 zbli\u017con\u0105 do\u00a0Artyku\u0142u 5\u00a0NATO&#8221;. Ma\u00a0to\u00a0zapewni\u0107, \u017ce\u00a0w\u00a0przypadku wznowienia wojny przez Rosj\u0119, b\u0119dzie ona musia\u0142a stawi\u0107 czo\u0142a nie\u00a0tylko Ukrainie, ale\u00a0wszystkim sojusznikom Kijowa, w\u00a0tym Stanom Zjednoczonym. &#13;\n<\/p>\n<p>&#13;<br \/>\n\u2013 Na\u00a0kolejnym spotkaniu &#8222;koalicji ch\u0119tnych&#8221; powinno zosta\u0107 zako\u0144czone formu\u0142owanie gwarancji bezpiecze\u0144stwa \u2013\u00a0podkre\u015bli\u0142 rozm\u00f3wca &#8222;Europejskiej Prawdy&#8221; dodaj\u0105c, \u017ce\u00a0gwarancje te\u00a0s\u0105 obecnie omawiane mi\u0119dzy Europejczykami, Ukrai\u0144cami i\u00a0Amerykanami na\u00a0szczeblu szef\u00f3w sztabu. &#13;\n<\/p>\n<p>&#13;<br \/>\nCzytaj te\u017c:<br \/><a href=\"https:\/\/dorzeczy.pl\/swiat\/824786\/w-niedziele-spotkanie-zelenski-trump-prezydent-ukrainy-potwierdzil.html\" rel=\"follow nofollow noopener\" data-schema=\"DORZECZY\" data-image=\"https:\/\/img.dorzeczy.pl\/_thumb\/ce\/53\/4852713a4d69995003aa701627c7.jpeg\" target=\"_blank\">Spotkanie Ze\u0142enski-Trump. Potwierdzono dat\u0119<\/a>Czytaj te\u017c:<br \/><a href=\"https:\/\/dorzeczy.pl\/swiat\/824777\/zaskakujace-slowa-zacharowej-rosja-jest-gotowa.html\" rel=\"follow nofollow noopener\" data-schema=\"DORZECZY\" data-image=\"https:\/\/img.dorzeczy.pl\/_thumb\/94\/95\/c507ac8f28542af736afde54e578.jpeg\" target=\"_blank\">&#8222;Moskwa jest gotowa&#8221;. Zaskakuj\u0105ce s\u0142owa Zacharowej<\/a>&#13;<\/p>\n","protected":false},"excerpt":{"rendered":"&#13; Gwarancje bezpiecze\u0144stwa dla\u00a0Ukrainy, kt\u00f3re maj\u0105 zosta\u0107 sfinalizowane podczas spotkania &#8222;koalicji ch\u0119tnych&#8221; w\u00a0Pary\u017cu w\u00a0styczniu 2026 roku, b\u0119d\u0105 obejmowa\u0107&hellip;\n","protected":false},"author":2,"featured_media":175000,"comment_status":"","ping_status":"","sticky":false,"template":"","format":"standard","meta":{"footnotes":""},"categories":[14],"tags":[32,33,98,96,27,16988,34,35,3851,28,31,25,103,40,41,80,29,30,597,415,71,26,82,83,84],"class_list":{"0":"post-174999","1":"post","2":"type-post","3":"status-publish","4":"format-standard","5":"has-post-thumbnail","7":"category-swiat","8":"tag-breaking-news","9":"tag-breakingnews","10":"tag-dorzeczy","11":"tag-francja","12":"tag-headlines","13":"tag-koalicja-chetnych","14":"tag-latest-news","15":"tag-latestnews","16":"tag-macron","17":"tag-naglowki","18":"tag-najwazniejsze-artykuly","19":"tag-news","20":"tag-obserwator-mediow","21":"tag-polish","22":"tag-polski","23":"tag-swiat","24":"tag-top-stories","25":"tag-topstories","26":"tag-trump","27":"tag-ukraina","28":"tag-usa","29":"tag-wiadomosci","30":"tag-world","31":"tag-world-news","32":"tag-worldnews"},"share_on_mastodon":{"url":"https:\/\/pubeurope.com\/@pl\/115796339893519445","error":""},"_links":{"self":[{"href":"https:\/\/www.europesays.com\/pl\/wp-json\/wp\/v2\/posts\/174999","targetHints":{"allow":["GET"]}}],"collection":[{"href":"https:\/\/www.europesays.com\/pl\/wp-json\/wp\/v2\/posts"}],"about":[{"href":"https:\/\/www.europesays.com\/pl\/wp-json\/wp\/v2\/types\/post"}],"author":[{"embeddable":true,"href":"https:\/\/www.europesays.com\/pl\/wp-json\/wp\/v2\/users\/2"}],"replies":[{"embeddable":true,"href":"https:\/\/www.europesays.com\/pl\/wp-json\/wp\/v2\/comments?post=174999"}],"version-history":[{"count":0,"href":"https:\/\/www.europesays.com\/pl\/wp-json\/wp\/v2\/posts\/174999\/revisions"}],"wp:featuredmedia":[{"embeddable":true,"href":"https:\/\/www.europesays.com\/pl\/wp-json\/wp\/v2\/media\/175000"}],"wp:attachment":[{"href":"https:\/\/www.europesays.com\/pl\/wp-json\/wp\/v2\/media?parent=174999"}],"wp:term":[{"taxonomy":"category","embeddable":true,"href":"https:\/\/www.europesays.com\/pl\/wp-json\/wp\/v2\/categories?post=174999"},{"taxonomy":"post_tag","embeddable":true,"href":"https:\/\/www.europesays.com\/pl\/wp-json\/wp\/v2\/tags?post=174999"}],"curies":[{"name":"wp","href":"https:\/\/api.w.org\/{rel}","templated":true}]}}