{"id":175011,"date":"2025-12-28T09:00:11","date_gmt":"2025-12-28T09:00:11","guid":{"rendered":"https:\/\/www.europesays.com\/pl\/175011\/"},"modified":"2025-12-28T09:00:11","modified_gmt":"2025-12-28T09:00:11","slug":"znany-dziennikarz-przeszedl-udar-i-wylew-teraz-walczy-o-powrot-do-sprawnosci","status":"publish","type":"post","link":"https:\/\/www.europesays.com\/pl\/175011\/","title":{"rendered":"Znany dziennikarz przeszed\u0142 udar i wylew. Teraz walczy o powr\u00f3t do sprawno\u015bci"},"content":{"rendered":"<p class=\"Paragraph_desktopParagraph__U31Gm\">Janusz Pindera, jeden z najbardziej cenionych polskich dziennikarzy sportowych, od lat zwi\u0105zany jest z mediami, m.in. z Canal+, Polsat Sport, Orange Sport oraz &#8222;Rzeczpospolit\u0105&#8221;. W po\u0142owie grudnia jego wieloletnia praca zosta\u0142a doceniona \u2014 otrzyma\u0142 nagrod\u0119 im. Bohdana Tomaszewskiego dla najlepszego dziennikarza sportowego. Statuetk\u0119 odebra\u0142a c\u00f3rka Pindery, kt\u00f3ra podczas uroczysto\u015bci odczyta\u0142a list od ojca. W li\u015bcie Pindera poinformowa\u0142, \u017ce dochodzi do siebie po udarze oraz wyrazi\u0142 nadziej\u0119 na powr\u00f3t do pe\u0142nej sprawno\u015bci. Jednak to nie koniec jego problem\u00f3w zdrowotnych.<\/p>\n<ul class=\"OchatFollowUps_wrapper__1ry7X\">\n<li class=\"OchatFollowUps_item__Dhyly OchatFollowUps_itemDesktop__R6aBv\">Jakie problemy zdrowotne ma Janusz Pindera?<\/li>\n<li class=\"OchatFollowUps_item__Dhyly OchatFollowUps_itemDesktop__R6aBv\">Co motywuje Pinder\u0119 do powrotu do zdrowia?<\/li>\n<li class=\"OchatFollowUps_item__Dhyly OchatFollowUps_itemDesktop__R6aBv\">Gdzie Janusz Pindera odbywa rehabilitacj\u0119?<\/li>\n<li class=\"OchatFollowUps_item__Dhyly OchatFollowUps_itemDesktop__R6aBv\">Jakie marzenia zawodowe ma Janusz Pindera na przysz\u0142o\u015b\u0107?<\/li>\n<\/ul>\n<p>Janusz Pindera przeszed\u0142 wylew. &#8222;Ci\u0119\u017ckie powroty do pe\u0142ni sprawno\u015bci&#8221; <\/p>\n<p class=\"Paragraph_desktopParagraph__U31Gm\">W li\u015bcie odczytanym przez c\u00f3rk\u0119 Janusz Pindera wyjawi\u0142, co motywuje go do powrotu do zdrowia. &#8222;Wierz\u0119 jednak, \u017ce powr\u00f3c\u0119 do mojej najwi\u0119kszej pasji, czyli komentowania wielkich walk bokserskich. I \u017ce spe\u0142ni\u0119 moje najwi\u0119ksze, dziennikarskie marzenie i b\u0119d\u0119 m\u00f3g\u0142 skomentowa\u0107 polski z\u0142oty medal w boksie na najbli\u017cszych igrzyskach olimpijskich. \u017bycz\u0119 tego z ca\u0142ego serca sobie, polskiemu pi\u0119\u015bciarstwu i polskiemu sportowi&#8221; \u2014 przekaza\u0142.<\/p>\n<p class=\"Paragraph_desktopParagraph__U31Gm\">Obecnie Pindera poddaje si\u0119 rehabilitacji w jednym z warszawskich o\u015brodk\u00f3w, jednak jego k\u0142opoty zdrowotne nie ograniczaj\u0105 si\u0119 jedynie do udaru. Dziennikarz przeszed\u0142 r\u00f3wnie\u017c wylew oraz zmaga si\u0119 z problemami z nog\u0105, kt\u00f3r\u0105 operowano jeszcze w latach 70.<\/p>\n<p class=\"Paragraph_desktopParagraph__U31Gm\">Podczas rozmowy na kanale YouTube, kt\u00f3ry wsp\u00f3\u0142tworzy z Kacprem Bartosiakiem, Pindera zaznaczy\u0142, \u017ce leczenie trwa ju\u017c od kilku miesi\u0119cy i potrwa co najmniej do stycznia. Dziennikarz przyzna\u0142, \u017ce rehabilitacja jest \u017cmudna i wymaga ogromnej determinacji, ale nie zamierza rezygnowa\u0107 ze swoich plan\u00f3w zawodowych.<\/p>\n<blockquote>\n<p class=\"Paragraph_desktopParagraph__U31Gm\">Ten powr\u00f3t, jak to si\u0119 pi\u0119knie m\u00f3wi, to nie jest sprint, tylko maraton. To s\u0105 ci\u0119\u017ckie neurologiczne historie, ci\u0119\u017ckie powroty do pe\u0142ni sprawno\u015bci, kt\u00f3ra jest konieczna do wykonywania tego zawodu, kt\u00f3ry wykonywa\u0142em przez prawie p\u00f3\u0142 wieku<\/p>\n<\/blockquote>\n<p class=\"Paragraph_desktopParagraph__U31Gm\">\u2014 powiedzia\u0142.<\/p>\n<p><img decoding=\"async\" class=\"Image_image__0tuHp Image_autoHeight__f2n87 \" height=\"587\" width=\"390\" src=\"https:\/\/www.europesays.com\/pl\/wp-content\/uploads\/2025\/12\/SaHk9kpTURBXy9mMTczYjI4MGU0NWRhNTYyZWE0ZDg3YzMwNmQ2YjIyZS5qcGeTlQMAAM0Mz80TQJUCzQOsAMLDlQIAzQJLwsPeA.jpeg\" alt=\"Janusz Pindera\" loading=\"lazy\" \/>Grzegorz Micha\u0142owski \/ PAP<\/p>\n<p>Janusz Pindera<\/p>\n<p class=\"Paragraph_desktopParagraph__U31Gm\">Dzi\u0119kujemy, \u017ce przeczyta\u0142a\u015b\/e\u015b nasz artyku\u0142 do ko\u0144ca. W serwisie Plejada.pl ka\u017cdego dnia piszemy o najwa\u017cniejszych wydarzeniach show-biznesowych. B\u0105d\u017a na bie\u017c\u0105co! <a rel=\"nofollow noopener\" href=\"https:\/\/profile.google.com\/cp\/Cg0vZy8xMWJ6X19wdHBx\" id=\"a77fe3ca-7593-47ae-aeb4-a157939f3d2e\" target=\"_blank\">Obserwuj<\/a> Plejad\u0119 w Wiadomo\u015bciach Google. Odwied\u017a nas tak\u017ce na <a rel=\"nofollow noopener\" href=\"https:\/\/www.facebook.com\/plejadapl\" id=\"6d8b1a2a-9b4c-4570-8446-5a4a874186cb\" target=\"_blank\">Facebooku<\/a>, <a rel=\"nofollow noopener\" href=\"https:\/\/www.instagram.com\/plejadapl\/\" id=\"944f31fe-283e-48b8-8c02-1be3978e7a0a\" target=\"_blank\">Instagramie<\/a>, <a rel=\"nofollow noopener\" href=\"https:\/\/www.youtube.com\/c\/plejada\" id=\"d0e2e486-7dd0-4af9-b219-6ef21ca3c034\" target=\"_blank\">YouTube<\/a> oraz <a rel=\"nofollow noopener\" href=\"https:\/\/www.tiktok.com\/@plejada_pl\" id=\"b259725d-01d5-438c-b601-f07fc2794b65\" target=\"_blank\">TikToku<\/a>.<\/p>\n<p class=\"Paragraph_desktopParagraph__U31Gm\">Chcesz podzieli\u0107 si\u0119 ciekawym newsem lub zaproponowa\u0107 temat? Skontaktuj si\u0119 z nami, pisz\u0105c e-maila na adres: <a href=\"https:\/\/www.onet.pl\/styl-zycia\/plejada\/znany-dziennikarz-przeszedl-udar-i-wylew-teraz-walczy-o-powrot-do-sprawnosci\/mailto:plejada@redakcjaonet.pl\" id=\"c87dbc9b-6737-435c-a42f-f5f5b24b1b5a\" rel=\"nofollow noopener\" target=\"_blank\">plejada@redakcjaonet.pl<\/a>.<\/p>\n<p><script async src=\"\/\/www.instagram.com\/embed.js\"><\/script><script async src=\"\/\/www.tiktok.com\/embed.js\"><\/script><\/p>\n","protected":false},"excerpt":{"rendered":"Janusz Pindera, jeden z najbardziej cenionych polskich dziennikarzy sportowych, od lat zwi\u0105zany jest z mediami, m.in. z Canal+,&hellip;\n","protected":false},"author":2,"featured_media":175012,"comment_status":"","ping_status":"","sticky":false,"template":"","format":"standard","meta":{"footnotes":"","_share_on_mastodon":"0"},"categories":[24],"tags":[67,30549,53,52,68,51,55,42,38,40,39,41,47,127,126,196,65,50],"class_list":["post-175011","post","type-post","status-publish","format-standard","has-post-thumbnail","category-sport","tag-intextvideo_splayer","tag-janusz_pindera","tag-new_header","tag-onet3","tag-onet3d","tag-onet3d_2i","tag-phx","tag-pl","tag-poland","tag-polish","tag-polska","tag-polski","tag-screening_general","tag-sport","tag-sports","tag-styl_zycia","tag-update_me","tag-v2021"],"share_on_mastodon":{"url":"https:\/\/pubeurope.com\/@pl\/115796379467762066","error":""},"_links":{"self":[{"href":"https:\/\/www.europesays.com\/pl\/wp-json\/wp\/v2\/posts\/175011","targetHints":{"allow":["GET"]}}],"collection":[{"href":"https:\/\/www.europesays.com\/pl\/wp-json\/wp\/v2\/posts"}],"about":[{"href":"https:\/\/www.europesays.com\/pl\/wp-json\/wp\/v2\/types\/post"}],"author":[{"embeddable":true,"href":"https:\/\/www.europesays.com\/pl\/wp-json\/wp\/v2\/users\/2"}],"replies":[{"embeddable":true,"href":"https:\/\/www.europesays.com\/pl\/wp-json\/wp\/v2\/comments?post=175011"}],"version-history":[{"count":0,"href":"https:\/\/www.europesays.com\/pl\/wp-json\/wp\/v2\/posts\/175011\/revisions"}],"wp:featuredmedia":[{"embeddable":true,"href":"https:\/\/www.europesays.com\/pl\/wp-json\/wp\/v2\/media\/175012"}],"wp:attachment":[{"href":"https:\/\/www.europesays.com\/pl\/wp-json\/wp\/v2\/media?parent=175011"}],"wp:term":[{"taxonomy":"category","embeddable":true,"href":"https:\/\/www.europesays.com\/pl\/wp-json\/wp\/v2\/categories?post=175011"},{"taxonomy":"post_tag","embeddable":true,"href":"https:\/\/www.europesays.com\/pl\/wp-json\/wp\/v2\/tags?post=175011"}],"curies":[{"name":"wp","href":"https:\/\/api.w.org\/{rel}","templated":true}]}}