{"id":175025,"date":"2025-12-28T09:08:10","date_gmt":"2025-12-28T09:08:10","guid":{"rendered":"https:\/\/www.europesays.com\/pl\/175025\/"},"modified":"2025-12-28T09:08:10","modified_gmt":"2025-12-28T09:08:10","slug":"polacy-uwielbiaja-holiday-dustin-hoffman-wystapil-w-filmie-przypadkiem","status":"publish","type":"post","link":"https:\/\/www.europesays.com\/pl\/175025\/","title":{"rendered":"Polacy uwielbiaj\u0105 &#8222;Holiday&#8221;. Dustin Hoffman wyst\u0105pi\u0142 w filmie przypadkiem"},"content":{"rendered":"<p>Brytyjka Iris (<a href=\"https:\/\/film.interia.pl\/gwiazda-kate-winslet,pId,2712\" rel=\"nofollow noopener\" target=\"_blank\">Kate Winslet<\/a>) ma z\u0142amane serce \u2013 m\u0119\u017cczyzna, kt\u00f3rego kocha, ma po\u015blubi\u0107 inn\u0105. Amerykanka Amanda (Cameron Diaz) dowiaduje si\u0119 w tym samym czasie, \u017ce jej ch\u0142opak j\u0105 zdradza. Pod wp\u0142ywem impulsu obie wymieniaj\u0105 si\u0119 swoimi domami na czas Bo\u017cego Narodzenia. Iris wyje\u017cd\u017ca do s\u0142onecznego Los Angeles i spotyka Milesa (<a href=\"https:\/\/film.interia.pl\/gwiazda-jack-black,pId,4256\" rel=\"nofollow noopener\" target=\"_blank\">Jack Black<\/a>), kompozytora muzyki filmowej. Z kolei Amanda przybywa na za\u015bnie\u017con\u0105 brytyjsk\u0105 prowincj\u0119. Tam wpada jej w oko Graham (Jude Law), niedawno owdowia\u0142y brat Iris.<\/p>\n<p>W jednej z najbardziej znanych scen filmu Iris i Miles udaj\u0105 si\u0119 do wypo\u017cyczalni wideo. Tam m\u0119\u017cczyzna nuci piosenki i motywy muzyczne z wybranych film\u00f3w. Gdy bierze si\u0119 za &#8222;Mrs. Robinson&#8221; z &#8222;Absolwenta&#8221; Mike\u2019a Nicholsa, kamera ukazuje stoj\u0105cego nieopodal\u00a0<a href=\"https:\/\/film.interia.pl\/gwiazda-dustin-hoffman,pId,1146\" rel=\"nofollow noopener\" target=\"_blank\">Dustina Hoffmana<\/a>, gwiazd\u0119 prze\u0142omowej produkcji z 1967 roku. Ten kr\u0119ci g\u0142ow\u0105 i mruczy pod nosem, \u017ce nie mo\u017ce si\u0119 nigdzie ruszy\u0107 \u2013 wsz\u0119dzie dopada go ta piosenka.<\/p>\n<p>&#13;<br \/>\n    &#13;<br \/>\n            Wideo&#13;<\/p>\n<p>        &#13;<br \/>\n&#13;<br \/>\n    &#13;<br \/>\n        &#13;<br \/>\n                &#13;<\/p>\n<p>&#13;<br \/>\n                                        Dustin Hoffman w filmie &#8222;Holiday&#8221;&#13;\n                                <\/p>\n<p>&#13;<\/p>\n<p>Co zabawne, epizod dwukrotnego laureata Oscara zosta\u0142 wymy\u015blony na planie. Gdy realizowano scen\u0119 z Blackiem i Winslet, Hoffman przypadkiem by\u0142 go\u015bciem pobliskiej restauracji. Zaciekawiony obecno\u015bci\u0105 ekipy filmowej, postanowi\u0142 zajrze\u0107 na plan. Okaza\u0142o si\u0119, \u017ce za re\u017cyseri\u0119 odpowiada\u0142a\u00a0<a href=\"https:\/\/film.interia.pl\/gwiazda-nancy-meyers,pId,5813\" rel=\"nofollow noopener\" target=\"_blank\">Meyers<\/a>. Ich c\u00f3rki by\u0142y najlepszymi przyjaci\u00f3\u0142kami.<\/p>\n<p>&#8222;[Hoffman] by\u0142 z nami dobr\u0105 godzin\u0119. Po prostu mi\u0142o sp\u0119dza\u0142 czas i patrzy\u0142, jak kr\u0119cimy&#8221; \u2013 zdradzi\u0142a re\u017cyserka w jednym z wywiad\u00f3w. &#8222;Nagle trafi\u0142o mnie, \u017ce co\u015b jest ze mn\u0105 nie tak. Przecie\u017c bohaterowie m\u00f3wi\u0105 o \u2018Absolwencie\u2019. Spyta\u0142am, czy Dustin chce by\u0107 w tej scenie. Zrobimy na niego przebitk\u0119 czy co\u015b takiego. A on si\u0119 zgodzi\u0142. Nie uczesali\u015bmy go, nie ucharakteryzowali\u015bmy \u2013 wyst\u0105pi\u0142 tak, jak przyszed\u0142 na lunch. [\u2026] I wysz\u0142o \u015bwietnie&#8221;.<\/p>\n<p><a href=\"https:\/\/film.interia.pl\/film-holiday,fId,3375\" rel=\"nofollow noopener\" target=\"_blank\">&#8222;Holiday&#8221;<\/a>\u00a0znajduje si\u0119 w abonamencie serwis\u00f3w streamingowych Disney+, Netflix i SkyShowtime. Film mo\u017cna tak\u017ce wypo\u017cyczy\u0107 na Player, Prime Video i Rakuten TV.<\/p>\n<p>&#13;<br \/>\n    &#13;<br \/>\n            Wideo&#13;<\/p>\n<p>        &#13;<br \/>\n&#13;<br \/>\n    &#13;<br \/>\n        &#13;<br \/>\n                &#13;<\/p>\n<p>&#13;<br \/>\n                                        &#8222;Odyseja&#8221; [trailer]&#13;<br \/>\n                                        materia\u0142y prasowe&#13;\n                    <\/p>\n<p>&#13;<\/p>\n<p>                    &#13;<br \/>\n        &#13;<\/p>\n<p>                        <a href=\"https:\/\/www.interia.pl?module=source\" target=\"_blank\" rel=\"nofollow noopener\"><\/p>\n<p>                                    <img decoding=\"async\" src=\"https:\/\/www.europesays.com\/pl\/wp-content\/uploads\/2025\/10\/1761676688_499_0009A60QQ5I2TYF7-C301.jpg\" alt=\"INTERIA.PL\"\/><br \/>\n                                            <\/a><\/p>\n<p>        &#13;<br \/>\n&#13;<br \/>\n    &#13;<\/p>\n<p>    &#13;<br \/>\n    &#13;<br \/>\n            &#13;<br \/>\n        &#13;<\/p>\n","protected":false},"excerpt":{"rendered":"Brytyjka Iris (Kate Winslet) ma z\u0142amane serce \u2013 m\u0119\u017cczyzna, kt\u00f3rego kocha, ma po\u015blubi\u0107 inn\u0105. Amerykanka Amanda (Cameron Diaz)&hellip;\n","protected":false},"author":2,"featured_media":175026,"comment_status":"","ping_status":"","sticky":false,"template":"","format":"standard","meta":{"footnotes":""},"categories":[22],"tags":[122,42,38,40,39,41,123],"class_list":{"0":"post-175025","1":"post","2":"type-post","3":"status-publish","4":"format-standard","5":"has-post-thumbnail","7":"category-rozrywka","8":"tag-entertainment","9":"tag-pl","10":"tag-poland","11":"tag-polish","12":"tag-polska","13":"tag-polski","14":"tag-rozrywka"},"share_on_mastodon":{"url":"https:\/\/pubeurope.com\/@pl\/115796410730761298","error":""},"_links":{"self":[{"href":"https:\/\/www.europesays.com\/pl\/wp-json\/wp\/v2\/posts\/175025","targetHints":{"allow":["GET"]}}],"collection":[{"href":"https:\/\/www.europesays.com\/pl\/wp-json\/wp\/v2\/posts"}],"about":[{"href":"https:\/\/www.europesays.com\/pl\/wp-json\/wp\/v2\/types\/post"}],"author":[{"embeddable":true,"href":"https:\/\/www.europesays.com\/pl\/wp-json\/wp\/v2\/users\/2"}],"replies":[{"embeddable":true,"href":"https:\/\/www.europesays.com\/pl\/wp-json\/wp\/v2\/comments?post=175025"}],"version-history":[{"count":0,"href":"https:\/\/www.europesays.com\/pl\/wp-json\/wp\/v2\/posts\/175025\/revisions"}],"wp:featuredmedia":[{"embeddable":true,"href":"https:\/\/www.europesays.com\/pl\/wp-json\/wp\/v2\/media\/175026"}],"wp:attachment":[{"href":"https:\/\/www.europesays.com\/pl\/wp-json\/wp\/v2\/media?parent=175025"}],"wp:term":[{"taxonomy":"category","embeddable":true,"href":"https:\/\/www.europesays.com\/pl\/wp-json\/wp\/v2\/categories?post=175025"},{"taxonomy":"post_tag","embeddable":true,"href":"https:\/\/www.europesays.com\/pl\/wp-json\/wp\/v2\/tags?post=175025"}],"curies":[{"name":"wp","href":"https:\/\/api.w.org\/{rel}","templated":true}]}}