{"id":175031,"date":"2025-12-28T09:12:16","date_gmt":"2025-12-28T09:12:16","guid":{"rendered":"https:\/\/www.europesays.com\/pl\/175031\/"},"modified":"2025-12-28T09:12:16","modified_gmt":"2025-12-28T09:12:16","slug":"tym-zyl-raport-w-2025-roku-prawie-50-tys-materialow-od-czytelnikow","status":"publish","type":"post","link":"https:\/\/www.europesays.com\/pl\/175031\/","title":{"rendered":"Tym \u017cy\u0142 Raport w 2025 roku. Prawie 50 tys. materia\u0142\u00f3w od czytelnik\u00f3w"},"content":{"rendered":"<p>            <a href=\"https:\/\/www.trojmiasto.pl\/raport\/\" target=\"_blank\" data-slide-name=\"806341\" data-filter-brightness=\"brightness--100\" rel=\"nofollow noopener\"><\/p>\n<p>    <img decoding=\"async\" style=\"height:475px; aspect-ratio: 1.57687\/1; filter:brightness(1);\" alt=\"W 2025 roku w Raporcie czytelnicy zamie\u015bcili prawie 50 tys. informacji, zdj\u0119\u0107 i film\u00f3w. Za wszystkie dzi\u0119kujemy!\" src=\"https:\/\/www.europesays.com\/pl\/wp-content\/uploads\/2025\/12\/4200933-W-2025-roku-w-Raporcie-czytelnicy-zamiescili-prawie-50-tys-informacji-zdjec-i.webp.webp\" class=\"photoMarker__img lazy\" data-slider=\"img\"\/><\/p>\n<p>            <\/a><\/p>\n<p class=\"lead\">W mijaj\u0105cym roku nasi czytelnicy zamie\u015bcili w\u00a0<a data-tklik=\"111646\" target=\"_blank\" href=\"https:\/\/www.trojmiasto.pl\/raport\/\" rel=\"nofollow noopener\">Raporcie<\/a> <a href=\"https:\/\/www.trojmiasto.pl\/dom\/Blisko-i1398.html\" class=\"parse-link\" title=\"Blisko\" rel=\"nofollow noopener\" target=\"_blank\">blisko<\/a> 50 tys. informacji, zdj\u0119\u0107 i\u00a0film\u00f3w, z\u00a0czego powsta\u0142o prawie 150 artyku\u0142\u00f3w. Za wszystkie bardzo dzi\u0119kujemy, bo dzi\u0119ki czujno\u015bci i\u00a0uwa\u017cno\u015bci naszych czytelnik\u00f3w mo\u017cemy niemal w\u00a0czasie rzeczywistym opisywa\u0107 wszystko to, co dzieje si\u0119 w\u00a0Tr\u00f3jmie\u015bcie.<\/p>\n<p>Najwi\u0119cej informacji, a\u00a0w \u015blad za nimi tak\u017ce artyku\u0142\u00f3w, jakie powstaj\u0105 na bazie materia\u0142\u00f3w od czytelnik\u00f3w, dotyczy utrudnie\u0144 i\u00a0zdarze\u0144 <a data-tklik=\"782406\" target=\"_self\" href=\"https:\/\/www.trojmiasto.pl\/raport\/Na-drogach-tg121.html\" rel=\"nofollow noopener\">drogowych<\/a> oraz <a data-tklik=\"652426\" target=\"_self\" href=\"https:\/\/www.trojmiasto.pl\/raport\/Komunikacja-tg124.html\" rel=\"nofollow noopener\">komunikacyjnych<\/a> &#8211; od kork\u00f3w, przez kolizje, a\u017c na wypadkach ko\u0144cz\u0105c, a\u00a0tak\u017ce po\u017car\u00f3w, <a data-tklik=\"684672\" target=\"_self\" href=\"https:\/\/www.trojmiasto.pl\/raport\/Awarie-tg65.html\" rel=\"nofollow noopener\">awarii<\/a>, zdarze\u0144 kryminalnych, wiosenno-letnich ulew, jesienno-zimowych wichur czy <a data-tklik=\"857969\" target=\"_self\" href=\"https:\/\/www.trojmiasto.pl\/raport\/SzukamZnaleziono-tg81.html\" rel=\"nofollow noopener\">zgubionych lub znalezionych rzeczy.<\/a> <\/p>\n<p>Raport to tak\u017ce coraz cz\u0119\u015bciej pojawiaj\u0105ce si\u0119 informacje i\u00a0doniesienia z\u00a0<a data-tklik=\"634344\" target=\"_self\" href=\"https:\/\/www.trojmiasto.pl\/raport\/Rozrywka-tg125.html\" rel=\"nofollow noopener\">koncert\u00f3w, imprez rozrywkowych<\/a> czy <a data-tklik=\"863489\" target=\"_self\" href=\"https:\/\/www.trojmiasto.pl\/raport\/Sport-tg140.html\" rel=\"nofollow noopener\">wydarze\u0144 sportowych<\/a>. <\/p>\n<p>W ca\u0142ym 2025 roku w\u00a0Raporcie pojawi\u0142o si\u0119 prawie 50 tys. materia\u0142\u00f3w nades\u0142anych przez czytelnik\u00f3w. Powsta\u0142o z\u00a0nich niemal 150 artyku\u0142\u00f3w. <\/p>\n<p>Najciekawsze z\u00a0nich to:<\/p>\n<p>Mieszka\u0144c\u00f3w Gda\u0144ska zaniepokoi\u0142y w\u00a0niedziel\u0119 nocne loty nad miastem. &#8211; Czy ten samolot musi lata\u0107 tak nisko? Dlaczego tak ha\u0142asuje? Spa\u0107 nie mo\u017cna! &#8211; pisali w\u00a0Raporcie. Nocna misja to cz\u0119\u015b\u0107 prac <a href=\"https:\/\/www.trojmiasto.pl\/GPEC-o4904.html\" class=\"parse-link\" title=\"Gda\u0144skie Przedsi\u0119biorstwo Energetyki Cieplnej\" rel=\"nofollow noopener\" target=\"_blank\">GPEC<\/a>, kontroluj\u0105cego ewentualne straty termiczne swoich ciep\u0142oci\u0105g\u00f3w.<\/p>\n<p><a href=\"https:\/\/www.trojmiasto.pl\/wiadomosci\/Nocne-loty-nad-Gdanskiem-Skanuja-siec-by-uniknac-awarii-n198962.html\" data-tklik=\"210046\" class=\"marker-news component newsMarker\" rel=\"nofollow noopener\" target=\"_blank\"><br \/>\n            <img decoding=\"async\" src=\"https:\/\/www.europesays.com\/pl\/wp-content\/uploads\/2025\/12\/3943630__c_0_0_709_496__kr.webp.webp\" alt=\"Nocne loty nad Gda\u0144skiem\" class=\"lazy newsMarker__img\"\/><br \/>\n        Nocne loty nad Gda\u0144skiem<br \/>\n<\/a><\/p>\n<p>Zabrak\u0142o my\u015blnika i\u00a0litery, ale b\u0142\u0105d szybko naprawiono. Liter\u00f3wka w\u00a0nazwie przystanku pojawi\u0142a si\u0119 przy ul. Bora-Komorowskiego na Przymorzu. Spraw\u0119 nag\u0142o\u015bnili czujni czytelnicy Raportu.<\/p>\n<p><a href=\"https:\/\/www.trojmiasto.pl\/wiadomosci\/Wpadka-ortograficzna-na-przystanku-w-Gdansku-Byk-juz-zniknal-n199280.html\" data-tklik=\"394126\" class=\"marker-news component newsMarker\" rel=\"nofollow noopener\" target=\"_blank\"><br \/>\n            <img decoding=\"async\" src=\"https:\/\/www.europesays.com\/pl\/wp-content\/uploads\/2025\/12\/3950467__c_0_127_969_678__kr.webp.webp\" alt=\"Wpadka ortograficzna na przystanku w Gda\u0144sku\" class=\"lazy newsMarker__img\"\/><br \/>\n        Wpadka ortograficzna na przystanku w Gda\u0144sku<br \/>\n<\/a><\/p>\n<p>Pod gda\u0144sk\u0105 Szko\u0142\u0105 Podstawow\u0105 nr 12 na ul. Cz\u0142uchowskiej zebra\u0142 si\u0119 t\u0142um m\u0142odzie\u017cy. Zorganizowano tam tzw. ustawk\u0119 przed meczem ligi orlikowej. Szybko pojawi\u0142a si\u0119 tam jednak policja. M\u0142odzi przed mundurowymi uciekali. Wylegitymowano w\u00a0sumie 95 os\u00f3b w\u00a0wieku 13-16 lat. Cz\u0119\u015b\u0107 nastolatk\u00f3w mia\u0142a przy sobie m.in. pa\u0142ki teleskopowe, ochraniacze na szcz\u0119ki i\u00a0alkohol. Sprawa trafi\u0142a do s\u0105du dla nieletnich.<\/p>\n<p><a href=\"https:\/\/www.trojmiasto.pl\/wiadomosci\/Ustawka-pod-szkola-Tlum-mlodziezy-uciekal-przed-policja-n201286.html\" data-tklik=\"915780\" class=\"marker-news component newsMarker\" rel=\"nofollow noopener\" target=\"_blank\"><br \/>\n            <img decoding=\"async\" src=\"https:\/\/www.europesays.com\/pl\/wp-content\/uploads\/2025\/12\/3991521__c_4_322_531_372__kr.webp.webp\" alt=\"Ustawka pod szko\u0142\u0105. T\u0142um m\u0142odzie\u017cy ucieka\u0142 przed policj\u0105\" class=\"lazy newsMarker__img\"\/><br \/>\n        Ustawka pod szko\u0142\u0105. T\u0142um m\u0142odzie\u017cy ucieka\u0142 przed policj\u0105<br \/>\n<\/a><\/p>\n<p>Prywatna osoba z\u00a0Lublina postawi\u0142a pi\u0119trowy dom na terenie Rodzinnych Ogrod\u00f3w Dzia\u0142kowych Przysz\u0142o\u015b\u0107 przy al. Hallera. W\u00a0dokumentacji altana mia\u0142a parametry zgodne z\u00a0przepisami, ale w\u00a0czasie budowy obiekt rozr\u00f3s\u0142 si\u0119 do nielegalnej wielko\u015bci.<\/p>\n<p><a href=\"https:\/\/www.trojmiasto.pl\/wiadomosci\/Nowoczesny-dom-na-dzialce-ROD-Inwestor-sie-rozszalal-n202114.html\" data-tklik=\"105951\" class=\"marker-news component newsMarker\" rel=\"nofollow noopener\" target=\"_blank\"><br \/>\n            <img decoding=\"async\" src=\"https:\/\/www.europesays.com\/pl\/wp-content\/uploads\/2025\/12\/4008602__c_226_0_2008_1406__kr.webp.webp\" alt=\"Nowoczesny dom na dzia\u0142ce ROD. \" inwestor=\"\" si=\"\" rozszala=\"\" class=\"lazy newsMarker__img\"\/><br \/>\n        Nowoczesny dom na dzia\u0142ce ROD. &#8222;Inwestor si\u0119 rozszala\u0142&#8221;<br \/>\n<\/a><\/p>\n<p>Cz\u0142owiek-paj\u0105k wspina\u0142 si\u0119 noc\u0105 po \u015bcianie zabytkowej Wielkiej Zbrojowni w\u00a0centrum Gda\u0144ska. O\u00a0zdarzeniu poinformowano nas w\u00a0Raporcie. Niestety zwinny jak paj\u0105k nie by\u0142, bo gdy na miejscu pojawili si\u0119 mundurowi, m\u0119\u017cczyzna spad\u0142 na ziemi\u0119 z\u00a0wysoko\u015bci kilkunastu metr\u00f3w. Trafi\u0142 do szpitala. Policji przyzna\u0142, \u017ce przesadzi\u0142 z\u00a0alkoholem na imprezie firmowej.<\/p>\n<p><a href=\"https:\/\/www.trojmiasto.pl\/wiadomosci\/Czlowiek-pajak-wspial-sie-na-Wielka-Zbrojownie-i-szybko-z-niej-spadl-n205523.html\" data-tklik=\"435582\" class=\"marker-news component newsMarker\" rel=\"nofollow noopener\" target=\"_blank\"><br \/>\n            <img decoding=\"async\" src=\"https:\/\/www.europesays.com\/pl\/wp-content\/uploads\/2025\/12\/4074621__c_0_100_668_468__kr.webp.webp\" alt=\"Cz\u0142owiek-paj\u0105k wspi\u0105\u0142 si\u0119 na Wielk\u0105 Zbrojowni\u0119 i szybko z niej spad\u0142\" class=\"lazy newsMarker__img\"\/><br \/>\n        Cz\u0142owiek-paj\u0105k wspi\u0105\u0142 si\u0119 na Wielk\u0105 Zbrojowni\u0119 i szybko z niej spad\u0142<br \/>\n<\/a><\/p>\n<p>Jedna z\u00a0ods\u0142on bitwy o\u00a0miejsca postojowe w\u00a0Sopocie, gdzie wprowadzono stref\u0119 ograniczonego wjazdu. Wed\u0142ug mieszka\u0144c\u00f3w, cz\u0119\u015b\u0107 kierowc\u00f3w udaje, \u017ce doje\u017cd\u017ca do prywatnych posesji, po czym parkuje na terenie podw\u00f3rek, kt\u00f3re &#8211; nie b\u0119d\u0105c pasem drogowym &#8211; nie s\u0105 kontrolowane przez stra\u017c miejsk\u0105. W\u00a0efekcie parkuj\u0105cym tak kierowcom nieznana osoba wk\u0142ada za wycieraczki kartki ostrzegaj\u0105ce przed mandatem. &#8211; To nie stra\u017c miejska &#8211; zastrzegaj\u0105 urz\u0119dnicy.<\/p>\n<p><a href=\"https:\/\/www.trojmiasto.pl\/wiadomosci\/Kartkami-za-wycieraczka-chca-wygonic-kierowcow-spod-posesji-n205893.html\" data-tklik=\"941851\" class=\"marker-news component newsMarker\" rel=\"nofollow noopener\" target=\"_blank\"><br \/>\n            <img decoding=\"async\" src=\"https:\/\/www.europesays.com\/pl\/wp-content\/uploads\/2025\/12\/4081004__c_0_540_1536_1075__kr.webp.webp\" alt=\"Kartkami za wycieraczk\u0105 chc\u0105 wygoni\u0107 kierowc\u00f3w spod posesji\" class=\"lazy newsMarker__img\"\/><br \/>\n        Kartkami za wycieraczk\u0105 chc\u0105 wygoni\u0107 kierowc\u00f3w spod posesji<br \/>\n<\/a><\/p>\n<p>Z\u00a0jachtu Milou p\u0142yn\u0105cego w\u00a0kierunku gda\u0144skiego portu, ok. 4 mile morskie od falochronu, za burt\u0119 wypad\u0142 skiper. M\u0119\u017cczyzna przez ok. godzin\u0119 przebywa\u0142 w\u00a0wodzie, zanim zosta\u0142 podj\u0119ty przez za\u0142og\u0119 przep\u0142ywaj\u0105cej obok pog\u0142\u0119biarki. Jego jacht, bez za\u0142ogi na pok\u0142adzie, rozbi\u0142 si\u0119 o\u00a0falochron.<\/p>\n<p><a href=\"https:\/\/www.trojmiasto.pl\/wiadomosci\/Gdansk-Skiper-za-burta-jacht-rozbity-na-falochronie-Portu-Polnocnego-n207071.html\" data-tklik=\"89539\" class=\"marker-news component newsMarker\" rel=\"nofollow noopener\" target=\"_blank\"><br \/>\n            <img decoding=\"async\" src=\"https:\/\/www.europesays.com\/pl\/wp-content\/uploads\/2025\/12\/4106742__kr.webp.webp\" alt=\"Skiper za burt\u0105, jacht rozbity na falochronie Portu P\u00f3\u0142nocnego w Gda\u0144sku\" class=\"lazy newsMarker__img\"\/><br \/>\n        Skiper za burt\u0105, jacht rozbity na falochronie Portu P\u00f3\u0142nocnego w Gda\u0144sku<br \/>\n<\/a><\/p>\n<p>Niema\u0142\u0105 sensacj\u0119 wzbudzi\u0142 widok \u0142osia, spaceruj\u0105cego przez ca\u0142y dzie\u0144 w\u00a0pasie nadmorskim. Zwierz\u0119 nad ranem widziane by\u0142o w\u00a0Nowym Porcie i\u00a0Brze\u017anie, potem pasem nadmorskim dotar\u0142o a\u017c do Sopotu, gdzie przej\u0119\u0142a go w\u00a0opiek\u0119 Stra\u017c Miejska.<\/p>\n<p><a href=\"https:\/\/www.trojmiasto.pl\/wiadomosci\/Spacer-losia-po-Gdansku-i-Sopocie-Odpoczywal-pod-urzedem-nad-ranem-trafil-do-lasu-n207756.html\" data-tklik=\"961411\" class=\"marker-news component newsMarker\" rel=\"nofollow noopener\" target=\"_blank\"><br \/>\n            <img decoding=\"async\" src=\"https:\/\/www.europesays.com\/pl\/wp-content\/uploads\/2025\/12\/4121524__c_516_352_1245_871__kr.webp.webp\" alt=\"Spacer \u0142osia po Gda\u0144sku i Sopocie\" class=\"lazy newsMarker__img\"\/><br \/>\n        Spacer \u0142osia po Gda\u0144sku i Sopocie<br \/>\n<\/a><\/p>\n<p>Para obywateli Rumunii mia\u0142a sprytny plan: przylecie\u0107 na jeden dzie\u0144 do Gda\u0144ska i\u00a0wylecie\u0107 z\u00a0pe\u0142n\u0105 torb\u0105 drogich perfum. Do skoku na drogeri\u0119 na lotnisku solidnie si\u0119 przygotowali. Dzie\u0144 przed rabunkiem dokonali rekonesansu, by wiedzie\u0107, co i\u00a0gdzie stoi na p\u00f3\u0142kach. Tu\u017c po tym, gdy spakowali do przygotowanych plecak\u00f3w 20 flakon\u00f3w o\u00a0warto\u015bci 13 tys. z\u0142, zostali zatrzymani. Braki asortymentu na sklepowych rega\u0142ach wypatrzy\u0142 bowiem ochroniarz i\u00a0na podstawie monitoringu zatrzyma\u0142 sprawc\u00f3w.<\/p>\n<p><a href=\"https:\/\/www.trojmiasto.pl\/wiadomosci\/Proba-zuchwalej-kradziezy-na-lotnisku-n210242.html\" data-tklik=\"682339\" class=\"marker-news component newsMarker\" rel=\"nofollow noopener\" target=\"_blank\"><br \/>\n            <img decoding=\"async\" src=\"https:\/\/www.europesays.com\/pl\/wp-content\/uploads\/2025\/12\/4171381__c_43_0_528_370__kr.webp.webp\" alt=\"Pr\u00f3ba zuchwa\u0142ej kradzie\u017cy na lotnisku\" class=\"lazy newsMarker__img\"\/><br \/>\n        Pr\u00f3ba zuchwa\u0142ej kradzie\u017cy na lotnisku<br \/>\n<\/a><\/p>\n","protected":false},"excerpt":{"rendered":"W mijaj\u0105cym roku nasi czytelnicy zamie\u015bcili w\u00a0Raporcie blisko 50 tys. informacji, zdj\u0119\u0107 i\u00a0film\u00f3w, z\u00a0czego powsta\u0142o prawie 150 artyku\u0142\u00f3w.&hellip;\n","protected":false},"author":2,"featured_media":175032,"comment_status":"","ping_status":"","sticky":false,"template":"","format":"standard","meta":{"footnotes":""},"categories":[12],"tags":[1088,18702,32,33,10822,11072,17047,36,37,816,1048,1064,27,1096,1089,27944,1091,1095,34,35,1094,11592,28,31,25,1097,42,38,40,39,41,1093,90,1087,1090,29,30,4000,34336,26,1092,6783],"class_list":{"0":"post-175031","1":"post","2":"type-post","3":"status-publish","4":"format-standard","5":"has-post-thumbnail","7":"category-polska","8":"tag-aktualne-wydarzenia","9":"tag-artykul","10":"tag-breaking-news","11":"tag-breakingnews","12":"tag-czas","13":"tag-czujnosc","14":"tag-czytelnik","15":"tag-featured-news","16":"tag-featurednews","17":"tag-film","18":"tag-gdansk","19":"tag-gdynia","20":"tag-headlines","21":"tag-hotele","22":"tag-imprezy","23":"tag-informacja","24":"tag-kino","25":"tag-kwatery","26":"tag-latest-news","27":"tag-latestnews","28":"tag-mapa","29":"tag-material","30":"tag-naglowki","31":"tag-najwazniejsze-artykuly","32":"tag-news","33":"tag-noclegi","34":"tag-pl","35":"tag-poland","36":"tag-polish","37":"tag-polska","38":"tag-polski","39":"tag-przewodnik","40":"tag-raport","41":"tag-sopot-noclegi","42":"tag-spektakle-firmy","43":"tag-top-stories","44":"tag-topstories","45":"tag-trojmiasto","46":"tag-uwaznosc","47":"tag-wiadomosci","48":"tag-wydarzenia","49":"tag-zdjecie"},"share_on_mastodon":{"url":"","error":"Validation failed: Text character limit of 500 exceeded"},"_links":{"self":[{"href":"https:\/\/www.europesays.com\/pl\/wp-json\/wp\/v2\/posts\/175031","targetHints":{"allow":["GET"]}}],"collection":[{"href":"https:\/\/www.europesays.com\/pl\/wp-json\/wp\/v2\/posts"}],"about":[{"href":"https:\/\/www.europesays.com\/pl\/wp-json\/wp\/v2\/types\/post"}],"author":[{"embeddable":true,"href":"https:\/\/www.europesays.com\/pl\/wp-json\/wp\/v2\/users\/2"}],"replies":[{"embeddable":true,"href":"https:\/\/www.europesays.com\/pl\/wp-json\/wp\/v2\/comments?post=175031"}],"version-history":[{"count":0,"href":"https:\/\/www.europesays.com\/pl\/wp-json\/wp\/v2\/posts\/175031\/revisions"}],"wp:featuredmedia":[{"embeddable":true,"href":"https:\/\/www.europesays.com\/pl\/wp-json\/wp\/v2\/media\/175032"}],"wp:attachment":[{"href":"https:\/\/www.europesays.com\/pl\/wp-json\/wp\/v2\/media?parent=175031"}],"wp:term":[{"taxonomy":"category","embeddable":true,"href":"https:\/\/www.europesays.com\/pl\/wp-json\/wp\/v2\/categories?post=175031"},{"taxonomy":"post_tag","embeddable":true,"href":"https:\/\/www.europesays.com\/pl\/wp-json\/wp\/v2\/tags?post=175031"}],"curies":[{"name":"wp","href":"https:\/\/api.w.org\/{rel}","templated":true}]}}