{"id":175062,"date":"2025-12-28T09:29:12","date_gmt":"2025-12-28T09:29:12","guid":{"rendered":"https:\/\/www.europesays.com\/pl\/175062\/"},"modified":"2025-12-28T09:29:12","modified_gmt":"2025-12-28T09:29:12","slug":"brittany-snow-poruszajaca-historia-gwiazdy-ktora-zmienila-swoje-zycie","status":"publish","type":"post","link":"https:\/\/www.europesays.com\/pl\/175062\/","title":{"rendered":"Brittany Snow. Poruszaj\u0105ca historia gwiazdy, kt\u00f3ra zmieni\u0142a swoje \u017cycie"},"content":{"rendered":"<p>Serial &#8222;The\u00a0Hunting\u00a0Wives&#8221; zosta\u0142 oparty na bestsellerowej powie\u015bci May\u00a0Cobb. Jak opisuje serwis\u00a0streamingowy, &#8222;opowiada histori\u0119 kobiety, kt\u00f3ra wraz z rodzin\u0105 przeprowadza si\u0119 z Bostonu do Teksasu. Tam zbli\u017ca si\u0119, by\u0107 mo\u017ce zbyt mocno, do jednej z bywalczy\u0144 salon\u00f3w i zostaje wci\u0105gni\u0119ta w obsesje, intrygi uwodzenia i morderstwo&#8221;.\u00a0<\/p>\n<p>W serialu ogl\u0105damy m.in.\u00a0Brittany\u00a0Snow, Malin Akerman, Evan\u00a0Joginkeit,\u00a0Katie\u00a0Lowes, George\u00a0Ferrier,\u00a0Dermot, Mulroney,\u00a0Jaime\u00a0Ray Newman i\u00a0Chrissy\u00a0Metz.\u00a0<\/p>\n<p>Produkcji nie\u00a0mo\u017cna\u00a0odm\u00f3wi\u0107 zmys\u0142owo\u015bci i\u00a0zdecydowanie przykuwa uwag\u0119, a szczeg\u00f3lnie\u00a0Brittany\u00a0Snow,\u00a0kt\u00f3rej\u00a0\u015bwietna kreacja nie pozwala oderwa\u0107 si\u0119 od ekranu. Wraz z ni\u0105 chcemy pozna\u0107 wszystkie tajemnice kryj\u0105ce si\u0119 w cieniu &#8222;porz\u0105dnych&#8221; rodzin.\u00a0<\/p>\n<p>Jak\u00a0si\u0119\u00a0jednak okazuje, aktorka ma na koncie kilka naprawd\u0119 znacz\u0105cych r\u00f3l, a serial, jest tylko mi\u0142ym\u00a0dodatkiem. Jak zacz\u0119\u0142a si\u0119 kariera uroczej blondynki?\u00a0<\/p>\n<p>Brittany\u00a0Snow\u00a0jest urodzon\u0105 w 1986 roku ameryka\u0144sk\u0105 aktork\u0105, kt\u00f3ra od najm\u0142odszych lat uczestniczy\u0142a w castingach, dzi\u0119ki czemu ma na koncie\u00a0wyst\u0119py\u00a0w reklamach takich marek jak\u00a0McDonald&#8217;s\u00a0czy Disney. Potrafi\u00a0ta\u0144czy\u0107\u00a0i\u00a0\u015bpiewa\u0107, co niejednokrotnie udowadnia\u0142a.\u00a0<\/p>\n<p>Na ekranach debiutowa\u0142a\u00a0jako\u00a0o\u015bmiolatka\u00a0w serialu &#8222;Seaquest&#8221;. By\u0142a rozchwytywana, ale rodzice starali si\u0119 zachowa\u0107\u00a0jej bezpieczne dzieci\u0144stwo. Jaki\u015b czas\u00a0p\u00f3\u017aniej\u00a0pojawi\u0142a\u00a0si\u0119 m.in. w &#8222;Pacyfikatorze&#8221; u boku\u00a0Vina\u00a0Diesela, &#8222;Lakierze do w\u0142os\u00f3w&#8221;\u00a0z Johnem Travolt\u0105 i Michelle Pfeiffer, czy oczywi\u015bcie w &#8222;Pitch Perfect&#8221;.\u00a0<\/p>\n<p>Komedia muzyczna okaza\u0142a si\u0119 ogromnym sukcesem kasowym,\u00a0zarabiaj\u0105c\u00a0115 mln dolar\u00f3w przy bud\u017cecie\u00a0si\u0119gaj\u0105cym\u00a0zaledwie 17 milin\u00f3w.\u00a0<\/p>\n<p>Aktorka przez wiele lat\u00a0zmaga\u0142a\u00a0si\u0119 z\u00a0zaburzeniami\u00a0od\u017cywiania.\u00a0Gdy\u00a0mia\u0142a\u00a0zaledwie 14 lat, wa\u017cy\u0142a tylko 39 kg i\u00a0tw\u00f3rcy\u00a0serialu &#8222;Guiding\u00a0Light&#8221;, w kt\u00f3rym\u00a0wyst\u0119powa\u0142a,\u00a0doradzali jej przebranie na wadze. Dwa lata zaj\u0119\u0142o jej przytycie 6 kg, co\u00a0wywo\u0142a\u0142o u niej siln\u0105 depresj\u0119. Po latach zdiagnozowano u niej bulimi\u0119, anoreksj\u0119, depresj\u0119 i dysmorfi\u0119\u00a0mi\u0119\u015bniow\u0105.\u00a0\u00a0<\/p>\n<p>    &#13;<\/p>\n<ul class=\"embed-list\">&#13;<\/p>\n<li class=\"embed-article-item i1 item-full\" data-pos=\"1\" data-id=\"8052055\">&#13;\n<p>                <a class=\"embed-tile-thumb\" href=\"https:\/\/interia.hit.gemius.pl\/hitredir\/id=baCb8AslJNnZj2kUGPLkPMUF.tLBarst.iFIsOnSq33..7\/url=https%3A%2F%2Fswiatseriali.interia.pl%2Fmocny_temat%2Fnews-dwa-nieudane-malzenstwa-i-zniszczona-kariera-kiedys-byla-iko%2CnId%2C8052055%23iwa_source%3Darticle_list%26parametr%3D1_a\" rel=\"nofollow noopener\" target=\"_blank\">&#13;<br \/>\n                        &#13;<br \/>\n                            &#13;<br \/>\n                                                            &#13;<br \/>\n                    <img decoding=\"async\" alt=\"Dwa nieudane ma\u0142\u017ce\u0144stwa i zniszczona kariera. Kiedy\u015b by\u0142a ikon\u0105 telewizji\" src=\"https:\/\/www.europesays.com\/pl\/wp-content\/uploads\/2025\/12\/000M3P6SXS7MJVSC-C459.webp.webp\" class=\"embed-tile-img img-responsive\" loading=\"lazy\"\/>&#13;<br \/>\n                &#13;<br \/>\n                    <\/a><\/p>\n<p>    &#13;\n                    <\/li>\n<p>&#13;\n                                    <\/ul>\n<p>&#13;<\/p>\n<p>Dodatkowo\u00a0mierzy\u0142a\u00a0si\u0119 z przykrymi komentarzami zwi\u0105zanymi z blizn\u0105, kt\u00f3rej\u00a0dorobi\u0142\u0105\u00a0si\u0119 jako dziecko. Podj\u0119\u0142a decyzj\u0119, by si\u0119 jej nie pozbywa\u0107.\u00a0<\/p>\n<p>&#8222;Kiedy by\u0142am ma\u0142a, us\u0142ysza\u0142am od jednej z\u00a0kobiet, \u017ce nigdy nie zrobi\u0119 kariery, bo blizna znajduje si\u0119 na \u015brodku mojego czo\u0142a. Jednak postanowi\u0142am j\u0105 zachowa\u0107&#8221; &#8211;\u00a0opowiedzia\u0142a\u00a0w wywiadzie dla &#8222;Today&#8221;.\u00a0<\/p>\n<p>Aktorka by\u0142a nawet zmuszona do tego, by zawiesi\u0107 swoj\u0105 karier\u0119. Jak sama\u00a0wyja\u015bnia\u0142a,\u00a0potrzebowa\u0142a\u00a0znale\u017a\u0107 produkcje, kt\u00f3re przypomina\u0142y jej o tym, jak bardzo\u00a0kocha \u017cycie.\u00a0Obecnie ceni sobie autentyczno\u015b\u0107.\u00a0<\/p>\n<p>&#8222;Nie ma ustalonych zasad, jak powiniene\u015b wygl\u0105da\u0107. Wa\u017cne jest, by\u015b naprawd\u0119 lubi\u0142 to, kim jeste\u015b&#8221; &#8211; wyja\u015bni\u0142a\u00a0w tym samym wywiadzie.\u00a0<\/p>\n<p>Obecnie aktorka nie ma\u00a0ju\u017c problem\u00f3w z zaburzeniami\u00a0od\u017cywiania, ale\u00a0wci\u0105\u017c\u00a0korzysta z pomocy\u00a0terapeuty.\u00a0<\/p>\n<p>W 2019\u00a0roku\u00a0zar\u0119czy\u0142a si\u0119 z\u00a0Tylerem\u00a0Stanalandem, kt\u00f3ry zajmuje si\u0119 po\u015brednictwem w handlu nieruchomo\u015bciami.\u00a0Jest tak\u017ce\u00a0gwiazd\u0105 serialu &#8222;Selling\u00a0Sunset: Orange\u00a0County&#8221;.<\/p>\n<p>  &#13;<br \/>\n    &#13;<br \/>\n            Wideo&#13;<\/p>\n<p>        &#13;<br \/>\n&#13;<br \/>\n    &#13;<br \/>\n        &#13;<br \/>\n                &#13;<\/p>\n<p>&#13;<br \/>\n                                        Gwiazda pochodz\u0105ca z Polski w mi\u0119dzynarodowym hicie\u00a0Apple\u2019a! Zagra w rodzimych produkcjach?\u00a0&#13;<br \/>\n                                        INTERIA.PL&#13;\n                    <\/p>\n<p>&#13;<br \/>\n    &#13;<\/p>\n","protected":false},"excerpt":{"rendered":"Serial &#8222;The\u00a0Hunting\u00a0Wives&#8221; zosta\u0142 oparty na bestsellerowej powie\u015bci May\u00a0Cobb. Jak opisuje serwis\u00a0streamingowy, &#8222;opowiada histori\u0119 kobiety, kt\u00f3ra wraz z rodzin\u0105&hellip;\n","protected":false},"author":2,"featured_media":175063,"comment_status":"","ping_status":"","sticky":false,"template":"","format":"standard","meta":{"footnotes":""},"categories":[22],"tags":[122,42,38,40,39,41,123],"class_list":{"0":"post-175062","1":"post","2":"type-post","3":"status-publish","4":"format-standard","5":"has-post-thumbnail","7":"category-rozrywka","8":"tag-entertainment","9":"tag-pl","10":"tag-poland","11":"tag-polish","12":"tag-polska","13":"tag-polski","14":"tag-rozrywka"},"share_on_mastodon":{"url":"https:\/\/pubeurope.com\/@pl\/115796493445648123","error":""},"_links":{"self":[{"href":"https:\/\/www.europesays.com\/pl\/wp-json\/wp\/v2\/posts\/175062","targetHints":{"allow":["GET"]}}],"collection":[{"href":"https:\/\/www.europesays.com\/pl\/wp-json\/wp\/v2\/posts"}],"about":[{"href":"https:\/\/www.europesays.com\/pl\/wp-json\/wp\/v2\/types\/post"}],"author":[{"embeddable":true,"href":"https:\/\/www.europesays.com\/pl\/wp-json\/wp\/v2\/users\/2"}],"replies":[{"embeddable":true,"href":"https:\/\/www.europesays.com\/pl\/wp-json\/wp\/v2\/comments?post=175062"}],"version-history":[{"count":0,"href":"https:\/\/www.europesays.com\/pl\/wp-json\/wp\/v2\/posts\/175062\/revisions"}],"wp:featuredmedia":[{"embeddable":true,"href":"https:\/\/www.europesays.com\/pl\/wp-json\/wp\/v2\/media\/175063"}],"wp:attachment":[{"href":"https:\/\/www.europesays.com\/pl\/wp-json\/wp\/v2\/media?parent=175062"}],"wp:term":[{"taxonomy":"category","embeddable":true,"href":"https:\/\/www.europesays.com\/pl\/wp-json\/wp\/v2\/categories?post=175062"},{"taxonomy":"post_tag","embeddable":true,"href":"https:\/\/www.europesays.com\/pl\/wp-json\/wp\/v2\/tags?post=175062"}],"curies":[{"name":"wp","href":"https:\/\/api.w.org\/{rel}","templated":true}]}}