{"id":175211,"date":"2025-12-28T10:57:20","date_gmt":"2025-12-28T10:57:20","guid":{"rendered":"https:\/\/www.europesays.com\/pl\/175211\/"},"modified":"2025-12-28T10:57:20","modified_gmt":"2025-12-28T10:57:20","slug":"nocny-pozar-w-warszawie-slynne-targowisko-w-ogniu-tvp-info","status":"publish","type":"post","link":"https:\/\/www.europesays.com\/pl\/175211\/","title":{"rendered":"Nocny po\u017car w Warszawie. S\u0142ynne targowisko w ogniu &#8211; TVP Info"},"content":{"rendered":"<ol>\n<li><a href=\"https:\/\/news.google.com\/rss\/articles\/CBMidkFVX3lxTFBmWGVJNm5yVlpPdkxUVXZuMFlhUDBleFVCT2FvelowN3hJQjN0Q2lwMTV6RnFsU0FvZVNwMXBMUWhyZ25NQ1p4REZpdXZzTlM3dS1LZUJENTZXVF9WTHBXcVZNMzZTNnNIc0Y3enFNLUZkblhQMUE?oc=5\" target=\"_blank\" rel=\"nofollow noopener\">Nocny po\u017car w Warszawie. S\u0142ynne targowisko w ogniu<\/a>&nbsp;&nbsp;TVP Info<\/li>\n<li><a href=\"https:\/\/news.google.com\/rss\/articles\/CBMitgFBVV95cUxQcDMzUFJicEFPMjNQODE2SHp1NW5nSWZOLUNXZU1sOHpOYlBFZjRxdGM5YmlrNkpOcFhFZEhNcmRGRUVKMGdTUldSdmhPSnd4WmpEX1paS0hYc3NnMTRZUVB3MUlYOWlYaDgtcjItUXZyVXhBWDNlcTRBMXhXWk5ZSXF0YnpKX3o2NjFaOEpheEhPTXFpb1JtbjNYUTdyUUJ0THkySUk4cG1FNXRSQmc5dWQ0NE9ZUQ?oc=5\" target=\"_blank\" rel=\"nofollow noopener\">Po\u017car znanego targowiska w Warszawie. Policja informuje o nag\u0142ym zwrocie<\/a>&nbsp;&nbsp;Onet Wiadomo\u015bci<\/li>\n<li><a href=\"https:\/\/news.google.com\/rss\/articles\/CBMikwFBVV95cUxOUEV0cHY3OEtNVW5EdmItNDBycnAzN0IyWWRqMllyTndUZy1zczNMYll3bXQtTHFHZVFYeG9ZOEhUNFc3R1NiRUxFUU5mUWdRd1ZPYWEyU3dxTmplbWNjWUF6SE81elBOLUxZMEhIVDJ1aDgycmludXM3QVRpNlprTU9BTFpjRzRWX3pOeTVnaUNWR0U?oc=5\" target=\"_blank\" rel=\"nofollow noopener\">W nocy spali\u0142y si\u0119 kontenery. Policja zatrzyma\u0142a 36-latka<\/a>&nbsp;&nbsp;TVN24<\/li>\n<li><a href=\"https:\/\/news.google.com\/rss\/articles\/CBMirAFBVV95cUxNQ0J3a2RtdW1BMHBJWlpNdGgxOXRNVmdBUVRmY19BWjdjd3FHb1Y4QTVFNFA1YU91ejFNOThJV3JmWDdYcUJQYUNqRkdPNi1HU2d0S0hrd2hCQ3JWRDZ0SjFQMWpwWGJoYVE1OXlZUk5XZ0g0RGh1d3NfZkZzVExiU3JpWkt3Sjg1dnprVUFRNndTRkdLYk5tTDV5VTlLUWVfN0hGLWxlSWo0dzRa?oc=5\" target=\"_blank\" rel=\"nofollow noopener\">Po\u017car pawilonu handlowego w Warszawie. Nowe informacje<\/a>&nbsp;&nbsp;RMF24<\/li>\n<li><a href=\"https:\/\/news.google.com\/rss\/articles\/CBMiwgFBVV95cUxOQTVTeUQ2WU14aVZIekJMOTZ5c19kYmwwVFA1aEszWVJ5aklLT3F4XzczQUFnNkc1N0NHbVJaOHRTVG4zemUzQV8tNmpZZk5QTk1pRTNxbmdINW94VFl4UjBTNUpodkRQdmxVdXZpT1VIWG5ZYTdHY0ZIY296bjhHN1h0WGRKWE1XeV9SZnFSU053YldPdmtJVlp4VHB6eENubTZQLTY4VFBzYTlMajdPajNYbnR0Y2JCVUVxcENzOXgtQQ?oc=5\" target=\"_blank\" rel=\"nofollow noopener\">Zwrot ws. po\u017caru na Bakalarskiej. Jest komunikat policji. Zatrzymano m\u0119\u017cczyzn\u0119<\/a>&nbsp;&nbsp;Gazeta<\/li>\n<\/ol>\n","protected":false},"excerpt":{"rendered":"Nocny po\u017car w Warszawie. S\u0142ynne targowisko w ogniu&nbsp;&nbsp;TVP Info Po\u017car znanego targowiska w Warszawie. Policja informuje o nag\u0142ym&hellip;\n","protected":false},"author":2,"featured_media":175212,"comment_status":"","ping_status":"","sticky":false,"template":"","format":"standard","meta":{"footnotes":""},"categories":[12],"tags":[32,33,36,37,27,34,35,28,31,25,42,38,40,39,41,29,30,26],"class_list":{"0":"post-175211","1":"post","2":"type-post","3":"status-publish","4":"format-standard","5":"has-post-thumbnail","7":"category-polska","8":"tag-breaking-news","9":"tag-breakingnews","10":"tag-featured-news","11":"tag-featurednews","12":"tag-headlines","13":"tag-latest-news","14":"tag-latestnews","15":"tag-naglowki","16":"tag-najwazniejsze-artykuly","17":"tag-news","18":"tag-pl","19":"tag-poland","20":"tag-polish","21":"tag-polska","22":"tag-polski","23":"tag-top-stories","24":"tag-topstories","25":"tag-wiadomosci"},"share_on_mastodon":{"url":"https:\/\/pubeurope.com\/@pl\/115796839251221366","error":""},"_links":{"self":[{"href":"https:\/\/www.europesays.com\/pl\/wp-json\/wp\/v2\/posts\/175211","targetHints":{"allow":["GET"]}}],"collection":[{"href":"https:\/\/www.europesays.com\/pl\/wp-json\/wp\/v2\/posts"}],"about":[{"href":"https:\/\/www.europesays.com\/pl\/wp-json\/wp\/v2\/types\/post"}],"author":[{"embeddable":true,"href":"https:\/\/www.europesays.com\/pl\/wp-json\/wp\/v2\/users\/2"}],"replies":[{"embeddable":true,"href":"https:\/\/www.europesays.com\/pl\/wp-json\/wp\/v2\/comments?post=175211"}],"version-history":[{"count":0,"href":"https:\/\/www.europesays.com\/pl\/wp-json\/wp\/v2\/posts\/175211\/revisions"}],"wp:featuredmedia":[{"embeddable":true,"href":"https:\/\/www.europesays.com\/pl\/wp-json\/wp\/v2\/media\/175212"}],"wp:attachment":[{"href":"https:\/\/www.europesays.com\/pl\/wp-json\/wp\/v2\/media?parent=175211"}],"wp:term":[{"taxonomy":"category","embeddable":true,"href":"https:\/\/www.europesays.com\/pl\/wp-json\/wp\/v2\/categories?post=175211"},{"taxonomy":"post_tag","embeddable":true,"href":"https:\/\/www.europesays.com\/pl\/wp-json\/wp\/v2\/tags?post=175211"}],"curies":[{"name":"wp","href":"https:\/\/api.w.org\/{rel}","templated":true}]}}