{"id":175411,"date":"2025-12-28T12:55:09","date_gmt":"2025-12-28T12:55:09","guid":{"rendered":"https:\/\/www.europesays.com\/pl\/175411\/"},"modified":"2025-12-28T12:55:09","modified_gmt":"2025-12-28T12:55:09","slug":"z-usa-do-torunia-czyli-slawomir-i-kajra-juz-gotowi-do-sylwestrowej-mocy-przebojow-zdradzili-jaki-jest-ich-nietypowy-rytual-przed-wystepem","status":"publish","type":"post","link":"https:\/\/www.europesays.com\/pl\/175411\/","title":{"rendered":"Z USA do Torunia, czyli S\u0142awomir i Kajra ju\u017c gotowi do Sylwestrowej Mocy Przeboj\u00f3w. Zdradzili, jaki jest ich nietypowy rytua\u0142 przed wyst\u0119pem"},"content":{"rendered":"<p class=\"typography ids-typeset-body ids-typeset-body--preset-large link paragraph ids-paragraph ids-paragraph--default\">W \u015brod\u0119 o 19.45 na antenie Polsatu rozpocznie si\u0119 transmisja Sylwestrowej Mocy Przeboj\u00f3w, kt\u00f3ra w tym roku ponownie odb\u0119dzie si\u0119 w Toruniu. Od kilku tygodni na kanapie &#8222;halo tu polsat&#8221; go\u015bcimy w zwi\u0105zku z tym gwiazdy, kt\u00f3re u\u015bwietni\u0105 imprez\u0119. Dzi\u015b o przygotowaniach do koncertu, cho\u0107 nie tylko o tym, opowiadali S\u0142awomir i Kajra.<\/p>\n<p>W &#8222;halo tu polsat&#8221; S\u0142awomir przekaza\u0142 \u017cyczenia od Polonii<\/p>\n<p class=\"typography ids-typeset-body ids-typeset-body--preset-large link paragraph ids-paragraph ids-paragraph--default\">Tu\u017c przed Wigili\u0105 para wr\u00f3ci\u0142a z zagranicznych woja\u017cy, sk\u0105d przywie\u017ali moc niezwyk\u0142ych wra\u017ce\u0144 i wspomnie\u0144, a tak\u017ce specjalne \u017cyczenia od Polonii: &#8222;Chcia\u0142em zacz\u0105\u0107 od tego, \u017ce przekazujemy serdeczne pozdrowienia od Polonii w Stanach i w Kanadzie&#8221; &#8211; zacz\u0105\u0142 S\u0142awomir. &#8211; &#8222;Dla wszystkich widz\u00f3w Polsatu, dla was kochani. Du\u017co zdrowia, pogody ducha, rado\u015bci, no i tego, \u017ceby dolary szele\u015bci\u0142y, a nie brz\u0119cza\u0142y. Tak prosili, \u017ceby przekaza\u0107. Ale powiedzieli te\u017c, \u017ce b\u0119d\u0105 z nami w sylwestrow\u0105 noc i te\u017c b\u0119d\u0105 ogl\u0105da\u0107. Czyli mamy par\u0119 milion\u00f3w wi\u0119cej ogl\u0105dalno\u015bci od razu&#8221; &#8211; zauwa\u017cy\u0142.<\/p>\n<p class=\"typography ids-typeset-body ids-typeset-body--preset-large link paragraph ids-paragraph ids-paragraph--default\">Wokalista zdradzi\u0142 przy okazji, \u017ce wyst\u0119py dla Polonii ze Stan\u00f3w i Kanady by\u0142y szczeg\u00f3lne &#8211; tamtejsza publiczno\u015b\u0107 jest bowiem &#8222;bardzo wyt\u0119skniona&#8221;, st\u0105d te\u017c mn\u00f3stwo wzrusze\u0144 i wspania\u0142e przyj\u0119cie artyst\u00f3w z Polski.<\/p>\n<p>Kajra w domu Kevina w Nowym Jorku<\/p>\n<p class=\"typography ids-typeset-body ids-typeset-body--preset-large link paragraph ids-paragraph ids-paragraph--default\">A poniewa\u017c Kajra i S\u0142awomir przed \u015bwi\u0119tami go\u015bcili mi\u0119dzy innymi w Nowym Jorku, Krzysiek Ibisz dopytywa\u0142, czy widzieli s\u0142ynny, filmowy dom Kevina.<\/p>\n<p class=\"typography ids-typeset-body ids-typeset-body--preset-large link paragraph ids-paragraph ids-paragraph--default\">&#8222;Oczywi\u015bcie, \u017ce tak. Nie mogli\u015bmy sobie absolutnie tego odm\u00f3wi\u0107&#8221; &#8211; odpar\u0142a Kajra, wyznaj\u0105c, \u017ce na widok s\u0142ynnego budynku poczu\u0142a jednak pewne rozczarowanie. &#8211; &#8222;Tak mi troch\u0119 smutno by\u0142o, bo ja w takim oczekiwaniu, \u017ce to b\u0119dzie wszystko \u015bwi\u0105tecznie przystrojone i b\u0119dzie tak jak w filmie, a okaza\u0142o si\u0119, \u017ce ten dom zosta\u0142 sprzedany i teraz zrobi\u0105 z niego muzeum, wi\u0119c generalnie jest przygotowywany pod to, \u017ceby faktycznie mo\u017cna by\u0142o wej\u015b\u0107 i odwiedzi\u0107 ten dom Kevina&#8221; &#8211; opowiada\u0142a, podkre\u015blaj\u0105c, \u017ce ma nadziej\u0119 na kolejn\u0105 wizyt\u0119 i zwiedzanie domu w kszta\u0142cie, jaki zapami\u0119ta\u0142a z kultowego filmu.<\/p>\n<p class=\"typography ids-typeset-body ids-typeset-body--preset-large link paragraph ids-paragraph ids-paragraph--default\">Krzysiek Ibisz za\u015b nie m\u00f3g\u0142 nie przypomnie\u0107, \u017ce dom Kevina b\u0119dzie mo\u017cna ju\u017c nied\u0142ugo zobaczy\u0107 w Polsacie: &#8222;Kevin sam w Nowym Jorku&#8221;, 1 stycznia w Polsacie, 19.55, tak\u017ce koniecznie ogl\u0105dajcie, zobaczycie wtedy jak wszystko jest pi\u0119knie przyozdobione na te \u015bwi\u0119ta&#8221; &#8211; zareklamowa\u0142.<\/p>\n<p>S\u0142awomir i Kajra przed Sylwestrow\u0105 Moc\u0105 Przeboj\u00f3w<\/p>\n<p class=\"typography ids-typeset-body ids-typeset-body--preset-large link paragraph ids-paragraph ids-paragraph--default\">Za dwa dni w Toruniu wielki koncert Polsatu &#8211; nasi go\u015bcie zapewnili, \u017ce s\u0105 ju\u017c na niego gotowi, a imponuj\u0105ca liczba widz\u00f3w &#8211; 20 tysi\u0119cy na toru\u0144skim rynku plus 4 miliony przed telewizorami &#8211; dodaje im animuszu.<\/p>\n<p class=\"typography ids-typeset-body ids-typeset-body--preset-large link paragraph ids-paragraph ids-paragraph--default\">&#8222;To jest dla nas wielkie \u015bwi\u0119to&#8221; &#8211; m\u00f3wi\u0142 S\u0142awomir. &#8211; &#8222;To jest wyst\u0119p, na kt\u00f3ry si\u0119 czeka ca\u0142y rok i wszyscy arty\u015bci daj\u0105 z siebie jak najwi\u0119cej. Przygotowujemy piosenki, przygotowujemy kreacje. No i mam nadziej\u0119, \u017ce b\u0119d\u0105 pa\u0144stwo razem z nami i b\u0119dziemy si\u0119 \u015bwietnie bawi\u0107&#8221; &#8211; zwr\u00f3ci\u0142 si\u0119 do widz\u00f3w &#8222;halo tu polsat&#8221;.<\/p>\n<p>Jaki by\u0142 2025 dla S\u0142awomira i Kajry?<\/p>\n<p class=\"typography ids-typeset-body ids-typeset-body--preset-large link paragraph ids-paragraph ids-paragraph--default\">Gospodarze pytali te\u017c go\u015bci, jaki by\u0142 dla nich mijaj\u0105cy rok. Kajra stwierdzi\u0142a, \u017ce dla niej by\u0142 to wymagaj\u0105cy okres, kt\u00f3ry sporo j\u0105 nauczy\u0142. Jednocze\u015bnie doda\u0142a, \u017ce ma w sobie wdzi\u0119czno\u015b\u0107 za wszystkie lekcje, jakie wynios\u0142a z tego czasu: &#8222;Musz\u0119 wam powiedzie\u0107, \u017ce \u017cycie jest bardzo zaskakuj\u0105ce i to, jak bardzo du\u017co mo\u017cemy si\u0119 nauczy\u0107. I ja si\u0119 bardzo ciesz\u0119, dlatego \u017ce to s\u0105 lekcje, kt\u00f3re trzeba odrobi\u0107, \u017ceby p\u00f3j\u015b\u0107 do przodu&#8221; &#8211; m\u00f3wi\u0142a piosenkarka, by po chwili przej\u015b\u0107 do tych dobrych wspomnie\u0144: -&#8222;By\u0142o bardzo du\u017co przepi\u0119knych chwil, bardzo du\u017co podr\u00f3\u017cy, wspania\u0142ych moment\u00f3w przede wszystkim z naszym synem. Wi\u0119c nie mo\u017cemy si\u0119 doczeka\u0107 na kolejne wsp\u00f3lne przygody, dlatego \u017ce jego dorastanie jest najwi\u0119ksz\u0105 przygod\u0105 do naszego \u017cycia, absolutnie&#8221; &#8211; m\u00f3wi\u0142a, nie kryj\u0105c rado\u015bci. &#8211; &#8222;No i mamy kolejny projekt. Mamy przygotowane 5 teledysk\u00f3w, kt\u00f3re s\u0105 nagrane. W nowym roku b\u0119dziemy je powoli wypuszcza\u0107. Mam te\u017c nadziej\u0119, \u017ce doczekamy si\u0119 naszego upragnionego miliona subskrypcji, dlatego \u017ce kiedy on wybije, to mamy dla was zupe\u0142nie specjalny te\u017c projekt. Wi\u0119c mega na to czekamy&#8221; &#8211; podsumowa\u0142a.<\/p>\n<p>&#8222;Nie schudn\u0119&#8221;. S\u0142awomir o swych noworocznych postanowieniach<\/p>\n<p class=\"typography ids-typeset-body ids-typeset-body--preset-large link paragraph ids-paragraph ids-paragraph--default\">Zapytany o cele na 2026 rok S\u0142awomir odpar\u0142: &#8222;No to tak &#8211; nie schudn\u0119. W nowym roku to sobie za\u0142o\u017cy\u0142em. Du\u017co muzyki, du\u017co nowych piosenek, du\u017co teledysk\u00f3w i du\u017co koncert\u00f3w&#8221; &#8211; wylicza\u0142.<\/p>\n<p class=\"typography ids-typeset-body ids-typeset-body--preset-large link paragraph ids-paragraph ids-paragraph--default\">Para zdradzi\u0142a te\u017c, \u017ce fakt, i\u017c ich \u017cycie prywatne przeplata si\u0119 z zawodowym, sprawia, \u017ce mog\u0105 ze sob\u0105 sp\u0119dza\u0107 du\u017co czasu, musz\u0105 jednak dba\u0107 o balans, bo czas dla rodziny jest tym najcenniejszym.<\/p>\n<p class=\"typography ids-typeset-body ids-typeset-body--preset-large link paragraph ids-paragraph ids-paragraph--default\">&#8222;Ja sobie w og\u00f3le nie wyobra\u017cam wsp\u00f3\u0142pracy z kim\u015b innym, dlatego \u017ce u\u017cywamy skr\u00f3t\u00f3w my\u015blowych. O wielu rzeczach nie musimy rozmawia\u0107, po prostu jest tak i robimy. I jak mamy takie r\u00f3\u017cne k\u0142opoty, to potrafimy si\u0119 obroni\u0107 nawzajem, wi\u0119c to jest przepi\u0119kne&#8221; &#8211; m\u00f3wili.\u00a0 A S\u0142awomir doda\u0142, \u017ce bez \u017cony czuje si\u0119 nawet troch\u0119 nieswojo: &#8222;Teraz by\u0142 problem w Ameryce, bo mieli\u015bmy osobne garderoby. O Bo\u017ce, jak to by\u0142o trudne. Troch\u0119 mojej \u017cony brakowa\u0142o. Trzeba by\u0142o pogada\u0107, zamieni\u0107 s\u0142owo. Jeste\u015bmy przyzwyczajeni do tego&#8221; &#8211; m\u00f3wi\u0142.<\/p>\n<p>Nietypowy rytua\u0142 S\u0142awomira i Kajry<\/p>\n<p class=\"typography ids-typeset-body ids-typeset-body--preset-large link paragraph ids-paragraph ids-paragraph--default\">Gwiazdor zdradzi\u0142 te\u017c, jaki jest jego i Kajry rytua\u0142, kt\u00f3ry towarzyszy im przed wyst\u0119pami: &#8222;Jest taki jeden, zawsze Kajra m\u00f3wi: 'nie \u017cryj!'&#8221; &#8211; odpar\u0142 S\u0142awomir bez ceregieli, wywo\u0142uj\u0105c tym wyznaniem \u015bmiech u Ewy i Krzy\u015bka, po czym oboje z Kajr\u0105 wyja\u015bnili, \u017ce chodzi o to, by przed wyj\u015bciem na scen\u0119 nie mie\u0107 resztek jedzenia mi\u0119dzy z\u0119bami: &#8222;Taki mamy rytua\u0142&#8221; &#8211; podsumowa\u0142 gwiazdor.<\/p>\n<p>S\u0142awomir sam odpisuje na komentarze: &#8222;Cze\u015b\u0107, tu S\u0142awomir&#8221;<\/p>\n<p class=\"typography ids-typeset-body ids-typeset-body--preset-large link paragraph ids-paragraph ids-paragraph--default\">Na koniec Kajra zdradzi\u0142a, jak jej m\u0105\u017c odpoczywa po najwi\u0119kszych emocjach zwi\u0105zanych z koncertami: &#8222;S\u0142awomir bierze komputer, YouTube, odpisuje na wszystkie komentarze&#8221; &#8211; m\u00f3wi\u0142a, zdradzaj\u0105c przy okazji, \u017ce S\u0142awomir od lat jest wierny zasadzie osobistego kontaktu z fanami:<\/p>\n<p class=\"typography ids-typeset-body ids-typeset-body--preset-large link paragraph ids-paragraph ids-paragraph--default\">&#8222;Tak jest od dziesi\u0119ciu lat i w\u0142a\u015bnie wierz\u0119 w to, \u017ce jak napisz\u0119 'Cze\u015b\u0107, tu S\u0142awomir&#8217;, to b\u0119dziemy mie\u0107 ca\u0142y czas ten kontakt&#8221; &#8211; m\u00f3wi\u0142 piosenkarz, dodaj\u0105c, \u017ce marzy mu si\u0119, aby ju\u017c wkr\u00f3tce zdoby\u0107 milion subskrypcji swego kana\u0142u: &#8222;Wierz\u0119, \u017ce w og\u00f3le w sylwestra dobijemy do tego miliona&#8221; &#8211; podsumowa\u0142.<\/p>\n<p class=\"typography ids-typeset-body ids-typeset-body--preset-large link paragraph ids-paragraph ids-paragraph--default\">Na zako\u0144czenie spotkania Kajra i S\u0142awomir za\u015bpiewali dla widz\u00f3w &#8222;halo tu polsat&#8221; piosenk\u0119 &#8222;Kolorowy film&#8221; z ich nowej p\u0142yty &#8222;Cudowronek&#8221; i zapowiedzieli, \u017ce takie w\u0142a\u015bnie, rockopolowe klimaty b\u0119d\u0105 towarzyszy\u0107 ich wyst\u0119powi podczas Sylwestrowej Mocy Przeboj\u00f3w.<\/p>\n<p>Masz sugestie, uwagi albo widzisz b\u0142\u0105d? Napisz do nas<\/p>\n","protected":false},"excerpt":{"rendered":"W \u015brod\u0119 o 19.45 na antenie Polsatu rozpocznie si\u0119 transmisja Sylwestrowej Mocy Przeboj\u00f3w, kt\u00f3ra w tym roku ponownie&hellip;\n","protected":false},"author":2,"featured_media":175412,"comment_status":"","ping_status":"","sticky":false,"template":"","format":"standard","meta":{"footnotes":""},"categories":[22],"tags":[122,42,38,40,39,41,123],"class_list":{"0":"post-175411","1":"post","2":"type-post","3":"status-publish","4":"format-standard","5":"has-post-thumbnail","7":"category-rozrywka","8":"tag-entertainment","9":"tag-pl","10":"tag-poland","11":"tag-polish","12":"tag-polska","13":"tag-polski","14":"tag-rozrywka"},"share_on_mastodon":{"url":"https:\/\/pubeurope.com\/@pl\/115797303360041558","error":""},"_links":{"self":[{"href":"https:\/\/www.europesays.com\/pl\/wp-json\/wp\/v2\/posts\/175411","targetHints":{"allow":["GET"]}}],"collection":[{"href":"https:\/\/www.europesays.com\/pl\/wp-json\/wp\/v2\/posts"}],"about":[{"href":"https:\/\/www.europesays.com\/pl\/wp-json\/wp\/v2\/types\/post"}],"author":[{"embeddable":true,"href":"https:\/\/www.europesays.com\/pl\/wp-json\/wp\/v2\/users\/2"}],"replies":[{"embeddable":true,"href":"https:\/\/www.europesays.com\/pl\/wp-json\/wp\/v2\/comments?post=175411"}],"version-history":[{"count":0,"href":"https:\/\/www.europesays.com\/pl\/wp-json\/wp\/v2\/posts\/175411\/revisions"}],"wp:featuredmedia":[{"embeddable":true,"href":"https:\/\/www.europesays.com\/pl\/wp-json\/wp\/v2\/media\/175412"}],"wp:attachment":[{"href":"https:\/\/www.europesays.com\/pl\/wp-json\/wp\/v2\/media?parent=175411"}],"wp:term":[{"taxonomy":"category","embeddable":true,"href":"https:\/\/www.europesays.com\/pl\/wp-json\/wp\/v2\/categories?post=175411"},{"taxonomy":"post_tag","embeddable":true,"href":"https:\/\/www.europesays.com\/pl\/wp-json\/wp\/v2\/tags?post=175411"}],"curies":[{"name":"wp","href":"https:\/\/api.w.org\/{rel}","templated":true}]}}