{"id":175421,"date":"2025-12-28T13:00:10","date_gmt":"2025-12-28T13:00:10","guid":{"rendered":"https:\/\/www.europesays.com\/pl\/175421\/"},"modified":"2025-12-28T13:00:10","modified_gmt":"2025-12-28T13:00:10","slug":"as-serwisowy-zakonczyl-nietypowy-mecz-igi-swiatek-tenis","status":"publish","type":"post","link":"https:\/\/www.europesays.com\/pl\/175421\/","title":{"rendered":"As serwisowy zako\u0144czy\u0142 nietypowy mecz Igi \u015awi\u0105tek Tenis"},"content":{"rendered":"<p class=\"art_paragraph\">Iga \u015awi\u0105tek mia\u0142a za sob\u0105 trzy wyst\u0119py w\u00a0turnieju pokazowym World Tennis Continental Cup w chi\u0144skim Shenzen. W drugi dzie\u0144 \u015bwi\u0105t Bo\u017cego Narodzenia wygra\u0142a z Jelen\u0105 Rybakin\u0105\u00a06:3, 6:3. Za to w sobot\u0119 niespodziewanie przegra\u0142a g\u0142adko 2:6, 3:6 z reprezentantk\u0105 gospodarzy\u00a0Xinyu Wang. Chwil\u0119 po tamtym spotkaniu w ramach rozrywki wyst\u0105pi\u0142a\u00a0w nietypowym deblu do 10 wygranych punkt\u00f3w z udzia\u0142em kobiet rywalizuj\u0105cych na co dzie\u0144 w tenisie na w\u00f3zkach. 24-latka zagra\u0142a w duecie z Zhenzhen Zhu. Po drugiej stronie siatki zameldowa\u0142y si\u0119 Xinyu Wang oraz Ziying Wang. \u015awi\u0105tek i Zhu zwyci\u0119\u017cy\u0142y 10-2.<\/p>\n<p>\n    Zobacz wideo Kamil Majchrzak o minionym sezonie. &#8222;Mam nadziej\u0119, \u017ce jeszcze sporo przede mn\u0105&#8221;\n  <\/p>\n<p> Iga \u015awi\u0105tek przegrywa w mik\u015bcie w\u00a0World Tennis Continental Cup<\/p>\n<p class=\"art_paragraph\">W niedzielny poranek polskiego czasu Iga \u015awi\u0105tek w parze z\u00a0Valentinem Vacherotem (zesp\u00f3\u0142 Europa) zmierzyli si\u0119 w mikstowym starciu z Jelen\u0105 Rybakin\u0105 i <a href=\"https:\/\/www.sport.pl\/andriej-rublow#anchorLink\" rel=\"nofollow noopener\" target=\"_blank\">Andriejem Rublowem<\/a> (zesp\u00f3\u0142 \u015awiat). Chocia\u017c by\u0142 to <a href=\"https:\/\/www.sport.pl\/mecz#anchorLink\" rel=\"nofollow noopener\" target=\"_blank\">mecz<\/a> w ramach turnieju pokazowego, to \u017cadna z par nie zamierza\u0142a odpuszcza\u0107.\u00a0<\/p>\n<p class=\"art_paragraph\">Dla los\u00f3w pierwszego seta kluczowy okaza\u0142 si\u0119 pierwszy gem serwisowy Igi \u015awi\u0105tek przy wyniku 1:2. Chocia\u017c <a href=\"https:\/\/www.sport.pl\/siatkowka\/7,64948,30038648,polki-zachwycaja-na-ms-kolejny-kapitalny-mecz-ida-jak-burza.html#anchorLink\" rel=\"nofollow noopener\" target=\"_blank\">Polka<\/a> serwowa\u0142a dobrze, to sporo b\u0142\u0119d\u00f3w pope\u0142nia\u0142 przy siatce jej monakijski partner. Co prawda przy wyniku 4:5 mieli pi\u0142k\u0119 na doprowadzenie do remisu, to nie wykorzystali tej szansy i po 34 minutach Rybakina i <a href=\"https:\/\/www.sport.pl\/andriej-rublow#anchorLink\" rel=\"nofollow noopener\" target=\"_blank\">Rublow<\/a> wygrali tego seta 6:4.\u00a0<\/p>\n<p class=\"art_paragraph\">Zobacz r\u00f3wnie\u017c: <a href=\"https:\/\/www.sport.pl\/tenis\/7,64987,32494686,najpierw-porazka-ze-swiatek-a-teraz-taki-wynik-rybakiny-w-hitowym.html#do_w=107&amp;do_v=819&amp;do_st=RS&amp;do_sid=1055&amp;do_a=1055&amp;s=SMT_Img_1\" class=\"art_link\" rel=\"dofollow noopener\" target=\"_blank\">Najpierw pora\u017cka ze \u015awi\u0105tek, a teraz taki wynik Rybakiny w hitowym starciu<\/a><\/p>\n<p class=\"art_paragraph\">W drugiej partii tak\u017ce by\u0142o wyr\u00f3wnanie, ale znowu nast\u0105pi\u0142a powt\u00f3rka z rozrywki. 3:3, serwis Igi \u015awi\u0105tek i prze\u0142amanie do zera ze strony Rosjanina i Kazaszki. Ci wygrali kolejnego gema i mieli pi\u0142ki meczowe przy serwisie Vacherota, ale wtedy \u015awi\u0105tek dwoma kapitalnymi zagraniami uratowa\u0142a sytuacj\u0119. Dalej by\u0142o jednak 4:5 i serwis Rublowa. \u015awi\u0105tek i Vacherot znowu mieli okazje na wyr\u00f3wnanie, ale g\u00f3r\u0119 wzi\u0119\u0142a si\u0142\u0105 i precyzja Rosjanina, kt\u00f3ry na koniec pos\u0142a\u0142 asa serwisowego. Efekt? Rybakina i Rublow wygrali 6:4, 6:4 ze \u015awi\u0105tek i Vacherotem.\u00a0<\/p>\n<p class=\"art_paragraph\">W rywalizacji Europa &#8211; \u015awiat jest wynik 7:12. Ostatnim meczem turnieju b\u0119dzie starcie Andrieja Rublowa z Flavio Cobollim. Czy do niego dojdzie? Nie wiadomo.\u00a0<\/p>\n<p class=\"art_paragraph\">Po zmaganiach w Chinach Ig\u0119 \u015awi\u0105tek czeka wylot do Australii, gdzie ju\u017c po Nowym Roku rywalizowa\u0107 b\u0119dzie w dru\u017cnowym United Cup, co b\u0119dzie dla niej oficjalnym rozpocz\u0119ciem gry w nowym sezonie.\u00a0<\/p>\n","protected":false},"excerpt":{"rendered":"Iga \u015awi\u0105tek mia\u0142a za sob\u0105 trzy wyst\u0119py w\u00a0turnieju pokazowym World Tennis Continental Cup w chi\u0144skim Shenzen. W drugi&hellip;\n","protected":false},"author":2,"featured_media":175422,"comment_status":"","ping_status":"","sticky":false,"template":"","format":"standard","meta":{"footnotes":""},"categories":[5],"tags":[32,33,36,37,27,34,35,28,31,25,42,38,40,39,41,29,30,26],"class_list":{"0":"post-175421","1":"post","2":"type-post","3":"status-publish","4":"format-standard","5":"has-post-thumbnail","7":"category-naglowki","8":"tag-breaking-news","9":"tag-breakingnews","10":"tag-featured-news","11":"tag-featurednews","12":"tag-headlines","13":"tag-latest-news","14":"tag-latestnews","15":"tag-naglowki","16":"tag-najwazniejsze-artykuly","17":"tag-news","18":"tag-pl","19":"tag-poland","20":"tag-polish","21":"tag-polska","22":"tag-polski","23":"tag-top-stories","24":"tag-topstories","25":"tag-wiadomosci"},"share_on_mastodon":{"url":"https:\/\/pubeurope.com\/@pl\/115797323166086494","error":""},"_links":{"self":[{"href":"https:\/\/www.europesays.com\/pl\/wp-json\/wp\/v2\/posts\/175421","targetHints":{"allow":["GET"]}}],"collection":[{"href":"https:\/\/www.europesays.com\/pl\/wp-json\/wp\/v2\/posts"}],"about":[{"href":"https:\/\/www.europesays.com\/pl\/wp-json\/wp\/v2\/types\/post"}],"author":[{"embeddable":true,"href":"https:\/\/www.europesays.com\/pl\/wp-json\/wp\/v2\/users\/2"}],"replies":[{"embeddable":true,"href":"https:\/\/www.europesays.com\/pl\/wp-json\/wp\/v2\/comments?post=175421"}],"version-history":[{"count":0,"href":"https:\/\/www.europesays.com\/pl\/wp-json\/wp\/v2\/posts\/175421\/revisions"}],"wp:featuredmedia":[{"embeddable":true,"href":"https:\/\/www.europesays.com\/pl\/wp-json\/wp\/v2\/media\/175422"}],"wp:attachment":[{"href":"https:\/\/www.europesays.com\/pl\/wp-json\/wp\/v2\/media?parent=175421"}],"wp:term":[{"taxonomy":"category","embeddable":true,"href":"https:\/\/www.europesays.com\/pl\/wp-json\/wp\/v2\/categories?post=175421"},{"taxonomy":"post_tag","embeddable":true,"href":"https:\/\/www.europesays.com\/pl\/wp-json\/wp\/v2\/tags?post=175421"}],"curies":[{"name":"wp","href":"https:\/\/api.w.org\/{rel}","templated":true}]}}