{"id":175499,"date":"2025-12-29T08:05:08","date_gmt":"2025-12-29T08:05:08","guid":{"rendered":"https:\/\/www.europesays.com\/pl\/175499\/"},"modified":"2025-12-29T08:05:08","modified_gmt":"2025-12-29T08:05:08","slug":"sondaz-polacy-ocenili-szanse-na-powrot-pis-do-wladzy-jasny-sygnal-dla-tuska","status":"publish","type":"post","link":"https:\/\/www.europesays.com\/pl\/175499\/","title":{"rendered":"Sonda\u017c. Polacy ocenili szans\u0119 na powr\u00f3t PiS do w\u0142adzy. Jasny sygna\u0142 dla Tuska"},"content":{"rendered":"<p>W skr\u00f3cie<\/p>\n<ul class=\"typography ids-typeset-body ids-typeset-body--preset-large list ids-list ids-list--unordered ids-list--size-large \" datatype=\"disc\">\n<li class=\"ids-list-item\">\n<p>Ponad po\u0142owa zapytanych Polak\u00f3w wierzy w powr\u00f3t PiS do w\u0142adzy po wyborach w 2027 roku.<\/p>\n<\/li>\n<li class=\"ids-list-item\">\n<p>Ekspert wskazuje, \u017ce niepewno\u015b\u0107 zwi\u0105zana z wojn\u0105 w Ukrainie, wp\u0142yw ruchu MAGA oraz s\u0142abo\u015b\u0107 koalicjant\u00f3w KO mog\u0105 sprzyja\u0107 notowaniom PiS.<\/p>\n<\/li>\n<li class=\"ids-list-item\">\n<p>Wi\u0119kszo\u015b\u0107 ankietowanych Polak\u00f3w nie akceptuje ewentualnej koalicji PiS z parti\u0105 Grzegorza Brauna, ale PiS wci\u0105\u017c plasuje si\u0119 na drugim miejscu w sonda\u017cach wyborczych.<\/p>\n<\/li>\n<li class=\"ids-list-item\"><\/li>\n<\/ul>\n<p class=\"typography ids-typeset-body ids-typeset-body--preset-large link paragraph ids-paragraph ids-paragraph--default\">W sonda\u017cu Instytutu Bada\u0144 Pollster na zlecenie &#8222;Super Expressu&#8221; Polak\u00f3w zapytano, czy <a href=\"https:\/\/wydarzenia.interia.pl\/tematy-prawo-i-sprawiedliwosc,gsbi,39\" rel=\"nofollow noopener\" target=\"_blank\">Prawo i Sprawiedliwo\u015b\u0107<\/a> przejmie w\u0142adz\u0119 po wyborach w 2027 roku.<\/p>\n<p class=\"typography ids-typeset-body ids-typeset-body--preset-large link paragraph ids-paragraph ids-paragraph--default\">Zdania s\u0105 mocno podzielone, a wyniki rozk\u0142adaj\u0105 si\u0119 niemal po r\u00f3wno. Ponad po\u0142owa respodent\u00f3w (53 proc.) oceni\u0142a, \u017ce partia <a href=\"https:\/\/wydarzenia.interia.pl\/tematy-jaroslaw-kaczynski,gsbi,3\" rel=\"nofollow noopener\" target=\"_blank\">Jaros\u0142awa Kaczy\u0144skiego<\/a> stworzy nowy rz\u0105d. Z kolei 47 proc. badanych jest zdania, \u017ce w\u0142adza si\u0119 nie zmieni.<\/p>\n<p class=\"typography ids-typeset-body ids-typeset-body--preset-large link paragraph ids-paragraph ids-paragraph--default\">Sonda\u017c Instytutu Bada\u0144 Pollster przeprowadzono w dniach 6-7 grudnia na pr\u00f3bie 1008 os\u00f3b.<\/p>\n<p>PiS przejmie w\u0142adz\u0119? Ekspert o wojnie w Ukrainie, pozycji KO i ruchu MAGA<\/p>\n<p class=\"typography ids-typeset-body ids-typeset-body--preset-large link paragraph ids-paragraph ids-paragraph--default\">&#8211; Trwaj\u0105ca wojna w <a href=\"https:\/\/wydarzenia.interia.pl\/tematy-ukraina,gsbi,3144\" rel=\"nofollow noopener\" target=\"_blank\">Ukrainie<\/a> b\u0119dzie nasila\u0142a poczucie niepewno\u015bci. Po drugie, rz\u0105dz\u0105cy Ameryk\u0105 ruch MAGA narzuca sw\u00f3j populistyczny punkt widzenia, a Polacy traktuj\u0105 USA jako sojusznika. Po trzecie, pozycja koalicjant\u00f3w KO jest bardzo s\u0142aba &#8211; m\u00f3wi\u0142 dla &#8222;Super Expressu&#8221; profesor Kazimierz Kik, komentuj\u0105c wyniki sonda\u017cu.<\/p>\n<p class=\"typography ids-typeset-body ids-typeset-body--preset-large link paragraph ids-paragraph ids-paragraph--default\">Zdaniem eksperta nie jest natomiast jasne,\u00a0jak zako\u0144cz\u0105 si\u0119 wewn\u0119trzne spory w PiS. Mog\u0105 one bowiem stan\u0105\u0107 na drodze do sukcesu frakcji w wyborach parlamentarnych.<\/p>\n<p class=\"typography ids-typeset-body ids-typeset-body--preset-large link paragraph ids-paragraph ids-paragraph--default\">Badania preferencji politycznych wskazuj\u0105 te\u017c, \u017ce obecnie PiS &#8211; podobnie jak KO &#8211;\u00a0nie by\u0142oby w stanie stworzy\u0107 rz\u0105d\u00f3w samodzielnie. Pozostaje zatem pytanie, z kim Jaros\u0142aw Kaczy\u0144ski zechce zawi\u0105za\u0107 ewentualn\u0105 koalicj\u0119.<\/p>\n<p>Wizja koalicji PiS i partii Grzegorza Brauna. Wi\u0119kszo\u015b\u0107 badanych przeciwna<\/p>\n<p class=\"typography ids-typeset-body ids-typeset-body--preset-large link paragraph ids-paragraph ids-paragraph--default\">Wed\u0142ug opublikowanego w drugiej po\u0142owie grudnia sonda\u017cu Opnia24 dla TVN24 wi\u0119kszo\u015b\u0107 pytanych nie chce, by PiS wesz\u0142o w koalicj\u0119 z Konfederacj\u0105 Korony Polskiej <a href=\"https:\/\/wydarzenia.interia.pl\/tematy-grzegorz-braun,gsbi,1076\" rel=\"nofollow noopener\" target=\"_blank\">Grzegorza Brauna<\/a>. Taki wariant 57 proc. ankietowanych ocenia \u017ale, natomiast co czwarty badany (25 proc.) jest wobec niego przychylny.<\/p>\n<p class=\"typography ids-typeset-body ids-typeset-body--preset-large link paragraph ids-paragraph ids-paragraph--default\">Jak wynika z danych tej samej sonda\u017cowni, gdyby wybory parlamentarne odby\u0142y si\u0119 teraz, Koalicja Obywatelska mog\u0142aby liczy\u0107 na poparcie 32,8 proc. ankietowanych.<\/p>\n<p class=\"typography ids-typeset-body ids-typeset-body--preset-large link paragraph ids-paragraph ids-paragraph--default\">Prawo i Sprawiedliwo\u015b\u0107 zaj\u0119\u0142oby drugie miejsce z wynikiem\u00a025,4 proc. g\u0142os\u00f3w. Na podium stan\u0119\u0142aby tak\u017ce <a href=\"https:\/\/wydarzenia.interia.pl\/tematy-konfederacja,gsbi,44\" rel=\"nofollow noopener\" target=\"_blank\">Konfederacja<\/a>, za kt\u00f3rej wyborem opowiedzia\u0142o si\u0119 10,7 proc. badanych. Parti\u0119 Grzegorza Brauna wskaza\u0142oby 8,6 proc.\u00a0pytanych Polak\u00f3w.<\/p>\n<p>Miller o sporze prezydenta z premierem: Zderzenie dw\u00f3ch definicji w\u0142adzyPolsat NewsPolsat News<\/p>\n<p><a class=\"ids-undecorated-link source ids-page-info--source__link\" href=\"https:\/\/www.interia.pl\" rel=\"nofollow noopener\" target=\"_blank\"><img decoding=\"async\" class=\"ids-image-holder__img\" loading=\"lazy\" alt=\"\" title=\"\" height=\"24px\" src=\"https:\/\/www.europesays.com\/pl\/wp-content\/uploads\/2025\/12\/1766879594_284_0009A60QQ5I2TYF7-C202-F4.webp.webp\"\/><\/a><\/p>\n<p>Masz sugestie, uwagi albo widzisz b\u0142\u0105d? Napisz do nas<\/p>\n","protected":false},"excerpt":{"rendered":"W skr\u00f3cie Ponad po\u0142owa zapytanych Polak\u00f3w wierzy w powr\u00f3t PiS do w\u0142adzy po wyborach w 2027 roku. Ekspert&hellip;\n","protected":false},"author":2,"featured_media":175500,"comment_status":"","ping_status":"","sticky":false,"template":"","format":"standard","meta":{"footnotes":""},"categories":[12],"tags":[32,33,36,37,27,34,35,28,31,25,42,38,40,39,41,29,30,26],"class_list":{"0":"post-175499","1":"post","2":"type-post","3":"status-publish","4":"format-standard","5":"has-post-thumbnail","7":"category-polska","8":"tag-breaking-news","9":"tag-breakingnews","10":"tag-featured-news","11":"tag-featurednews","12":"tag-headlines","13":"tag-latest-news","14":"tag-latestnews","15":"tag-naglowki","16":"tag-najwazniejsze-artykuly","17":"tag-news","18":"tag-pl","19":"tag-poland","20":"tag-polish","21":"tag-polska","22":"tag-polski","23":"tag-top-stories","24":"tag-topstories","25":"tag-wiadomosci"},"share_on_mastodon":{"url":"https:\/\/pubeurope.com\/@pl\/115801825316535614","error":""},"_links":{"self":[{"href":"https:\/\/www.europesays.com\/pl\/wp-json\/wp\/v2\/posts\/175499","targetHints":{"allow":["GET"]}}],"collection":[{"href":"https:\/\/www.europesays.com\/pl\/wp-json\/wp\/v2\/posts"}],"about":[{"href":"https:\/\/www.europesays.com\/pl\/wp-json\/wp\/v2\/types\/post"}],"author":[{"embeddable":true,"href":"https:\/\/www.europesays.com\/pl\/wp-json\/wp\/v2\/users\/2"}],"replies":[{"embeddable":true,"href":"https:\/\/www.europesays.com\/pl\/wp-json\/wp\/v2\/comments?post=175499"}],"version-history":[{"count":0,"href":"https:\/\/www.europesays.com\/pl\/wp-json\/wp\/v2\/posts\/175499\/revisions"}],"wp:featuredmedia":[{"embeddable":true,"href":"https:\/\/www.europesays.com\/pl\/wp-json\/wp\/v2\/media\/175500"}],"wp:attachment":[{"href":"https:\/\/www.europesays.com\/pl\/wp-json\/wp\/v2\/media?parent=175499"}],"wp:term":[{"taxonomy":"category","embeddable":true,"href":"https:\/\/www.europesays.com\/pl\/wp-json\/wp\/v2\/categories?post=175499"},{"taxonomy":"post_tag","embeddable":true,"href":"https:\/\/www.europesays.com\/pl\/wp-json\/wp\/v2\/tags?post=175499"}],"curies":[{"name":"wp","href":"https:\/\/api.w.org\/{rel}","templated":true}]}}