{"id":175517,"date":"2025-12-29T08:14:04","date_gmt":"2025-12-29T08:14:04","guid":{"rendered":"https:\/\/www.europesays.com\/pl\/175517\/"},"modified":"2025-12-29T08:14:04","modified_gmt":"2025-12-29T08:14:04","slug":"partner-aryny-sabalenki-jest-multimilionerem-tak-dorobil-sie-wielkiej-fortuny","status":"publish","type":"post","link":"https:\/\/www.europesays.com\/pl\/175517\/","title":{"rendered":"Partner Aryny Sabalenki jest multimilionerem. Tak dorobi\u0142 si\u0119 wielkiej fortuny"},"content":{"rendered":"<p><img decoding=\"async\" src=\"https:\/\/www.europesays.com\/pl\/wp-content\/uploads\/2025\/12\/material-archiwalny.jpg\" alt=\"Materia\u0142 archiwalny\" width=\"800\" height=\"100\" loading=\"lazy\" class=\"\" \/>Materia\u0142 archiwalny (Foto: Onet)<\/p>\n<p class=\"Paragraph_desktopParagraph__Fd2e9\">Aryna Sabalenka od prawie dw\u00f3ch lat jest szcz\u0119\u015bliwie zakochana. Tenisistka pozna\u0142a starszego o dziesi\u0119\u0107 lat przedsi\u0119biorc\u0119 przy okazji podpisywania kontraktu z mark\u0105, kt\u00f3rej Georgios Frangulis jest w\u0142a\u015bcicielem. &#8222;Posz\u0142am spotka\u0107 si\u0119 z zespo\u0142em, a on tam by\u0142. Porozmawiali\u015bmy troch\u0119, a potem poszli\u015bmy na kolacj\u0119 i tak wszystko si\u0119 zacz\u0119\u0142o&#8221; \u2014 m\u00f3wi\u0142a w wywiadzie dla &#8222;Cosmopolitan&#8221;.<\/p>\n<p class=\"VideoPlayerText_videoPlayerText__zrtJk\">Dalszy ci\u0105g materia\u0142u pod wideo<\/p>\n<p class=\"Paragraph_desktopParagraph__Fd2e9\">We wspomnianej rozmowie tenisistka opowiada\u0142a o wsparciu ze strony ukochanego. &#8222;Bardzo wa\u017cne jest dla mnie, aby m\u00f3j partner by\u0142 przy mnie. To naprawd\u0119 fajne, \u017ce jego praca ma r\u00f3wnie\u017c charakter globalny. Zdaj\u0119 sobie spraw\u0119, \u017ce nie ka\u017cdy ma tyle szcz\u0119\u015bcia, co ja, \u017ceby mie\u0107 partnera, kt\u00f3ry mo\u017ce podr\u00f3\u017cowa\u0107 ze mn\u0105 [&#8230;], jednocze\u015bnie pracuj\u0105c. Fajnie jest widzie\u0107 go na trybunach, kiedy gram. Motywuje mnie do dalszej pracy [&#8230;]&#8221; \u2014 podkre\u015bla\u0142a.<\/p>\n<p>Partner Aryny Sabalenki studiowa\u0142 prawo. &#8222;Wiedzia\u0142em, \u017ce prawnikiem nie zostan\u0119&#8221;<\/p>\n<p class=\"Paragraph_desktopParagraph__Fd2e9\">Georgios Frangulis przed laty studiowa\u0142 w Brazylii prawo, cho\u0107 nigdy nie chcia\u0142 by\u0107 prawnikiem. \u2014 Wiedzia\u0142em, \u017ce nim nie zostan\u0119. Pomy\u015bla\u0142em po prostu, \u017ce prawo to co\u015b, co mo\u017ce mi pom\u00f3c w ka\u017cdej wybranej przeze mnie dziedzinie \u2014 wyzna\u0142 w podca\u015bcie The Gstaad Guy.<\/p>\n<p class=\"Paragraph_desktopParagraph__Fd2e9\">Po studiach przeprowadzi\u0142 si\u0119 do Miami i pocz\u0105tkowo pr\u00f3bowa\u0142 si\u0119 zaj\u0105\u0107 nieruchomo\u015bciami, ale jak przyzna\u0142, &#8222;nie wysz\u0142o tak, jak chcia\u0142&#8221;. \u2014 Pomy\u015bla\u0142em: &#8222;Ok, musz\u0119 si\u0119 zastanowi\u0107, co b\u0119d\u0119 robi\u0107 w \u017cyciu i jaki b\u0119dzie nast\u0119pny krok&#8221;. Pojecha\u0142em do Kalifornii, bo uzna\u0142em, \u017ce Kalifornia to kolebka wszelkich trend\u00f3w, kt\u00f3re staj\u0105 si\u0119 czym\u015b globalnym [&#8230;]. Chcia\u0142em zobaczy\u0107, jak tam wygl\u0105da sytuacja. To by\u0142o gdzie\u015b w 2015 r. czy na pocz\u0105tku 2016 r. I zorientowa\u0142em si\u0119, \u017ce w Kalifornii ludzie zaczynaj\u0105 szale\u0107 na punkcie acai. To co\u015b, co pochodzi z las\u00f3w Amazonii, a wi\u0119c z Brazylii i w ka\u017cdym du\u017cym mie\u015bcie w Brazylii jest bardzo popularne od 30 lat. W Kalifornii pr\u00f3bowali to sprzedawa\u0107 po 30 dol., du\u017ce kolejki, brak standard\u00f3w, to wcale nie by\u0142o dobre [&#8230;] \u2014 opowiada\u0142.<\/p>\n<p>Zachorowa\u0142 na nowotw\u00f3r. Dzi\u0119ki pieni\u0105dzom z ubezpieczenia otworzy\u0142 biznes<\/p>\n<p class=\"Paragraph_desktopParagraph__Fd2e9\">I tak wpad\u0142 na pomys\u0142, \u017ceby stworzy\u0107 w\u0142asny biznes z jagodami acai w roli g\u0142\u00f3wnej. Frangulis chcia\u0142 spr\u00f3bowa\u0107 wystartowa\u0107 z firm\u0105 w Kalifornii, ale jak stwierdzi\u0142, nikt nie chcia\u0142 wynaj\u0105\u0107 mu dobrego lokalu w Santa Monica ani w okolicy z racji braku do\u015bwiadczenia. Wtedy uzna\u0142, \u017ce otworzy biznes w Brazylii i do wsp\u00f3\u0142pracy zaprosi\u0142 znajomego Renato Haidara.<\/p>\n<p class=\"Paragraph_desktopParagraph__Fd2e9\">Praca nad rozpocz\u0119ciem nowego biznesu zbieg\u0142a si\u0119 w czasie z problemami zdrowotnymi Georgiosa Frangulisa. O chorobie po raz pierwszy opowiedzia\u0142 ju\u017c w 2023 r. w wywiadzie dla brazylijskiego &#8222;Forbesa&#8221;, gdzie pojawi\u0142 si\u0119 na ok\u0142adce.<\/p>\n<p class=\"Paragraph_desktopParagraph__Fd2e9\">Latem 2016 r. lekarze wykryli u niego nowotw\u00f3r tarczycy. \u2014 Musia\u0142em i\u015b\u0107 na operacj\u0119, usun\u0119li mi tarczyc\u0119 \u2014 wyzna\u0142 w podca\u015bcie The Gstaad Guy. Frangulis oznajmi\u0142, \u017ce brakowa\u0142o mu wtedy pieni\u0119dzy, by dopi\u0105\u0107 sprawy biznesowe i wystartowa\u0107 z firm\u0105, dlatego postanowi\u0142 poszuka\u0107 sposob\u00f3w na zgromadzenie got\u00f3wki. Wpad\u0142 na pomys\u0142, \u017ce anuluje ubezpieczenie na \u017cycie. Kiedy zadzwoni\u0142 do jednego z bank\u00f3w, w trakcie rozmowy z konsultantk\u0105 dowiedzia\u0142 si\u0119, \u017ce jego polisa obejmuje powa\u017cne choroby, takie jak nowotwory, i wyp\u0142acono mu 75 proc. sk\u0142adki. \u2014 Wystarczy\u0142o, by marka Oakberry zacz\u0119\u0142a funkcjonowa\u0107 \u2014 oznajmi\u0142. Od tego czasu Frangulis i jego wsp\u00f3lnik otworzyli ju\u017c ponad 900 punkt\u00f3w w ok. 45 krajach.<\/p>\n<p><img decoding=\"async\" src=\"https:\/\/www.europesays.com\/pl\/wp-content\/uploads\/2025\/12\/georgios-frangulis.jpg\" alt=\"Georgios Frangulis\" width=\"944\" height=\"1327\" loading=\"lazy\" class=\"\" \/>Georgios Frangulis (Foto: James D. Morgan \/ Getty Images)Georgios Frangulis sponsorem zespo\u0142u Formu\u0142y 1<\/p>\n<p class=\"Paragraph_desktopParagraph__Fd2e9\">Nie jest tajemnic\u0105, \u017ce Georgios Frangulis jest wielkim fanem Formu\u0142y 1, a jego marka jest jednym z partner\u00f3w zespo\u0142u Alpine. Biznesmen cieszy si\u0119, \u017ce ma mo\u017cliwo\u015b\u0107 sponsorowania teamu F1, a logo jego marki jest widoczne w transmisjach na ca\u0142ym \u015bwiecie.<\/p>\n<p class=\"Paragraph_desktopParagraph__Fd2e9\">Ukochany Aryny Sabalenki sam bierze udzia\u0142 w r\u00f3\u017cnych wy\u015bcigach samochodowych. &#8222;Wsiadanie do samochodu i \u015bciganie si\u0119 to jeden z niewielu moment\u00f3w, kiedy nic innego si\u0119 nie liczy&#8221; \u2014 m\u00f3wi\u0142 w 2023 r. na \u0142amach &#8222;Forbesa&#8221;.<\/p>\n<p class=\"Paragraph_desktopParagraph__Fd2e9\">W 2025 r. Frangulis rozpocz\u0105\u0142 wsp\u00f3\u0142prac\u0119 biznesow\u0105 z Novakiem Djokoviciem. Panowie zostali wsp\u00f3\u0142w\u0142a\u015bcicielami francuskiego klubu pi\u0142karskiego Le Mans FC (udzia\u0142owcami w nim s\u0105 te\u017c byli kierowcy Formu\u0142y 1 \u2014 Felipe Massa i Kevin Magnussen).<\/p>\n<p class=\"Paragraph_desktopParagraph__Fd2e9\">W podca\u015bcie The Gstaad Guy grecko-brazylijski biznesmen opowiedzia\u0142 te\u017c o swoich korzeniach. \u2014 Urodzi\u0142em si\u0119 i wychowa\u0142em w Sao Paulo w Brazylii. Moja rodzina ze strony taty pochodzi z Grecji i z Austrii, a ze strony mamy z W\u0142och i Francji. Ale c\u00f3\u017c, je\u015bli tw\u00f3j dziadek, ojciec twojego taty by\u0142 Grekiem, to nie ma mowy, \u017ceby\u015b by\u0142 kim\u015b innym. [&#8230;] Zosta\u0142em wychowany w bardzo grecki spos\u00f3b i jestem z tego niezwykle dumny. To wp\u0142yn\u0119\u0142o na moj\u0105 osobowo\u015b\u0107 i na spos\u00f3b, w jaki postrzegam rzeczy. My\u015bl\u0119, \u017ce przedsi\u0119biorczo\u015b\u0107, kt\u00f3ra p\u0142ynie w moich \u017cy\u0142ach, pochodzi od mojego dziadka, kt\u00f3ry dotar\u0142 do Brazylii z 30 dol. w kieszeni, uciekaj\u0105c przed II wojn\u0105 \u015bwiatow\u0105. [&#8230;] Nie zna\u0142 j\u0119zyka, ale odni\u00f3s\u0142 sukces. Zadba\u0142 o to, aby zapewni\u0107 rodzinie wszystko, czego potrzebowa\u0142a \u2014 m\u00f3wi\u0142.<\/p>\n","protected":false},"excerpt":{"rendered":"Materia\u0142 archiwalny (Foto: Onet) Aryna Sabalenka od prawie dw\u00f3ch lat jest szcz\u0119\u015bliwie zakochana. Tenisistka pozna\u0142a starszego o dziesi\u0119\u0107&hellip;\n","protected":false},"author":2,"featured_media":175518,"comment_status":"","ping_status":"","sticky":false,"template":"","format":"standard","meta":{"footnotes":""},"categories":[24],"tags":[1352,23921,67,129,42,38,40,39,41,136,128,47,127,126,655,156,130],"class_list":{"0":"post-175517","1":"post","2":"type-post","3":"status-publish","4":"format-standard","5":"has-post-thumbnail","7":"category-sport","8":"tag-aryna_sabalenka","9":"tag-georgios_frangulis","10":"tag-intextvideo_splayer","11":"tag-ofsajd","12":"tag-pl","13":"tag-poland","14":"tag-polish","15":"tag-polska","16":"tag-polski","17":"tag-ps_detal_new","18":"tag-psv2","19":"tag-screening_general","20":"tag-sport","21":"tag-sports","22":"tag-styl_zycia_lifestyle_","23":"tag-tenis","24":"tag-wiadomosci_sportowe"},"share_on_mastodon":{"url":"https:\/\/pubeurope.com\/@pl\/115801860814270237","error":""},"_links":{"self":[{"href":"https:\/\/www.europesays.com\/pl\/wp-json\/wp\/v2\/posts\/175517","targetHints":{"allow":["GET"]}}],"collection":[{"href":"https:\/\/www.europesays.com\/pl\/wp-json\/wp\/v2\/posts"}],"about":[{"href":"https:\/\/www.europesays.com\/pl\/wp-json\/wp\/v2\/types\/post"}],"author":[{"embeddable":true,"href":"https:\/\/www.europesays.com\/pl\/wp-json\/wp\/v2\/users\/2"}],"replies":[{"embeddable":true,"href":"https:\/\/www.europesays.com\/pl\/wp-json\/wp\/v2\/comments?post=175517"}],"version-history":[{"count":0,"href":"https:\/\/www.europesays.com\/pl\/wp-json\/wp\/v2\/posts\/175517\/revisions"}],"wp:featuredmedia":[{"embeddable":true,"href":"https:\/\/www.europesays.com\/pl\/wp-json\/wp\/v2\/media\/175518"}],"wp:attachment":[{"href":"https:\/\/www.europesays.com\/pl\/wp-json\/wp\/v2\/media?parent=175517"}],"wp:term":[{"taxonomy":"category","embeddable":true,"href":"https:\/\/www.europesays.com\/pl\/wp-json\/wp\/v2\/categories?post=175517"},{"taxonomy":"post_tag","embeddable":true,"href":"https:\/\/www.europesays.com\/pl\/wp-json\/wp\/v2\/tags?post=175517"}],"curies":[{"name":"wp","href":"https:\/\/api.w.org\/{rel}","templated":true}]}}