{"id":175519,"date":"2025-12-29T08:15:04","date_gmt":"2025-12-29T08:15:04","guid":{"rendered":"https:\/\/www.europesays.com\/pl\/175519\/"},"modified":"2025-12-29T08:15:04","modified_gmt":"2025-12-29T08:15:04","slug":"nie-zyje-ireneusz-pastuszak-ogromna-bardzo-bolesna-strata","status":"publish","type":"post","link":"https:\/\/www.europesays.com\/pl\/175519\/","title":{"rendered":"Nie \u017cyje Ireneusz Pastuszak. &#8222;Ogromna, bardzo bolesna strata&#8221;"},"content":{"rendered":"<p>Zmar\u0142 aktor Ireneusz Pastuszak. Informacj\u0119 o jego \u015bmierci za po\u015brednictwem medi\u00f3w spo\u0142eczno\u015bciowych przekaza\u0142 w niedziel\u0119, 28 grudnia, prezydent Tarnowa Jakub Kwa\u015bny. Smutn\u0105 wiadomo\u015b\u0107 potwierdzi\u0142a c\u00f3rka aktora, Paulina, napisa\u0142 o tym r\u00f3wnie\u017c tarnowski teatr.<\/p>\n<p>Pastuszak zmar\u0142 w sobot\u0119 wieczorem. Mia\u0142 65 lat.<\/p>\n<p>&#8222;Nie \u017cyje Ireneusz Pastuszak, geniusz tarnowskiej sceny teatralnej. Hipnotyzowa\u0142 ka\u017cd\u0105 rol\u0105. By\u0142 prawdziw\u0105 per\u0142\u0105 tarnowskiego teatru, bez kt\u00f3rego trudno sobie wyobrazi\u0107 tarnowski \u015bwiat kulturalny. By\u0142 r\u00f3wnie\u017c wyj\u0105tkowym cz\u0142owiekiem, kt\u00f3ry nosi\u0142 w sobie wyj\u0105tkow\u0105 mi\u0142o\u015b\u0107 do sztuki i kultury. Ogromna, bardzo bolesna strata&#8221; &#8211; napisa\u0142 na Facebooku Jakub Kwa\u015bny, prezydent Tarnowa.<\/p>\n<p>    &#13;<br \/>\n        &#13;<\/p>\n<p>Ireneusz Pastuszak urodzi\u0142 si\u0119 27 stycznia 1960 roku. W 1985 roku uko\u0144czy\u0142 Wydzia\u0142 Aktorski PWST w Krakowie. Wyst\u0119powa\u0142 w teatrach: im. Siemaszkowej w Rzeszowie (1980-86, 2008-10),  im. S\u0142owackiego w Krakowie (1986-92). W latach 1992-94 oraz od 2011  wyst\u0119powa\u0142 w Teatrze im. Solskiego w Tarnowie.<\/p>\n<p>Mia\u0142 na swoim koncie kilkadziesi\u0105t r\u00f3l teatralnych. Do tych najwa\u017cniejszych i najbardziej cenionych nale\u017ca\u0142y m.in. kreacja Artura w &#8222;Tangu&#8221; S\u0142awomira Mro\u017cka, Gerwazego w &#8222;Panu Tadeuszu&#8221; czy Valentina w spektaklu &#8222;Poca\u0142unek kobiety-paj\u0105ka&#8221;.<\/p>\n<p>Mo\u017cna by\u0142o ogl\u0105da\u0107 go r\u00f3wnie\u017c w filmach i serialach. Wyst\u0105pi\u0142 m.in. w takich produkcjach, jak\u00a0<a href=\"https:\/\/film.interia.pl\/film-johnny,fId,20666\" rel=\"nofollow noopener\" target=\"_blank\">&#8222;Johnny&#8221;<\/a>,\u00a0<a href=\"https:\/\/film.interia.pl\/film-slon,fId,21006\" rel=\"nofollow noopener\" target=\"_blank\">&#8222;S\u0142o\u0144&#8221;<\/a>, &#8222;\u017bycie w b\u0142ocie si\u0119 z\u0142oci&#8221;, &#8222;Serce serduszko&#8221;, &#8222;M\u0142ody Pi\u0142sudski&#8221;, <a href=\"https:\/\/swiatseriali.interia.pl\/newsy\/seriale\/korona-krlw-1248\" rel=\"nofollow noopener\" target=\"_blank\">&#8222;Korona kr\u00f3l\u00f3w&#8221;<\/a>, &#8222;Szpilki na  Giewoncie&#8221;, &#8222;Stara ba\u015b\u0144&#8221; czy &#8222;Dzielnica strachu&#8221;.<\/p>\n<p>&#13;<br \/>\n    &#13;<br \/>\n            Wideo&#13;<\/p>\n<p>        &#13;<br \/>\n&#13;<br \/>\n    &#13;<br \/>\n        &#13;<br \/>\n                &#13;<\/p>\n<p>&#13;<br \/>\n                                        &#8222;Odyseja&#8221; [trailer]&#13;<br \/>\n                                        materia\u0142y prasowe&#13;\n                    <\/p>\n<p>&#13;<\/p>\n<p>                    &#13;<br \/>\n        &#13;<\/p>\n<p>                        <a href=\"https:\/\/www.interia.pl?module=source\" target=\"_blank\" rel=\"nofollow noopener\"><\/p>\n<p>                                    <img decoding=\"async\" src=\"https:\/\/www.europesays.com\/pl\/wp-content\/uploads\/2025\/10\/1761676688_499_0009A60QQ5I2TYF7-C301.jpg\" alt=\"INTERIA.PL\"\/><br \/>\n                                            <\/a><\/p>\n<p>        &#13;<br \/>\n&#13;<br \/>\n    &#13;<br \/>\n    &#13;<br \/>\n    &#13;<br \/>\n            &#13;<br \/>\n        &#13;<\/p>\n","protected":false},"excerpt":{"rendered":"Zmar\u0142 aktor Ireneusz Pastuszak. Informacj\u0119 o jego \u015bmierci za po\u015brednictwem medi\u00f3w spo\u0142eczno\u015bciowych przekaza\u0142 w niedziel\u0119, 28 grudnia, prezydent&hellip;\n","protected":false},"author":2,"featured_media":175520,"comment_status":"","ping_status":"","sticky":false,"template":"","format":"standard","meta":{"footnotes":""},"categories":[22],"tags":[122,42,38,40,39,41,123],"class_list":{"0":"post-175519","1":"post","2":"type-post","3":"status-publish","4":"format-standard","5":"has-post-thumbnail","7":"category-rozrywka","8":"tag-entertainment","9":"tag-pl","10":"tag-poland","11":"tag-polish","12":"tag-polska","13":"tag-polski","14":"tag-rozrywka"},"share_on_mastodon":{"url":"https:\/\/pubeurope.com\/@pl\/115801864605896518","error":""},"_links":{"self":[{"href":"https:\/\/www.europesays.com\/pl\/wp-json\/wp\/v2\/posts\/175519","targetHints":{"allow":["GET"]}}],"collection":[{"href":"https:\/\/www.europesays.com\/pl\/wp-json\/wp\/v2\/posts"}],"about":[{"href":"https:\/\/www.europesays.com\/pl\/wp-json\/wp\/v2\/types\/post"}],"author":[{"embeddable":true,"href":"https:\/\/www.europesays.com\/pl\/wp-json\/wp\/v2\/users\/2"}],"replies":[{"embeddable":true,"href":"https:\/\/www.europesays.com\/pl\/wp-json\/wp\/v2\/comments?post=175519"}],"version-history":[{"count":0,"href":"https:\/\/www.europesays.com\/pl\/wp-json\/wp\/v2\/posts\/175519\/revisions"}],"wp:featuredmedia":[{"embeddable":true,"href":"https:\/\/www.europesays.com\/pl\/wp-json\/wp\/v2\/media\/175520"}],"wp:attachment":[{"href":"https:\/\/www.europesays.com\/pl\/wp-json\/wp\/v2\/media?parent=175519"}],"wp:term":[{"taxonomy":"category","embeddable":true,"href":"https:\/\/www.europesays.com\/pl\/wp-json\/wp\/v2\/categories?post=175519"},{"taxonomy":"post_tag","embeddable":true,"href":"https:\/\/www.europesays.com\/pl\/wp-json\/wp\/v2\/tags?post=175519"}],"curies":[{"name":"wp","href":"https:\/\/api.w.org\/{rel}","templated":true}]}}