{"id":175525,"date":"2025-12-29T08:18:10","date_gmt":"2025-12-29T08:18:10","guid":{"rendered":"https:\/\/www.europesays.com\/pl\/175525\/"},"modified":"2025-12-29T08:18:10","modified_gmt":"2025-12-29T08:18:10","slug":"katastrofa-kolejowa-w-meksyku-wielu-zabitych-i-rannych","status":"publish","type":"post","link":"https:\/\/www.europesays.com\/pl\/175525\/","title":{"rendered":"Katastrofa kolejowa w Meksyku. Wielu zabitych i rannych"},"content":{"rendered":"<p>Co najmniej 13 os\u00f3b zgin\u0119\u0142o, a prawie 100 zosta\u0142o rannych w wyniku wykolejenia poci\u0105gu w po\u0142udniowo-zachodnim Meksyku. Do tragedii dosz\u0142o na trasie \u0142\u0105cz\u0105cej Zatok\u0119 Meksyka\u0144sk\u0105 z Oceanem Spokojnym.<\/p>\n<p>                         &#13;<br \/>\n        &#13;<\/p>\n<p>                                        &#13;<br \/>\n                        &#13;<br \/>\n                            <img decoding=\"async\" src=\"https:\/\/www.europesays.com\/pl\/wp-content\/uploads\/2025\/12\/000M4KXV7LFCHFO4-C123-F4.jpg\" title=\"Wielu zabitych i rannych. Katastrofa kolejowa w Meksyku\" alt=\"Katastrofa kolejowa w Meksyku; zdj\u0119cie z miejsca zdarzenia \/RUSVEL RASGADO\/AFP \/East News\" class=\"img-responsive\"\/>&#13;<\/p>\n<p>                            &#13;<\/p>\n<p>      &#13;<br \/>\n                            Katastrofa kolejowa w Meksyku; zdj\u0119cie z miejsca zdarzenia&#13;<br \/>\n                                    \/RUSVEL RASGADO\/AFP \/East News  &#13;\n                                    <\/p>\n<p>&#13;<\/p>\n<p>BBC pisze, \u017ce\u00a0poci\u0105giem jecha\u0142o 241 pasa\u017cer\u00f3w oraz dziewi\u0119ciu cz\u0142onk\u00f3w za\u0142ogi. Do wykolejenia dosz\u0142o, gdy sk\u0142ad pokonywa\u0142 zakr\u0119t w pobli\u017cu miejscowo\u015bci Nizanda.<\/p>\n<p>W wyniku wypadku 98 os\u00f3b zosta\u0142o rannych, z czego 36 trafi\u0142o do szpitala &#8211; poinformowa\u0142a meksyka\u0144ska marynarka wojenna, kt\u00f3ra\u00a0obs\u0142uguje sie\u0107 kolejow\u0105 kraju. Prezydent Meksyku Claudia Scheinbaum przekaza\u0142a, \u017ce\u00a0pi\u0119\u0107 os\u00f3b jest w stanie ci\u0119\u017ckim.<\/p>\n<p>Na miejscu katastrofy natychmiast pojawi\u0142y si\u0119 s\u0142u\u017cby ratunkowe, kt\u00f3re ewakuowa\u0142y pasa\u017cer\u00f3w z wykolejonych wagon\u00f3w, cz\u0119\u015bciowo zwisaj\u0105cych z urwiska.<\/p>\n<p>    &#13;<br \/>\n        &#13;<\/p>\n<p>                                        &#13;<br \/>\n                        &#13;<br \/>\n                            <img decoding=\"async\" src=\"https:\/\/www.europesays.com\/pl\/wp-content\/uploads\/2025\/12\/000M4KXWTMMBPKPX-C123-F4.jpg\" title=\"Wielu zabitych i rannych. Katastrofa kolejowa w Meksyku\" alt=\"Poci\u0105giem podr\u00f3\u017cowa\u0142o 250 os\u00f3b, w tym 241 pasa\u017cer\u00f3w \/RUSVEL RASGADO\/AFP \/East News\" class=\"img-responsive\"\/>&#13;<\/p>\n<p>                            &#13;<\/p>\n<p>      &#13;<br \/>\n                            Poci\u0105giem podr\u00f3\u017cowa\u0142o 250 os\u00f3b, w tym 241 pasa\u017cer\u00f3w&#13;<br \/>\n                                    \/RUSVEL RASGADO\/AFP \/East News  &#13;\n                                    <\/p>\n<p>&#13;<\/p>\n<p>Prezydent Meksyku poinformowa\u0142a, \u017ce na miejsce udali si\u0119 najwy\u017csi rang\u0105 urz\u0119dnicy. Gubernator stanu Oaxaca, Salom\u00f3n Jara Cruz, wyrazi\u0142 g\u0142\u0119boki \u017cal z powodu tragedii i zapewni\u0142 o wsp\u00f3\u0142pracy w\u0142adz stanowych z federalnymi w celu udzielenia pomocy poszkodowanym.<\/p>\n<p>Prokuratura Generalna Meksyku wszcz\u0119\u0142a \u015bledztwo w sprawie katastrofy. Na razie nie podano oficjalnych informacji dotycz\u0105cych mo\u017cliwych przyczyn wykolejenia poci\u0105gu.<\/p>\n<p>Wykolejony poci\u0105g to tzw. Interoceanic Train, kursuj\u0105cy mi\u0119dzy portem Salina Cruz na Pacyfiku a Coatzacoalcos nad Zatok\u0105 Meksyka\u0144sk\u0105. Linia kolejowa zosta\u0142a uruchomiona dwa lata temu jako cz\u0119\u015b\u0107 rz\u0105dowego programu modernizacji infrastruktury i rozwoju gospodarczego regionu.<\/p>\n<p>Projekt mia\u0142 na celu przekszta\u0142cenie przesmyku Tehuantepec w strategiczny korytarz handlowy, \u0142\u0105cz\u0105cy oba wybrze\u017ca Meksyku. G\u0142\u00f3wnym za\u0142o\u017ceniem by\u0142o zintensyfikowanie ruchu pasa\u017cerskiego i towarowego; w zamy\u015ble projektatnt\u00f3w Interoceanic Train ma stanowi\u0107 konkurencj\u0119 dla Kana\u0142u Panamskiego.<\/p>\n","protected":false},"excerpt":{"rendered":"Co najmniej 13 os\u00f3b zgin\u0119\u0142o, a prawie 100 zosta\u0142o rannych w wyniku wykolejenia poci\u0105gu w po\u0142udniowo-zachodnim Meksyku. Do&hellip;\n","protected":false},"author":2,"featured_media":175526,"comment_status":"","ping_status":"","sticky":false,"template":"","format":"standard","meta":{"footnotes":""},"categories":[14],"tags":[32,33,27,34,35,28,31,25,40,41,80,29,30,26,82,83,84],"class_list":{"0":"post-175525","1":"post","2":"type-post","3":"status-publish","4":"format-standard","5":"has-post-thumbnail","7":"category-swiat","8":"tag-breaking-news","9":"tag-breakingnews","10":"tag-headlines","11":"tag-latest-news","12":"tag-latestnews","13":"tag-naglowki","14":"tag-najwazniejsze-artykuly","15":"tag-news","16":"tag-polish","17":"tag-polski","18":"tag-swiat","19":"tag-top-stories","20":"tag-topstories","21":"tag-wiadomosci","22":"tag-world","23":"tag-world-news","24":"tag-worldnews"},"share_on_mastodon":{"url":"https:\/\/pubeurope.com\/@pl\/115801876428040212","error":""},"_links":{"self":[{"href":"https:\/\/www.europesays.com\/pl\/wp-json\/wp\/v2\/posts\/175525","targetHints":{"allow":["GET"]}}],"collection":[{"href":"https:\/\/www.europesays.com\/pl\/wp-json\/wp\/v2\/posts"}],"about":[{"href":"https:\/\/www.europesays.com\/pl\/wp-json\/wp\/v2\/types\/post"}],"author":[{"embeddable":true,"href":"https:\/\/www.europesays.com\/pl\/wp-json\/wp\/v2\/users\/2"}],"replies":[{"embeddable":true,"href":"https:\/\/www.europesays.com\/pl\/wp-json\/wp\/v2\/comments?post=175525"}],"version-history":[{"count":0,"href":"https:\/\/www.europesays.com\/pl\/wp-json\/wp\/v2\/posts\/175525\/revisions"}],"wp:featuredmedia":[{"embeddable":true,"href":"https:\/\/www.europesays.com\/pl\/wp-json\/wp\/v2\/media\/175526"}],"wp:attachment":[{"href":"https:\/\/www.europesays.com\/pl\/wp-json\/wp\/v2\/media?parent=175525"}],"wp:term":[{"taxonomy":"category","embeddable":true,"href":"https:\/\/www.europesays.com\/pl\/wp-json\/wp\/v2\/categories?post=175525"},{"taxonomy":"post_tag","embeddable":true,"href":"https:\/\/www.europesays.com\/pl\/wp-json\/wp\/v2\/tags?post=175525"}],"curies":[{"name":"wp","href":"https:\/\/api.w.org\/{rel}","templated":true}]}}