{"id":175531,"date":"2025-12-29T08:21:13","date_gmt":"2025-12-29T08:21:13","guid":{"rendered":"https:\/\/www.europesays.com\/pl\/175531\/"},"modified":"2025-12-29T08:21:13","modified_gmt":"2025-12-29T08:21:13","slug":"yamal-rozbawil-publicznosc-w-tym-ronaldo-ta-odpowiedzia","status":"publish","type":"post","link":"https:\/\/www.europesays.com\/pl\/175531\/","title":{"rendered":"Yamal rozbawi\u0142 publiczno\u015b\u0107. W tym Ronaldo. T\u0105 odpowiedzi\u0105"},"content":{"rendered":"\n<p class=\"contentpart contentpart--default contentpart--text\" data-position=\"0\">18-letni <a href=\"https:\/\/sportowefakty.wp.pl\/pilka-nozna\/lamine-yamal\" rel=\"nofollow noopener\" target=\"_blank\">Lamine Yamal<\/a>, wschodz\u0105ca gwiazda <a href=\"https:\/\/sportowefakty.wp.pl\/pilka-nozna\/fc-barcelona\" rel=\"nofollow noopener\" target=\"_blank\">FC Barcelony<\/a>, otrzyma\u0142 w niedziel\u0119, 28 grudnia, nagrod\u0119 dla &#8222;najlepszego napastnika&#8221;, a tak\u017ce im. Diego Maradony (dla &#8222;najwi\u0119kszego talentu&#8221;) podczas gali Globe Soccer Awards w Dubaju (<a href=\"https:\/\/sportowefakty.wp.pl\/pilka-nozna\/1226824\/znamy-wyniki-globe-soccer-awards-wybrano-najlepszego-pilkarza-roku\" rel=\"nofollow noopener\" target=\"blank\">WI\u0118CEJ TUTAJ<\/a>).<\/p>\n<p class=\"contentpart contentpart--default contentpart--text\" data-position=\"1\">Po odebraniu wyr\u00f3\u017cnienia, zawodnik &#8222;Dumy Katalonii&#8221; zosta\u0142 zapytany przez dziennikark\u0119: &#8222;Kim jeste\u015b, co powinni\u015bmy o tobie wiedzie\u0107?&#8221;.<\/p>\n<p> <img role=\"presentation\" src=\"https:\/\/std.wpcdn.pl\/images\/adv\/placeholder_wp.svg\" loading=\"lazy\" alt=\"\" decoding=\"async\"\/>  <\/p>\n<p class=\"contentpart contentpart--default contentpart--text\" data-position=\"2\">ZOBACZ WIDEO: Fabia\u0144ski zaskoczy\u0142 histori\u0105 z przesz\u0142o\u015bci. &#8222;Podbieg\u0142em i go kopn\u0105\u0142em&#8221;<\/p>\n<p class=\"contentpart contentpart--default contentpart--text\" data-position=\"4\">Yamal, z u\u015bmiechem na twarzy, bez wahania odpar\u0142: &#8222;W moim domu rz\u0105dzi moja mama, to tyle&#8221;.<\/p>\n<p class=\"contentpart contentpart--default contentpart--text\" data-position=\"5\">Szczera i ujmuj\u0105ca odpowied\u017a wywo\u0142a\u0142a pozytywn\u0105 reakcj\u0119, a nawet u\u015bmiech na twarzy siedz\u0105cego na widowni <a href=\"https:\/\/sportowefakty.wp.pl\/pilka-nozna\/cristiano-ronaldo\" rel=\"nofollow noopener\" target=\"_blank\">Cristiano Ronaldo<\/a>\u00a0(patrz wideo poni\u017cej). S\u0142ynny Portugalczyk zosta\u0142 wybrany &#8222;Najlepszym pi\u0142karzem na Bliskim Wschodzie&#8221;.<\/p>\n<p class=\"contentpart contentpart--default contentpart--text\" data-position=\"6\">Wcze\u015bniej, w innym fragmencie rozmowy, Yamal odni\u00f3s\u0142 si\u0119 do pytania o por\u00f3wnywanie si\u0119 z wielkimi pi\u0142karzami.<\/p>\n<p> <img role=\"presentation\" src=\"https:\/\/std.wpcdn.pl\/images\/adv\/placeholder_wp.svg\" loading=\"lazy\" alt=\"\" decoding=\"async\"\/>  <\/p>\n<p class=\"contentpart contentpart--default contentpart--text\" data-position=\"7\">&#8211; Uwa\u017cam, \u017ce lepiej jest nie por\u00f3wnywa\u0107 si\u0119 z nikim. Tacy pi\u0142karze jak Cristiano (wskazuj\u0105c na obecnego na sali Ronaldo &#8211; przyp. red.) stali si\u0119 tym, kim s\u0105, bo chcieli by\u0107 sob\u0105, a nie by\u0107 jak ktokolwiek inny. Ja chc\u0119 by\u0107 sob\u0105 i ucieka\u0107 od takich por\u00f3wna\u0144 &#8211; podkre\u015bli\u0142.<\/p>\n","protected":false},"excerpt":{"rendered":"18-letni Lamine Yamal, wschodz\u0105ca gwiazda FC Barcelony, otrzyma\u0142 w niedziel\u0119, 28 grudnia, nagrod\u0119 dla &#8222;najlepszego napastnika&#8221;, a tak\u017ce&hellip;\n","protected":false},"author":2,"featured_media":175532,"comment_status":"","ping_status":"","sticky":false,"template":"","format":"standard","meta":{"footnotes":""},"categories":[24],"tags":[12695,1625,272,267,3943,269,42,38,40,39,41,127,268,126,13647],"class_list":{"0":"post-175531","1":"post","2":"type-post","3":"status-publish","4":"format-standard","5":"has-post-thumbnail","7":"category-sport","8":"tag-cristiano-ronaldo","9":"tag-dubaj","10":"tag-fc-barcelona","11":"tag-hiszpania","12":"tag-lamine-yamal","13":"tag-pilka-nozna","14":"tag-pl","15":"tag-poland","16":"tag-polish","17":"tag-polska","18":"tag-polski","19":"tag-sport","20":"tag-sportowybar","21":"tag-sports","22":"tag-zjednoczone-emiraty-arabskie"},"share_on_mastodon":{"url":"https:\/\/pubeurope.com\/@pl\/115801888094465822","error":""},"_links":{"self":[{"href":"https:\/\/www.europesays.com\/pl\/wp-json\/wp\/v2\/posts\/175531","targetHints":{"allow":["GET"]}}],"collection":[{"href":"https:\/\/www.europesays.com\/pl\/wp-json\/wp\/v2\/posts"}],"about":[{"href":"https:\/\/www.europesays.com\/pl\/wp-json\/wp\/v2\/types\/post"}],"author":[{"embeddable":true,"href":"https:\/\/www.europesays.com\/pl\/wp-json\/wp\/v2\/users\/2"}],"replies":[{"embeddable":true,"href":"https:\/\/www.europesays.com\/pl\/wp-json\/wp\/v2\/comments?post=175531"}],"version-history":[{"count":0,"href":"https:\/\/www.europesays.com\/pl\/wp-json\/wp\/v2\/posts\/175531\/revisions"}],"wp:featuredmedia":[{"embeddable":true,"href":"https:\/\/www.europesays.com\/pl\/wp-json\/wp\/v2\/media\/175532"}],"wp:attachment":[{"href":"https:\/\/www.europesays.com\/pl\/wp-json\/wp\/v2\/media?parent=175531"}],"wp:term":[{"taxonomy":"category","embeddable":true,"href":"https:\/\/www.europesays.com\/pl\/wp-json\/wp\/v2\/categories?post=175531"},{"taxonomy":"post_tag","embeddable":true,"href":"https:\/\/www.europesays.com\/pl\/wp-json\/wp\/v2\/tags?post=175531"}],"curies":[{"name":"wp","href":"https:\/\/api.w.org\/{rel}","templated":true}]}}