{"id":175538,"date":"2025-12-29T08:25:11","date_gmt":"2025-12-29T08:25:11","guid":{"rendered":"https:\/\/www.europesays.com\/pl\/175538\/"},"modified":"2025-12-29T08:25:11","modified_gmt":"2025-12-29T08:25:11","slug":"wojna-na-ukrainie-koalicja-chetnych-spotka-sie-po-rozmowie-trump-zelenski","status":"publish","type":"post","link":"https:\/\/www.europesays.com\/pl\/175538\/","title":{"rendered":"Wojna na Ukrainie. Koalicja ch\u0119tnych spotka si\u0119 po rozmowie Trump &#8211; Ze\u0142enski"},"content":{"rendered":"<p>Emmanuel Macron napisa\u0142 w mediach spo\u0142eczno\u015bciowych, \u017ce uczestniczy\u0142 w telekonferencji europejskich przyw\u00f3dc\u00f3w z Donaldem Trumpem i Wo\u0142odymyrem Ze\u0142enskim, a nast\u0119pnie rozmawia\u0142 bezpo\u015brednio z ukrai\u0144skim prezydentem.<\/p>\n<p>\u00a0<\/p>\n<p>Polska by\u0142a w telekonferencji reprezentowana przez prezydenta Karola Nawrockiego. Wzi\u0119li w niej tak\u017ce udzia\u0142 prezydent Finlandii Alexander Stubb, premier Norwegii Jonas Gahr Stoere, premier W\u0142och Giorgia Meloni, premier Wielkiej Brytanii Keir Starmer, kanclerz Niemiec Friedrich Merz, sekretarz generalny NATO Mark Rutte oraz przewodnicz\u0105ca Komisji Europejskiej Ursula von der Leyen.<\/p>\n<p>Spotkanie koalicji ch\u0119tnych. Macron zdradzi\u0142 szczeg\u00f3\u0142y<\/p>\n<p>&#8222;Kraje wchodz\u0105ce w sk\u0142ad koalicji ch\u0119tnych spotkaj\u0105 si\u0119 na pocz\u0105tku stycznia w Pary\u017cu aby sfinalizowa\u0107 konkretny wk\u0142ad ka\u017cdego z nich&#8221; na rzecz gwarancji bezpiecze\u0144stwa dla Ukrainy &#8211; napisa\u0142 w poniedzia\u0142ek na X Macron.<\/p>\n<p>\u00a0<\/p>\n<p>ZOBACZ: <a href=\"https:\/\/www.polsatnews.pl\/wiadomosc\/2025-12-28\/caly-swiat-docenia-trumpa-komentarze-po-negocjacjach-na-florydzie\/\" rel=\"nofollow noopener\" target=\"_blank\">&#8222;Ca\u0142y \u015bwiat docenia Trumpa&#8221;. Komentarze po negocjacjach na Florydzie<\/a><\/p>\n<p>\u00a0<\/p>\n<p>Jak zaznaczy\u0142 francuski prezydent &#8222;gwarancje bezpiecze\u0144stwa maj\u0105 kluczowe znaczenie dla osi\u0105gni\u0119cia sprawiedliwego i trwa\u0142ego pokoju&#8221;. Zapewni\u0142 te\u017c, \u017ce w sprawie tych gwarancji zosta\u0142y poczynione post\u0119py.<\/p>\n<p>Spotkanie Trump-Ze\u0142enski. Przyw\u00f3dcy ocenili rozmow\u0119<\/p>\n<p>Prezydent USA po spotkaniu z Ze\u0142enskim oceni\u0142, \u017ce strony s\u0105 bardzo blisko porozumienia pokojowego. Wed\u0142ug Trumpa uzgodniono ok. 95 proc. kwestii, a najbardziej sporne pozostaj\u0105 sprawy terytorialne. Wed\u0142ug niego Ukraina powinna odda\u0107 nieokupowane terytoria, zanim przejmie je Rosja.<\/p>\n<p>\u00a0<\/p>\n<p>ZOBACZ: <a href=\"https:\/\/www.polsatnews.pl\/wiadomosc\/2025-12-28\/koniec-spotkania-zelenski-trump-osiagnelismy-ogromny-postep\/\" rel=\"nofollow noopener\" target=\"_blank\">Koniec spotkania Ze\u0142enski-Trump. &#8222;Osi\u0105gn\u0119li\u015bmy ogromny post\u0119p&#8221;<\/a><\/p>\n<p>\u00a0<\/p>\n<p>Wed\u0142ug relacji prezydenta Ukrainy, w 100 proc. uzgodniono gwarancje bezpiecze\u0144stwa dla Ukrainy w wymiarze militarnym, natomiast 20-punktowy plan pokojowy jest gotowy w 90 proc. &#8211; Zgadzamy si\u0119, \u017ce gwarancje bezpiecze\u0144stwa s\u0105 kluczowym kamieniem milowym w osi\u0105gni\u0119ciu trwa\u0142ego pokoju &#8211; powiedzia\u0142 Ze\u0142enski.<\/p>\n<p>\u00a0<\/p>\n<p>Widzia\u0142e\u015b co\u015b wa\u017cnego? Przy\u015blij zdj\u0119cie, film lub napisz, co si\u0119 sta\u0142o. Skorzystaj z naszej <a href=\"https:\/\/www.polsatnews.pl\/platforma-widzow\/\" target=\"_blank\" rel=\"noopener noreferrer nofollow\">Wrzutni<\/a><\/p>\n<p>                <img decoding=\"async\" src=\"https:\/\/www.europesays.com\/pl\/wp-content\/uploads\/2025\/12\/rkmy4hyuwc4wpn38vcok1bt9jrroymdg.jpg\" alt=\"\" itemprop=\"contentUrl\" style=\"position:absolute; width: 100%; max-height: 100%;\"\/><video controls=\"\" controlslist=\"nodownload\" poster=\"https:\/\/www.europesays.com\/pl\/wp-content\/uploads\/2025\/12\/rkmy4hyuwc4wpn38vcok1bt9jrroymdg.jpg\" class=\"videoPlayer player6856112 news__video\" data-id=\"6856112\">Twoja przegl\u0105darka nie wspiera odtwarzacza wideo&#8230;<\/video><\/p>\n<p>                <a class=\"news__read-more-button\" href=\"https:\/\/www.polsatnews.pl\/\" rel=\"nofollow noopener\" target=\"_blank\">Czytaj wi\u0119cej<\/a><\/p>\n","protected":false},"excerpt":{"rendered":"Emmanuel Macron napisa\u0142 w mediach spo\u0142eczno\u015bciowych, \u017ce uczestniczy\u0142 w telekonferencji europejskich przyw\u00f3dc\u00f3w z Donaldem Trumpem i Wo\u0142odymyrem Ze\u0142enskim,&hellip;\n","protected":false},"author":2,"featured_media":175539,"comment_status":"","ping_status":"","sticky":false,"template":"","format":"standard","meta":{"footnotes":""},"categories":[14],"tags":[32,33,27,34,35,28,31,25,40,41,80,29,30,26,82,83,84],"class_list":{"0":"post-175538","1":"post","2":"type-post","3":"status-publish","4":"format-standard","5":"has-post-thumbnail","7":"category-swiat","8":"tag-breaking-news","9":"tag-breakingnews","10":"tag-headlines","11":"tag-latest-news","12":"tag-latestnews","13":"tag-naglowki","14":"tag-najwazniejsze-artykuly","15":"tag-news","16":"tag-polish","17":"tag-polski","18":"tag-swiat","19":"tag-top-stories","20":"tag-topstories","21":"tag-wiadomosci","22":"tag-world","23":"tag-world-news","24":"tag-worldnews"},"share_on_mastodon":{"url":"https:\/\/pubeurope.com\/@pl\/115801903851989276","error":""},"_links":{"self":[{"href":"https:\/\/www.europesays.com\/pl\/wp-json\/wp\/v2\/posts\/175538","targetHints":{"allow":["GET"]}}],"collection":[{"href":"https:\/\/www.europesays.com\/pl\/wp-json\/wp\/v2\/posts"}],"about":[{"href":"https:\/\/www.europesays.com\/pl\/wp-json\/wp\/v2\/types\/post"}],"author":[{"embeddable":true,"href":"https:\/\/www.europesays.com\/pl\/wp-json\/wp\/v2\/users\/2"}],"replies":[{"embeddable":true,"href":"https:\/\/www.europesays.com\/pl\/wp-json\/wp\/v2\/comments?post=175538"}],"version-history":[{"count":0,"href":"https:\/\/www.europesays.com\/pl\/wp-json\/wp\/v2\/posts\/175538\/revisions"}],"wp:featuredmedia":[{"embeddable":true,"href":"https:\/\/www.europesays.com\/pl\/wp-json\/wp\/v2\/media\/175539"}],"wp:attachment":[{"href":"https:\/\/www.europesays.com\/pl\/wp-json\/wp\/v2\/media?parent=175538"}],"wp:term":[{"taxonomy":"category","embeddable":true,"href":"https:\/\/www.europesays.com\/pl\/wp-json\/wp\/v2\/categories?post=175538"},{"taxonomy":"post_tag","embeddable":true,"href":"https:\/\/www.europesays.com\/pl\/wp-json\/wp\/v2\/tags?post=175538"}],"curies":[{"name":"wp","href":"https:\/\/api.w.org\/{rel}","templated":true}]}}