{"id":175542,"date":"2025-12-29T08:27:07","date_gmt":"2025-12-29T08:27:07","guid":{"rendered":"https:\/\/www.europesays.com\/pl\/175542\/"},"modified":"2025-12-29T08:27:07","modified_gmt":"2025-12-29T08:27:07","slug":"25-mln-pacjentow-z-niezauwazana-cukrzyca-eksperci-wskazali-nowy-typ-choroby","status":"publish","type":"post","link":"https:\/\/www.europesays.com\/pl\/175542\/","title":{"rendered":"25 mln pacjent\u00f3w z niezauwa\u017can\u0105 cukrzyc\u0105. Eksperci wskazali nowy typ choroby"},"content":{"rendered":"<p>SPIS TRE\u015aCI<\/p>\n<ol class=\"ods-a-table-of-content__items\">\n<li class=\"ods-a-table-of-content__item\"><a href=\"#toc-cukrzyca-typu-5-zapomniana-choroba-ktora-dotyka-miliony\" class=\"ods-a-table-of-content__link\">Cukrzyca typu 5 \u2014 zapomniana choroba, kt\u00f3ra dotyka miliony<\/a><\/li>\n<li class=\"ods-a-table-of-content__item\"><a href=\"#toc-czym-rozni-sie-cukrzyca-typu-5-od-innych-typow\" class=\"ods-a-table-of-content__link\">Czym r\u00f3\u017cni si\u0119 cukrzyca typu 5 od innych typ\u00f3w?<\/a><\/li>\n<li class=\"ods-a-table-of-content__item\"><a href=\"#toc-niedobory-zywieniowe-a-rozwoj-choroby\" class=\"ods-a-table-of-content__link\">Niedobory \u017cywieniowe a rozw\u00f3j choroby<\/a><\/li>\n<li class=\"ods-a-table-of-content__item\"><a href=\"#toc-nowe-wyzwania-diagnostyczne-i-terapeutyczne\" class=\"ods-a-table-of-content__link\">Nowe wyzwania diagnostyczne i terapeutyczne<\/a><\/li>\n<li class=\"ods-a-table-of-content__item\"><a href=\"#toc-problem-globalny-nie-tylko-afrykanski-czy-azjatycki\" class=\"ods-a-table-of-content__link\">Problem globalny, nie tylko afryka\u0144ski czy azjatycki<\/a><\/li>\n<\/ol>\n<p>Cukrzyca typu 5 \u2014 zapomniana choroba, kt\u00f3ra dotyka miliony<\/p>\n<p class=\"ods-c-paragraph \">Redaktorzy portalu sciencealert.com zaznaczaj\u0105, \u017ce cukrzyca typu 5 to schorzenie, o kt\u00f3rym m\u00f3wi si\u0119 rzadko, cho\u0107 szacuje si\u0119, \u017ce mo\u017ce dotyczy\u0107 nawet 25 mln os\u00f3b na \u015bwiecie. Szczeg\u00f3lnie nara\u017ceni s\u0105 mieszka\u0144cy kraj\u00f3w o niskich i \u015brednich dochodach, gdzie dost\u0119p do opieki zdrowotnej jest utrudniony.<\/p>\n<p class=\"ods-c-paragraph \">Po raz pierwszy opisana w 1955 r. na Jamajce, przez wiele lat pozostawa\u0142a w cieniu innych typ\u00f3w cukrzycy. Nawet kiedy w latach 80. XX wieku WHO uzna\u0142a j\u0105 oficjalnie, jej diagnozowanie budzi\u0142o kontrowersje. Po niemal siedmiu dekadach debat naukowych, w 1999 r. WHO wycofa\u0142a j\u0105 z klasyfikacji z powodu braku wystarczaj\u0105cych dowod\u00f3w naukowych. Do dzi\u015b nie ma jednoznacznych kryteri\u00f3w rozpoznawania i leczenia tej choroby.<\/p>\n<p class=\"ods-c-paragraph \">Czytaj te\u017c: <a href=\"https:\/\/www.medonet.pl\/strefa-seniora\/zdrowie-seniora,co-czwarty-polski-senior-choruje--geriatra--jest-nawet-pojecie-cukrzycy-mozgu,artykul,60766495.html\" id=\"1ec0ab71-bf7b-448d-8e72-d4b4af80793a\" rel=\"nofollow noopener\" target=\"_blank\">Co czwarty polski senior ma cukrzyc\u0119. Geriatra: powsta\u0142o nawet poj\u0119cie &#8222;cukrzycy m\u00f3zgu&#8221;<\/a>.<\/p>\n<p>Czym r\u00f3\u017cni si\u0119 cukrzyca typu 5 od innych typ\u00f3w?<\/p>\n<p class=\"ods-c-paragraph \">W przeciwie\u0144stwie do <a href=\"https:\/\/www.medonet.pl\/magazyny\/wszystko-o-cukrzycy,cukrzyca---rodzaje--przyczyny--objawy--leczenie,artykul,1580080.html\" id=\"d6535d45-5d1a-419d-9c5e-de611e4b9f44\" rel=\"nofollow noopener\" target=\"_blank\">cukrzycy<\/a> typu 1, 2, 3 czy cukrzycy ci\u0105\u017cowej, typ 5 nie jest zwi\u0105zany z <a href=\"https:\/\/www.medonet.pl\/choroby-od-a-do-z\/inne-choroby,otylosc,artykul,1577362.html\" id=\"52defc94-c586-425f-9d9a-c5fcd52d6f6f\" rel=\"nofollow noopener\" target=\"_blank\">oty\u0142o\u015bci\u0105<\/a>, stylem \u017cycia, ci\u0105\u017c\u0105 ani zaburzeniami odporno\u015bci. Jej przyczyny najprawdopodobniej le\u017c\u0105 w niedo\u017cywieniu.<\/p>\n<p class=\"ods-c-paragraph \">Znana wcze\u015bniej jako cukrzyca zwi\u0105zana z <a href=\"https:\/\/www.medonet.pl\/magazyny\/odzywianie-w-chorobie,niedozywienie---dlaczego-jest-tak-grozne-dla-organizmu-,artykul,1724880.html\" id=\"3b87ea0d-393c-4a6c-94d9-6c35406cec3b\" rel=\"nofollow noopener\" target=\"_blank\">niedo\u017cywieniem<\/a> (MRDM), cz\u0119sto bywa mylona z innymi typami tej choroby. Co wa\u017cne, insulinooporno\u015b\u0107 nie jest tu g\u0142\u00f3wnym czynnikiem, dlatego standardowe terapie mog\u0105 by\u0107 nieskuteczne, a nawet niebezpieczne.<\/p>\n<p>Dalszy ci\u0105g artyku\u0142u pod materia\u0142em wideo<\/p>\n<p> Jakie s\u0105 przyczyny cukrzycy typu 5? <\/p>\n<p> Kt\u00f3re regiony \u015bwiata najbardziej cierpi\u0105 na cukrzyc\u0119 typu 5? <\/p>\n<p> Kiedy po raz pierwszy opisano cukrzyc\u0119 typu 5? <\/p>\n<p> Co mo\u017ce powodowa\u0107 nieodpowiednie leczenie cukrzycy typu 5? <\/p>\n<p class=\"ods-c-paragraph \">\u2014 Kluczowe jest w\u0142a\u015bciwe rozpoznanie typu cukrzycy u pacjenta, by m\u00f3c wdro\u017cy\u0107 odpowiednie leczenie \u2014 podkre\u015bla Craig Beall, badacz cukrzycy z Uniwersytetu w Exeter.<\/p>\n<p>Niedobory \u017cywieniowe a rozw\u00f3j choroby<\/p>\n<p class=\"ods-c-paragraph \">Od lat o uznanie cukrzycy typu 5 apeluje dr Meredith Hawkins, endokrynolo\u017cka z Global Diabetes Institute przy Albert Einstein College of Medicine. Choroba najcz\u0119\u015bciej dotyka osoby z powa\u017cnym niedo\u017cywieniem w Azji i Afryce.<\/p>\n<p class=\"ods-c-paragraph \">\u2014 Cukrzyca zwi\u0105zana z niedo\u017cywieniem wyst\u0119puje cz\u0119\u015bciej ni\u017c gru\u017alica i niemal tak cz\u0119sto jak HIV\/AIDS, ale brak oficjalnej nazwy utrudnia\u0142 diagnozowanie i leczenie \u2014 m\u00f3wi\u0142a Hawkins, cytowana przez sciencealert.com.<\/p>\n<p class=\"ods-c-paragraph \">Trzustka produkuje insulin\u0119, kt\u00f3ra umo\u017cliwia kom\u00f3rkom pobieranie glukozy z krwi. Badania wykaza\u0142y, \u017ce przewlek\u0142e niedobory sk\u0142adnik\u00f3w od\u017cywczych mog\u0105 trwale zaburza\u0107 funkcjonowanie <a href=\"https:\/\/www.medonet.pl\/zdrowie\/zdrowie-dla-kazdego,trzustka---objawy-i-leczenie-zapalenia-trzustki,artykul,1672587.html\" id=\"8137ae90-1475-4280-a313-9366ead7690e\" rel=\"nofollow noopener\" target=\"_blank\">trzustki<\/a>, prowadz\u0105c do problem\u00f3w z wydzielaniem <a href=\"https:\/\/www.medonet.pl\/magazyny\/wszystko-o-cukrzycy,insulina---badanie--normy--jak-podawac-insuline-,artykul,1570178.html\" id=\"013ffbd2-9ba3-4f18-b362-08a85933461c\" rel=\"nofollow noopener\" target=\"_blank\">insuliny<\/a> i regulacj\u0105 <a href=\"https:\/\/www.medonet.pl\/badania,poziom-cukru-we-krwi---normy--tabela--objawy-hiper--i-hipoglikemii,artykul,1585409.html\" id=\"5c5406da-8a00-4c58-acb8-74e0d488ff3c\" rel=\"nofollow noopener\" target=\"_blank\">poziomu cukru<\/a>.<\/p>\n<p class=\"ods-c-paragraph \">Zesp\u00f3\u0142 Hawkins jako pierwszy opisa\u0142 specyficzny profil metaboliczny tej postaci cukrzycy. Badania w po\u0142udniowych Indiach wykaza\u0142y, \u017ce osoby z MRDM maj\u0105 niedob\u00f3r insuliny podobny do cukrzycy typu 1 (cho\u0107 w mniejszym stopniu), ale zachowuj\u0105 wra\u017cliwo\u015b\u0107 na insulin\u0119, w przeciwie\u0144stwie do pacjent\u00f3w z<a href=\"https:\/\/www.medonet.pl\/narodowy-test-zdrowia-polakow\/cukrzyca,cukrzyca-typu-2---przyczyny--objawy--leczenie--powiklania-i-profilaktyka,artykul,1732293.html\" id=\"b3061665-9c7d-4b60-9fc6-6fc8c569007e\" rel=\"nofollow noopener\" target=\"_blank\"> cukrzyc\u0105 typu 2<\/a>.<\/p>\n<p class=\"ods-c-paragraph \">\u2014 Cukrzyca typu 5 wyr\u00f3\u017cnia si\u0119 unikalnym mechanizmem powstawania, zwi\u0105zanym z zaburzonym rozwojem trzustki na skutek d\u0142ugotrwa\u0142ego niedo\u017cywienia \u2014 komentuje Rahul Garg, lekarz z F.H. Medical College and Hospital w Indiach.<\/p>\n<p><a href=\"https:\/\/csr.onet.pl\/1746213\/trk\/adclick\/das,1824309,0?CS=tracking\" title=\"MedonetPRO OnetPremium\" data-astro-prefetch=\"tap\" rel=\"nofollow noopener\" target=\"_blank\"> <img decoding=\"async\" src=\"https:\/\/cdn.medonet.pl\/1\/9xOk9lBaHR0cHM6Ly9vY2RuLmV1L3B1bHNjbXMvTURBXy9hMGY5NWNmMDcwYzA5MjFiZDc2NTFlYzU4MDEzNGIzNy5wbmeSlQMAAM0DSMzIlQLNB1gAwsPeAAKhMAehMQQ\" height=\"200\" width=\"840\" alt=\"MedonetPRO OnetPremium\" loading=\"lazy\" class=\"ods-c-image__img ods-c-image__img--viewport-width\"\/> <\/a><\/p>\n<p>MedonetPRO OnetPremiumMedonet<\/p>\n<p> Nowe wyzwania diagnostyczne i terapeutyczne<\/p>\n<p class=\"ods-c-paragraph \">Uznanie cukrzycy typu 5 przez IDF to prze\u0142om, ale nie brakuje g\u0142os\u00f3w krytycznych. Niekt\u00f3rzy badacze twierdz\u0105, \u017ce decyzja ta by\u0142a sp\u00f3\u017aniona, inni \u2014 \u017ce nieuzasadniona ze wzgl\u0119du na trudno\u015bci diagnostyczne i r\u00f3\u017cnorodno\u015b\u0107 przypadk\u00f3w.<\/p>\n<p class=\"ods-c-paragraph \">Brak oficjalnej klasyfikacji utrudnia\u0142 finansowanie bada\u0144 i opracowanie standard\u00f3w post\u0119powania. Teraz IDF powo\u0142a\u0142a specjaln\u0105 grup\u0119 robocz\u0105, kt\u00f3rej przewodniczy dr Hawkins. Jej zadaniem jest opracowanie kryteri\u00f3w diagnostycznych i wytycznych terapeutycznych, stworzenie globalnego rejestru bada\u0144 oraz program\u00f3w szkoleniowych dla personelu medycznego.<\/p>\n<p class=\"ods-c-paragraph \">Cukrzyca typu 5 wymaga szczeg\u00f3lnej ostro\u017cno\u015bci przy podawaniu insuliny. U tych pacjent\u00f3w nawet niewielka dawka insuliny lub lek\u00f3w stymuluj\u0105cych jej wydzielanie mo\u017ce wystarczy\u0107, by zapobiec gwa\u0142townym zmianom poziomu cukru.<\/p>\n<p class=\"ods-c-paragraph \">\u2014 Nieodpowiednie leczenie insulin\u0105 mo\u017ce prowadzi\u0107 do <a href=\"https:\/\/www.medonet.pl\/choroby-od-a-do-z\/najczestsze-objawy-chorobowe,hipoglikemia---objawy--jakie-sa-objawy--gdy-spada-cukier-,artykul,58932310.html\" id=\"5eebea86-0a59-4ff0-8c10-fe0b42e22117\" rel=\"nofollow noopener\" target=\"_blank\">hipoglikemii<\/a>, kt\u00f3ra jest szczeg\u00f3lnie niebezpieczna w regionach dotkni\u0119tych niedo\u017cywieniem i ograniczonym dost\u0119pem do monitorowania glukozy \u2014 podkre\u015bla Hawkins.<\/p>\n<p class=\"ods-c-paragraph \">Polecamy te\u017c: <a href=\"https:\/\/www.medonet.pl\/choroby-od-a-do-z\/choroby-metaboliczne,objawy-cukrzycy-moga-pojawic-sie-na-paznokciach--tak-rozpoznasz-zagrozenie,artykul,80628808.html\" id=\"fe89cfc7-e69f-4649-a0c5-50eb41ab5a43\" rel=\"nofollow noopener\" target=\"_blank\">Cukrzyca typu 2 rozwija si\u0119 latami bez objaw\u00f3w. Paznokcie mog\u0105 ostrzega\u0107<\/a>.<\/p>\n<p>Problem globalny, nie tylko afryka\u0144ski czy azjatycki<\/p>\n<p class=\"ods-c-paragraph \">Cukrzyca typu 5 nie jest problemem wy\u0142\u0105cznie Azji i Afryki. Niedostateczne od\u017cywianie coraz cz\u0119\u015bciej wyst\u0119puje tak\u017ce w Ameryce \u0141aci\u0144skiej i na Karaibach, gdzie czynniki \u015brodowiskowe, polityczne i ekonomiczne pog\u0142\u0119biaj\u0105 nier\u00f3wno\u015bci zdrowotne.<\/p>\n<p class=\"ods-c-paragraph \">\u2014 Nie ma szybkiego rozwi\u0105zania. Walka z t\u0105 chorob\u0105 wymaga szeroko zakrojonych bada\u0144 i dzia\u0142a\u0144 na rzecz pacjent\u00f3w \u2014 podsumowuje Hawkins.<\/p>\n<p class=\"ods-c-paragraph \">\u2014 Gdy raz zobaczysz m\u0142odych pacjent\u00f3w umieraj\u0105cych z powodu niew\u0142a\u015bciwego leczenia tej zaniedbywanej postaci cukrzycy, nie mo\u017cna ju\u017c si\u0119 wycofa\u0107 \u2014 dodaje ekspertka.<\/p>\n<p> Tre\u015bci z serwisu Medonet maj\u0105 na celu polepszenie, a nie zast\u0105pienie, kontaktu pomi\u0119dzy U\u017cytkownikiem a jego lekarzem. Serwis ma charakter wy\u0142\u0105cznie informacyjno-edukacyjny. Przed zastosowaniem si\u0119 do porad z zakresu wiedzy specjalistycznej, w szczeg\u00f3lno\u015bci medycznych, zawartych w Serwisie nale\u017cy bezwzgl\u0119dnie skonsultowa\u0107 si\u0119 z lekarzem. <\/p>\n","protected":false},"excerpt":{"rendered":"SPIS TRE\u015aCI Cukrzyca typu 5 \u2014 zapomniana choroba, kt\u00f3ra dotyka miliony Czym r\u00f3\u017cni si\u0119 cukrzyca typu 5 od&hellip;\n","protected":false},"author":2,"featured_media":175543,"comment_status":"","ping_status":"","sticky":false,"template":"","format":"standard","meta":{"footnotes":""},"categories":[5],"tags":[32,33,1845,15486,22984,19555,36,37,34476,27,16783,34,35,28,31,48,25,46,42,38,40,39,41,47,34477,29,30,9550,26],"class_list":{"0":"post-175542","1":"post","2":"type-post","3":"status-publish","4":"format-standard","5":"has-post-thumbnail","7":"category-naglowki","8":"tag-breaking-news","9":"tag-breakingnews","10":"tag-choroby_od_a_do_z","11":"tag-cukrzyca","12":"tag-cukrzyca_typu_1","13":"tag-cukrzyca_typu_2","14":"tag-featured-news","15":"tag-featurednews","16":"tag-glukoza","17":"tag-headlines","18":"tag-insulina","19":"tag-latest-news","20":"tag-latestnews","21":"tag-naglowki","22":"tag-najwazniejsze-artykuly","23":"tag-nat_styl","24":"tag-news","25":"tag-omp","26":"tag-pl","27":"tag-poland","28":"tag-polish","29":"tag-polska","30":"tag-polski","31":"tag-screening_general","32":"tag-swiatowa_organizacja_zdrowia","33":"tag-top-stories","34":"tag-topstories","35":"tag-trzustka","36":"tag-wiadomosci"},"share_on_mastodon":{"url":"https:\/\/pubeurope.com\/@pl\/115801911730735027","error":""},"_links":{"self":[{"href":"https:\/\/www.europesays.com\/pl\/wp-json\/wp\/v2\/posts\/175542","targetHints":{"allow":["GET"]}}],"collection":[{"href":"https:\/\/www.europesays.com\/pl\/wp-json\/wp\/v2\/posts"}],"about":[{"href":"https:\/\/www.europesays.com\/pl\/wp-json\/wp\/v2\/types\/post"}],"author":[{"embeddable":true,"href":"https:\/\/www.europesays.com\/pl\/wp-json\/wp\/v2\/users\/2"}],"replies":[{"embeddable":true,"href":"https:\/\/www.europesays.com\/pl\/wp-json\/wp\/v2\/comments?post=175542"}],"version-history":[{"count":0,"href":"https:\/\/www.europesays.com\/pl\/wp-json\/wp\/v2\/posts\/175542\/revisions"}],"wp:featuredmedia":[{"embeddable":true,"href":"https:\/\/www.europesays.com\/pl\/wp-json\/wp\/v2\/media\/175543"}],"wp:attachment":[{"href":"https:\/\/www.europesays.com\/pl\/wp-json\/wp\/v2\/media?parent=175542"}],"wp:term":[{"taxonomy":"category","embeddable":true,"href":"https:\/\/www.europesays.com\/pl\/wp-json\/wp\/v2\/categories?post=175542"},{"taxonomy":"post_tag","embeddable":true,"href":"https:\/\/www.europesays.com\/pl\/wp-json\/wp\/v2\/tags?post=175542"}],"curies":[{"name":"wp","href":"https:\/\/api.w.org\/{rel}","templated":true}]}}