{"id":175555,"date":"2025-12-29T08:34:11","date_gmt":"2025-12-29T08:34:11","guid":{"rendered":"https:\/\/www.europesays.com\/pl\/175555\/"},"modified":"2025-12-29T08:34:11","modified_gmt":"2025-12-29T08:34:11","slug":"wolodymyr-zelenski-nie-wytrzymal-tak-zareagowal-gdy-trump-mowil-o-putinie-nagranie","status":"publish","type":"post","link":"https:\/\/www.europesays.com\/pl\/175555\/","title":{"rendered":"Wo\u0142odymyr Ze\u0142enski nie wytrzyma\u0142. Tak zareagowa\u0142, gdy Trump m\u00f3wi\u0142 o Putinie [NAGRANIE]"},"content":{"rendered":"<p class=\"ods-c-paragraph \"><a href=\"https:\/\/wiadomosci.onet.pl\/swiat\/donald-trump-i-wolodymyr-zelenski-zakonczyli-spotkanie-zblizylismy-sie-do-konca-tej\/836pb7d\" id=\"077e16af-0ede-4b4a-87c8-8bb012147005\" rel=\"nofollow noopener\" target=\"_blank\">Prezydent USA Donald Trump spotka\u0142 si\u0119 z prezydentem Ukrainy Wo\u0142odymyrem Ze\u0142enskim na Florydzie<\/a>. Przyw\u00f3dcy rozmawiali o zako\u0144czeniu wojny. Trump wyrazi\u0142 przekonanie, \u017ce zar\u00f3wno Ukraina, jak i Rosja chc\u0105 ko\u0144ca konfliktu.<\/p>\n<p> Co m\u00f3wi\u0142 Trump o Rosji i Ukrainie? <\/p>\n<p> Jak zareagowa\u0142 Ze\u0142enski na s\u0142owa Trumpa? <\/p>\n<p> Gdzie odby\u0142o si\u0119 spotkanie Ze\u0142enskiego z Trumpem? <\/p>\n<p> Co Trump twierdzi\u0142 o pomocy Rosji dla Ukrainy? <\/p>\n<p class=\"ods-c-paragraph \">Po rozmowach prezydenci wyszli do dziennikarzy, a <a href=\"https:\/\/wiadomosci.onet.pl\/swiat\/donald-trump-i-wolodymyr-zelenski-zabrali-glos-po-rozmowach-na-florydzie\/d3v29yz\" id=\"8de12ca3-3fab-47b1-9f19-e378e36fa2bc\" rel=\"nofollow noopener\" target=\"_blank\">prezydent Trump zapewnia\u0142, \u017ce spotkanie by\u0142o bardzo owocne. <\/a>Jednocze\u015bnie m\u00f3wi\u0142 o swojej rozmowie telefonicznej z W\u0142adimirem Putinem, do kt\u00f3rego zadzwoni\u0142 przed rozmow\u0105 z Ze\u0142enskim.<\/p>\n<p class=\"ods-c-paragraph \">Trump twierdz\u0105co odpowiedzia\u0142 na pytanie, czy rozmawia\u0142 w niedziel\u0119 z Putinem na temat odpowiedzialno\u015bci Rosji za odbudow\u0119 Ukrainy.<\/p>\n<p class=\"ods-c-paragraph \">\u2014 Tak. Oni b\u0119d\u0105 pomaga\u0107. Rosja b\u0119dzie pomaga\u0107. Rosja chce, \u017ceby Ukraina odnios\u0142a sukces. Brzmi to troch\u0119 dziwnie, ale t\u0142umaczy\u0142em to prezydentowi (Ze\u0142enskiemu). Prezydent Putin by\u0142 bardzo hojny w swoich uczuciach wobec sukcesu Ukrainy, w tym dostarczania energii, pr\u0105du i innych d\u00f3br po bardzo niskich cenach. Wiele dobrych rzeczy wynik\u0142o z dzisiejszej rozmowy \u2014 powiedzia\u0142 prezydent USA.<\/p>\n<p class=\"ods-c-paragraph \">Ze\u0142enski nie zareagowa\u0142 s\u0142owami na te kuriozalne twierdzenia, podobnie jak nie prostowa\u0142 s\u0142\u00f3w Donalda Trumpa, gdy ten wielokrotnie zapewnia\u0142, \u017ce Rosja chce pokoju. Pow\u015bci\u0105gliwo\u015b\u0107 prezydenta Ukrainy prawdopodobnie podyktowana by\u0142a obaw\u0105, by nie dopu\u015bci\u0107 do powt\u00f3rki ze spotkania w Bia\u0142ym Domu w lutym br., gdy <a href=\"https:\/\/wiadomosci.onet.pl\/swiat\/jurasz-o-zachowaniu-trumpa-i-vancea-czegos-takiego-nie-bylo-nigdy-sa-mentalnymi\/qweh6kj\" id=\"4735c618-52f9-4e0e-9576-ad4ee47c7b81\" rel=\"nofollow noopener\" target=\"_blank\">pr\u00f3ba skontrowania podobnych wypowiedzi Trumpa zako\u0144czy\u0142a si\u0119 awantur\u0105. <\/a>Jednak gdy mowa by\u0142a o tym, \u017ce Rosja chce &#8222;sukcesu Ukrainy&#8221;, Ze\u0142enski nie zapanowa\u0142 nad twarz\u0105, na kt\u00f3rej odmalowa\u0142y si\u0119 szok i rozbawienie.<\/p>\n","protected":false},"excerpt":{"rendered":"Prezydent USA Donald Trump spotka\u0142 si\u0119 z prezydentem Ukrainy Wo\u0142odymyrem Ze\u0142enskim na Florydzie. Przyw\u00f3dcy rozmawiali o zako\u0144czeniu wojny.&hellip;\n","protected":false},"author":2,"featured_media":175556,"comment_status":"","ping_status":"","sticky":false,"template":"","format":"standard","meta":{"footnotes":""},"categories":[5],"tags":[32,33,44,36,37,27,76,34,35,28,31,48,25,46,42,38,40,39,41,87,47,80,29,30,415,71,26,408,309],"class_list":{"0":"post-175555","1":"post","2":"type-post","3":"status-publish","4":"format-standard","5":"has-post-thumbnail","7":"category-naglowki","8":"tag-breaking-news","9":"tag-breakingnews","10":"tag-donald_trump","11":"tag-featured-news","12":"tag-featurednews","13":"tag-headlines","14":"tag-inwazja_rosji_na_ukraine","15":"tag-latest-news","16":"tag-latestnews","17":"tag-naglowki","18":"tag-najwazniejsze-artykuly","19":"tag-nat_styl","20":"tag-news","21":"tag-omp","22":"tag-pl","23":"tag-poland","24":"tag-polish","25":"tag-polska","26":"tag-polski","27":"tag-rosja","28":"tag-screening_general","29":"tag-swiat","30":"tag-top-stories","31":"tag-topstories","32":"tag-ukraina","33":"tag-usa","34":"tag-wiadomosci","35":"tag-wladimir_putin","36":"tag-wolodymyr_zelenski"},"share_on_mastodon":{"url":"https:\/\/pubeurope.com\/@pl\/115801939264346665","error":""},"_links":{"self":[{"href":"https:\/\/www.europesays.com\/pl\/wp-json\/wp\/v2\/posts\/175555","targetHints":{"allow":["GET"]}}],"collection":[{"href":"https:\/\/www.europesays.com\/pl\/wp-json\/wp\/v2\/posts"}],"about":[{"href":"https:\/\/www.europesays.com\/pl\/wp-json\/wp\/v2\/types\/post"}],"author":[{"embeddable":true,"href":"https:\/\/www.europesays.com\/pl\/wp-json\/wp\/v2\/users\/2"}],"replies":[{"embeddable":true,"href":"https:\/\/www.europesays.com\/pl\/wp-json\/wp\/v2\/comments?post=175555"}],"version-history":[{"count":0,"href":"https:\/\/www.europesays.com\/pl\/wp-json\/wp\/v2\/posts\/175555\/revisions"}],"wp:featuredmedia":[{"embeddable":true,"href":"https:\/\/www.europesays.com\/pl\/wp-json\/wp\/v2\/media\/175556"}],"wp:attachment":[{"href":"https:\/\/www.europesays.com\/pl\/wp-json\/wp\/v2\/media?parent=175555"}],"wp:term":[{"taxonomy":"category","embeddable":true,"href":"https:\/\/www.europesays.com\/pl\/wp-json\/wp\/v2\/categories?post=175555"},{"taxonomy":"post_tag","embeddable":true,"href":"https:\/\/www.europesays.com\/pl\/wp-json\/wp\/v2\/tags?post=175555"}],"curies":[{"name":"wp","href":"https:\/\/api.w.org\/{rel}","templated":true}]}}