{"id":175557,"date":"2025-12-29T08:35:07","date_gmt":"2025-12-29T08:35:07","guid":{"rendered":"https:\/\/www.europesays.com\/pl\/175557\/"},"modified":"2025-12-29T08:35:07","modified_gmt":"2025-12-29T08:35:07","slug":"top-10-plusligi-dziennikarze-wp-sportowefakty-wybrali-gwiazdy-2025-roku","status":"publish","type":"post","link":"https:\/\/www.europesays.com\/pl\/175557\/","title":{"rendered":"TOP-10 PlusLigi. Dziennikarze WP SportoweFakty wybrali gwiazdy 2025 roku"},"content":{"rendered":"<p forced-expanded=\"true\" class=\"part\" data-v-f5947694=\"\" data-v-20ea25b2=\"\">W poprzednim sezonie zainkasowa\u0142 siedem statuetek MVP, w tym zaledwie jedn\u0105. To jednak zas\u0142uga kiepskich wynik\u00f3w ekipy spod Cz\u0119stochowy. Czech nie ma sobie jednak nic do zarzucenia, bowiem pod wzgl\u0119dem liczby zdobytych punkt\u00f3w wyprzedza wszystkich konkurent\u00f3w. W minionym sezonie by\u0142 odkryciem sezonu, w 2025 roku \u015bmia\u0142o mo\u017cna uzna\u0107 go za jedn\u0105 z najwi\u0119kszych gwiazd PlusLigi. Wielk\u0105 klas\u0119 potwierdzi\u0142 na M\u015a, prowadz\u0105c dru\u017cyn\u0119 narodow\u0105 do czwartego miejsca. Czasu na odpoczynek pomi\u0119dzy rozgrywkami nie mia\u0142 wiele, a mimo to przez ca\u0142y rok trzyma\u0142 bardzo wysoki poziom.<\/p>\n","protected":false},"excerpt":{"rendered":"W poprzednim sezonie zainkasowa\u0142 siedem statuetek MVP, w tym zaledwie jedn\u0105. To jednak zas\u0142uga kiepskich wynik\u00f3w ekipy spod&hellip;\n","protected":false},"author":2,"featured_media":141916,"comment_status":"","ping_status":"","sticky":false,"template":"","format":"standard","meta":{"footnotes":""},"categories":[24],"tags":[34478,34479,42,6242,38,40,39,41,131,127,126,1342],"class_list":{"0":"post-175557","1":"post","2":"type-post","3":"status-publish","4":"format-standard","5":"has-post-thumbnail","7":"category-sport","8":"tag-bartosz-bednorz","9":"tag-bartosz-kwolek","10":"tag-pl","11":"tag-plusliga","12":"tag-poland","13":"tag-polish","14":"tag-polska","15":"tag-polski","16":"tag-siatkowka","17":"tag-sport","18":"tag-sports","19":"tag-wilfredo-leon"},"share_on_mastodon":{"url":"https:\/\/pubeurope.com\/@pl\/115801943493200173","error":""},"_links":{"self":[{"href":"https:\/\/www.europesays.com\/pl\/wp-json\/wp\/v2\/posts\/175557","targetHints":{"allow":["GET"]}}],"collection":[{"href":"https:\/\/www.europesays.com\/pl\/wp-json\/wp\/v2\/posts"}],"about":[{"href":"https:\/\/www.europesays.com\/pl\/wp-json\/wp\/v2\/types\/post"}],"author":[{"embeddable":true,"href":"https:\/\/www.europesays.com\/pl\/wp-json\/wp\/v2\/users\/2"}],"replies":[{"embeddable":true,"href":"https:\/\/www.europesays.com\/pl\/wp-json\/wp\/v2\/comments?post=175557"}],"version-history":[{"count":0,"href":"https:\/\/www.europesays.com\/pl\/wp-json\/wp\/v2\/posts\/175557\/revisions"}],"wp:featuredmedia":[{"embeddable":true,"href":"https:\/\/www.europesays.com\/pl\/wp-json\/wp\/v2\/media\/141916"}],"wp:attachment":[{"href":"https:\/\/www.europesays.com\/pl\/wp-json\/wp\/v2\/media?parent=175557"}],"wp:term":[{"taxonomy":"category","embeddable":true,"href":"https:\/\/www.europesays.com\/pl\/wp-json\/wp\/v2\/categories?post=175557"},{"taxonomy":"post_tag","embeddable":true,"href":"https:\/\/www.europesays.com\/pl\/wp-json\/wp\/v2\/tags?post=175557"}],"curies":[{"name":"wp","href":"https:\/\/api.w.org\/{rel}","templated":true}]}}