{"id":175558,"date":"2025-12-29T08:36:17","date_gmt":"2025-12-29T08:36:17","guid":{"rendered":"https:\/\/www.europesays.com\/pl\/175558\/"},"modified":"2025-12-29T08:36:17","modified_gmt":"2025-12-29T08:36:17","slug":"turkot-dudziak-eleryk-deklewa-oto-przyszle-gwiazdy-polskiego-kina","status":"publish","type":"post","link":"https:\/\/www.europesays.com\/pl\/175558\/","title":{"rendered":"Turkot, Dudziak, Eleryk, Deklewa: oto przysz\u0142e gwiazdy polskiego kina"},"content":{"rendered":"<p>Co sprawia, \u017ce zapami\u0119tujemy konkretn\u0105 twarz, konkretn\u0105 posta\u0107? Pracuje na to wiele element\u00f3w. Na pewno scenariusz, re\u017cyserska wizja, pomys\u0142 na rol\u0119, jej znaczenie i warto\u015b\u0107. I dopiero w tym momencie na plan filmowy czy serialowy wkracza m\u0142ody aktor &#8211; ze swoj\u0105 intuicj\u0105, zmierzwionym jeszcze talentem, z zaufaniem do re\u017cysera i do widza. Z takiego po\u0142\u0105czenia powstaj\u0105 potem wspania\u0142e rzeczy, ciekawe role. Rodz\u0105 si\u0119 przysz\u0142e gwiazdy polskiego kina.<\/p>\n<p>Oto kilka najciekawszych nowych aktorskich nazwisk, kt\u00f3re zaja\u015bnia\u0142y w 2025 roku.<\/p>\n<p>  Obsada &#8222;Heweliusza&#8221;, serialu Jana Holoubka, zachwyci\u0142a wszystkich, ale w\u015br\u00f3d znakomitej aktorskiej dru\u017cyny\u00a0<a href=\"https:\/\/film.interia.pl\/gwiazda-konrad-eleryk,pId,17938\" rel=\"nofollow noopener\" target=\"_blank\">Konrad Eleryk<\/a> wyr\u00f3\u017cnia\u0142 si\u0119 chyba najbardziej. Witold Skrimuntt to\u00a0 najpe\u0142niejszy psychologicznie portret ze wszystkich pokazanych w serialu. Spora w tym zas\u0142uga samego Eleryka. <\/p>\n<p>  Przez kilka lat, w polskim kinie obsadzany by\u0142 g\u0142\u00f3wnie ze wzgl\u0119du na swoje gabaryty w rolach gangster\u00f3w i osi\u0142k\u00f3w. Nawet jednak w tych rolach wida\u0107 by\u0142o jak wiele ma do pokazania, aktorsko do powiedzenia. Prze\u0142omem by\u0142 skromny film &#8222;Przepi\u0119kne!&#8221;. Za rol\u0119 nie\u015bmia\u0142ego wuefisty, Eleryk otrzyma\u0142 presti\u017cow\u0105 Nagrod\u0119 im. Macieja Koz\u0142owskiego na festiwalu &#8222;Kozzi&#8221; w Zielonej G\u00f3rze. &#8222;Heweliusz&#8221; jest potwierdzeniem s\u0142uszno\u015bci decyzji jury. Witold to m\u0119\u017cczyzna niepotrafi\u0105cy \u017cy\u0107 z balastem odpowiedzialno\u015bci za to, co na Heweliuszu wydarzy\u0142o si\u0119 naprawd\u0119. I p\u0142ac\u0105cy za t\u0119 niemo\u017cno\u015b\u0107 cen\u0119 najwy\u017csz\u0105.<\/p>\n<p>        &#13;<br \/>\n                    Zdj\u0119cie&#13;<\/p>\n<p>                                        &#13;<br \/>\n                            &#13;<br \/>\n                            &#13;<br \/>\n                            <img loading=\"lazy\" decoding=\"async\" src=\"https:\/\/www.europesays.com\/pl\/wp-content\/uploads\/2025\/12\/000LBF1B3O950M5V-C461-F4.jpg\" title=\"Najciekawsze m\u0142ode aktorki i aktorzy. To oni niebawem podbij\u0105 polskie kino\" style=\"display:block;max-width:100%;height:auto;width:800px;aspect-ratio:1902\/1166;\" width=\"800\" height=\"490\" alt=\"Konrad Eleryk \/Michal Zebrowski\/Dzien Dobry TVN\/East News \/East News\" class=\"img-responsive\" itemprop=\"url\"\/>&#13;<\/p>\n<p>                                    &#13;<\/p>\n<p>&#13;<br \/>\n                                    Konrad Eleryk&#13;<br \/>\n                                            \/Michal Zebrowski\/Dzien Dobry TVN\/East News \/East News&#13;\n                                                <\/p>\n<p>&#13;<\/p>\n<p>  Prowadz\u0105c spotkania z tw\u00f3rcami &#8222;Domu dobrego&#8221;, z podziwem s\u0142ucha\u0142em, jak\u00a0<a href=\"https:\/\/film.interia.pl\/gwiazda-agata-turkot,pId,20889\" rel=\"nofollow noopener\" target=\"_blank\">Agata Turkot<\/a>, bardzo m\u0142oda przecie\u017c aktorka i kobieta, doskonale radzi sobie z najtrudniejszymi pytaniami i wyznaniami od strony widowni. Pomy\u015bla\u0142em wtedy, \u017ce jest doskonale przygotowana do tego zawodu. Gotowa na najwi\u0119ksze wzywania. Skupiona, inteligentna, opanowana, wszystko ma przemy\u015blane.<\/p>\n<p>    &#13;<br \/>\n        &#13;<\/p>\n<p>Mo\u017ce w\u0142a\u015bnie dlatego Go\u015bka w &#8222;Domu dobrym&#8221; jest taka prawdziwa, dla wielu &#8211; bolesna. Turkot, jak sama przyznaje, otoczona przez produkcj\u0119 unikatow\u0105 ochron\u0105, w filmie o przemocy domowej, zagra\u0142a ofiar\u0119, jakiej jeszcze w polskim kinie nie by\u0142o. Dziewczyn\u0119 pozornie \u015bwiadom\u0105, wyemancypowan\u0105, odwa\u017cn\u0105. Pozornie. I w owym &#8222;pozornie&#8221; tkwi si\u0142a filmu Smarzowskiego i kreacji Turkot. <\/p>\n<p>  W kinie polskim zadomowi\u0142a si\u0119 zreszt\u0105 na dobre. Wart zauwa\u017cania jest jej wyst\u0119p w udanym filmie familijnym &#8211; &#8222;Skrzacie. Nowym pocz\u0105tku&#8221;, czy rola recepcjonistki w hybrydalnych, niepokoj\u0105cych &#8222;Zapiskach \u015bmiertelnika&#8221; Macieja \u017baka.<\/p>\n<p>        &#13;<br \/>\n                    Zdj\u0119cie&#13;<\/p>\n<p>                                        &#13;<br \/>\n                            &#13;<br \/>\n                            &#13;<br \/>\n                            <img decoding=\"async\" loading=\"lazy\" src=\"https:\/\/www.europesays.com\/pl\/wp-content\/uploads\/2025\/12\/000LVR8X180CQPES-C461-F4.jpg\" title=\"Najciekawsze m\u0142ode aktorki i aktorzy. To oni niebawem podbij\u0105 polskie kino\" style=\"display:block;max-width:100%;height:auto;width:800px;aspect-ratio:1365\/972;\" width=\"800\" height=\"570\" alt=\"Agata Turkot, fot. Beata Mac\u0301kiewicz \/materia\u0142y prasowe\" class=\"img-responsive\" itemprop=\"url\"\/>&#13;<\/p>\n<p>                                    &#13;<\/p>\n<p>&#13;<br \/>\n                                    Agata Turkot, fot. Beata Mac\u0301kiewicz&#13;<br \/>\n                                            \/materia\u0142y prasowe&#13;\n                                                <\/p>\n<p>&#13;<\/p>\n<p>  Ma kapitaln\u0105 vis-comica i je\u017celi wszystko p\u00f3jdzie dobrze, mo\u017ce sta\u0107 si\u0119 za jaki\u015b czas godnym nast\u0119pc\u0105 Zamachowskiego czy Kota. Swoj\u0105 radosn\u0105 energi\u0105, luzackim poczuciem humoru rozsadza ekran w &#8222;Edukacji XD&#8221;. Jego Stomil to kr\u00f3l wszystkich freak\u00f3w, wszystkich &#8222;Big Lebowskich&#8221; z pokolenia Z, kt\u00f3rym pomyli\u0142y si\u0119 wcze\u015bniejsze literki alfabetu. <\/p>\n<p>  <a href=\"https:\/\/film.interia.pl\/gwiazda-michal-balicki,pId,21793\" rel=\"nofollow noopener\" target=\"_blank\">Micha\u0142 Balicki<\/a> wci\u0105\u017c czeka na du\u017ce otwarcie kinowe, ale podejrzewam, \u017ce to tylko kwestia czasu. Na razie dobrze sprawdza si\u0119 na drugim i trzecim planie &#8211; w tym sezonie pokaza\u0142 si\u0119 w &#8222;Capo&#8221;, w &#8222;LARPIE. Mi\u0142o\u015bci, trollach i innych questach&#8221; czy w eksperymentalnym filmie Moniki Strz\u0119pki &#8211; &#8222;Zaprawd\u0119 Hitler umar\u0142&#8221;.<\/p>\n<p>        &#13;<br \/>\n                    Zdj\u0119cie&#13;<\/p>\n<p>                                        &#13;<br \/>\n                            &#13;<br \/>\n                            &#13;<br \/>\n                            <img decoding=\"async\" loading=\"lazy\" src=\"https:\/\/www.europesays.com\/pl\/wp-content\/uploads\/2025\/12\/000HM64M5MMCU9PS-C461-F4.jpg\" title=\"Najciekawsze m\u0142ode aktorki i aktorzy. To oni niebawem podbij\u0105 polskie kino\" style=\"display:block;max-width:100%;height:auto;width:800px;aspect-ratio:998\/693;\" width=\"800\" height=\"556\" alt=\"Micha\u0142 Balicki \/Katarzyna Widma\u0144ska \/materia\u0142y prasowe\" class=\"img-responsive\" itemprop=\"url\"\/>&#13;<\/p>\n<p>                                    &#13;<\/p>\n<p>&#13;<br \/>\n                                    Micha\u0142 Balicki&#13;<br \/>\n                                            \/Katarzyna Widma\u0144ska \/materia\u0142y prasowe&#13;\n                                                <\/p>\n<p>&#13;<\/p>\n<p>  Odkrycie Jana Englerta. Jest bodaj najm\u0142odszym Hamletem w historii polskiego teatru. Tym spektaklem Englert \u017cegna\u0142 si\u0119 z dyrektur\u0105 &#8222;Narodowego&#8221;, promuj\u0105c now\u0105 gwiazd\u0119 tej sceny.\u00a0<a href=\"https:\/\/film.interia.pl\/gwiazda-hugo-tarres,pId,22528\" rel=\"nofollow noopener\" target=\"_blank\">Hugo Tarres<\/a>, wci\u0105\u017c jeszcze nominalnie student AT, poradzi\u0142by sobie aktorsko nawet bez Englerta. Jego m\u0142ody wiek jest zwodniczy. Hugo jest ju\u017c przecie\u017c laureatem &#8222;Z\u0142otego Tukana&#8221; na PPA we Wroc\u0142awiu (wsp\u00f3lnie z Mateuszem Tomaszewskim), zagra\u0142 wcze\u015bniej Merkucja w &#8222;Romeo i Julii&#8221; w Teatrze Muzycznym &#8222;Capitol&#8221; we Wroc\u0142awiu (znowu Szekspir), a zupe\u0142nie niedawno Hala w &#8222;Niewyczerpanym \u017carcie&#8221; Davida Fostera Wallace&#8217;a w re\u017cyserii Kamila Bia\u0142aszka. Za kreacj\u0119 Hamleta otrzyma\u0142 Nagrod\u0119 Sekcji Krytyk\u00f3w Teatralnych ZASP im. Andrzeja Nardellego.<\/p>\n<p>O teatraln\u0105 karier\u0119 Tarresa jestem spokojny, kino musi dopiero go odkry\u0107. Jest ju\u017c co prawda rozpoznawalny. Jedna z g\u0142\u00f3wnych r\u00f3l &#8211; Dantego w trzech ods\u0142onach w serii &#8222;Piep*zy\u0107 Mickiewicza&#8221; &#8211; da\u0142a mu popularno\u015b\u0107, ale popularno\u015b\u0107 bazuj\u0105c\u0105 jedynie na m\u0142odzie\u0144czej naturalno\u015bci, wdzi\u0119ku aktora. Czas na powa\u017cniejsze i bardziej ambitne zadania.<\/p>\n<p>        &#13;<br \/>\n                    Zdj\u0119cie&#13;<\/p>\n<p>                                        &#13;<br \/>\n                            &#13;<br \/>\n                            &#13;<br \/>\n                            <img decoding=\"async\" loading=\"lazy\" src=\"https:\/\/www.europesays.com\/pl\/wp-content\/uploads\/2025\/12\/000LCDUZS1QM05QA-C461-F4.jpg\" title=\"Najciekawsze m\u0142ode aktorki i aktorzy. To oni niebawem podbij\u0105 polskie kino\" style=\"display:block;max-width:100%;height:auto;width:800px;aspect-ratio:1946\/1277;\" width=\"800\" height=\"525\" alt=\"Hugo Tarres \/Pawel Wodzynski \/East News\" class=\"img-responsive\" itemprop=\"url\"\/>&#13;<\/p>\n<p>                                    &#13;<\/p>\n<p>&#13;<br \/>\n                                    Hugo Tarres&#13;<br \/>\n                                            \/Pawel Wodzynski \/East News&#13;\n                                                <\/p>\n<p>&#13;<\/p>\n<p>  Niko w &#8222;Absolutnych debiutantach&#8221; Kamili Tarabury i Katarzyny Warzechy by\u0142 bohaterem nowego pokolenia. Nieufnego w budowaniu relacji, introwertycznego, a zarazem pe\u0142nego pasji i otwartego na nowe doznania.\u00a0<a href=\"https:\/\/film.interia.pl\/gwiazda-bartlomiej-deklewa,pId,22595\" rel=\"nofollow noopener\" target=\"_blank\">Bart\u0142omiej Deklewa<\/a> pokaza\u0142 si\u0119 w tym pi\u0119knym serialu od jak najlepszej strony. Stworzy\u0142 wiarygodn\u0105 posta\u0107 zagubionego marzyciela zderzonego z brutalnym realizmem. I w tego typu aktorskim temacie czuje si\u0119 zdecydowanie najlepiej.<\/p>\n<p>Igor w &#8222;\u015awiat\u0142oczu\u0142ej&#8221;, przede wszystkim warta szczeg\u00f3lnego docenienia rola Benka w &#8222;Nie ma duch\u00f3w w mieszkaniu na Dobrej&#8221; Emi Buchwald, tworz\u0105 ciekawy typ w polskim kinie. Deklewa nie chce by\u0107 super macho, nie dla niego tytu\u0142 przewodnika stada (chocia\u017c sprawdzi\u0142 si\u0119 tak\u017ce jako &#8222;Tomkas&#8221; w &#8222;Id\u017a pod pr\u0105d&#8221; o zespole punkowym KSU), w kinie i w serialach gra m\u0142odych m\u0119\u017cczyzn, kt\u00f3rzy najpierw musz\u0105 poradzi\u0107 sobie z w\u0142asnymi l\u0119kami, z w\u0142asnym strachem i b\u00f3lem, \u017ceby obarcza\u0107 tym innych. Aktorsko Deklewa ju\u017c radzi sobie \u015bwietnie. <\/p>\n<p>        &#13;<br \/>\n                    Zdj\u0119cie&#13;<\/p>\n<p>                                        &#13;<br \/>\n                            &#13;<br \/>\n                            &#13;<br \/>\n                            <img decoding=\"async\" loading=\"lazy\" src=\"https:\/\/www.europesays.com\/pl\/wp-content\/uploads\/2025\/12\/000M4BK9LBS47MJW-C461-F4.jpg\" title=\"Najciekawsze m\u0142ode aktorki i aktorzy. To oni niebawem podbij\u0105 polskie kino\" style=\"display:block;max-width:100%;height:auto;width:800px;aspect-ratio:1500\/1000;\" width=\"800\" height=\"533\" alt=\"Bart\u0142omiej Deklewa \/Ga\u0142\u0105zka \/AKPA\" class=\"img-responsive\" itemprop=\"url\"\/>&#13;<\/p>\n<p>                                    &#13;<\/p>\n<p>&#13;<br \/>\n                                    Bart\u0142omiej Deklewa&#13;<br \/>\n                                            \/Ga\u0142\u0105zka \/AKPA&#13;\n                                                <\/p>\n<p>&#13;<\/p>\n<p>  Zdolniacha. Ka\u017cdego roku uczelnie artystyczne ko\u0144czy mn\u00f3stwo fantastycznych dziewczyn, bardzo rzadko zdarza si\u0119 jednak ten rodzaj ekranowej si\u0142y, kt\u00f3r\u0105 ma\u00a0<a href=\"https:\/\/film.interia.pl\/gwiazda-martyna-byczkowska,pId,20691\" rel=\"nofollow noopener\" target=\"_blank\">Martyna Byczkowska<\/a>. Podobnie jak w przypadku Deklewy, torped\u0105 zawodow\u0105 by\u0142a dla niej rola Leny w serialu &#8222;Absolutni debiutanci&#8221;. Chocia\u017c pokazywa\u0142a si\u0119 ju\u017c wcze\u015bniej, i to w du\u017cych rolach &#8211; w &#8222;Skazanej&#8221;, w serialu &#8222;W g\u0142\u0119bi lasu&#8221; &#8211; dopiero Lena w &#8222;Absolutnych debiutantach&#8221; wyda\u0142a si\u0119 rol\u0105 skrojon\u0105 na miar\u0119 Martyny. Dziewczyna liryczna i autoironiczna, poetycka i realna. Jakby wyj\u0119ta z piosenki Agnieszki Osieckiej. Troch\u0119 Umer, troch\u0119 Maryla. I to pokochali pracuj\u0105cy z Byczkowsk\u0105 re\u017cyserzy. <\/p>\n<p>  2025 to by\u0142 jej rok: Aniela w drugim sezonie &#8222;1670&#8221;, \u015bwietna jako Maria Wodzi\u0144ska w &#8222;Chopinie, Chopinie!&#8221; oraz w roli Heleny w &#8222;LARPIE. Mi\u0142o\u015bci, trollach i innych questach&#8221;, zagra\u0142a tak\u017ce w &#8222;Intersection&#8221; i w &#8222;Nieprzyjacielu&#8221;. Jest przy tym dziewczyn\u0105 z rozmachem: sama re\u017cyseruje, kreacyjnie wspiera\u0142a Sebastiana Pa\u0144czyka i Quebo w filmie &#8222;P\u00f3\u0142noc \/ Po\u0142udnie&#8221;. Pi\u0119kna droga przed Martyn\u0105.<\/p>\n<p>        &#13;<br \/>\n                    Zdj\u0119cie&#13;<\/p>\n<p>                                        &#13;<br \/>\n                            &#13;<br \/>\n                            &#13;<br \/>\n                            <img decoding=\"async\" loading=\"lazy\" src=\"https:\/\/www.europesays.com\/pl\/wp-content\/uploads\/2025\/12\/000LPEHKYQU4W9IV-C461-F4.jpg\" title=\"Najciekawsze m\u0142ode aktorki i aktorzy. To oni niebawem podbij\u0105 polskie kino\" style=\"display:block;max-width:100%;height:auto;width:800px;aspect-ratio:1200\/800;\" width=\"800\" height=\"533\" alt=\"Martyna Byczkowska \/Wojciech Olkusnik \/East News\" class=\"img-responsive\" itemprop=\"url\"\/>&#13;<\/p>\n<p>                                    &#13;<\/p>\n<p>&#13;<br \/>\n                                    Martyna Byczkowska&#13;<br \/>\n                                            \/Wojciech Olkusnik \/East News&#13;\n                                                <\/p>\n<p>&#13;<\/p>\n<p>  W &#8222;Klarnecie&#8221;, debiucie Toli Jasionowskiej, niesie na swoich barkach ci\u0119\u017car ca\u0142ego filmu. Niezno\u015bna lekko\u015b\u0107 bytu.\u00a0<a href=\"https:\/\/film.interia.pl\/gwiazda-weronika-humaj,pId,22196\" rel=\"nofollow noopener\" target=\"_blank\">Weronika Humaj<\/a> w roli \u0141ucji, dziewczyny odkrywaj\u0105cej w Sejnach swoje prawdziwe korzenie, jest eteryczna i silna zarazem. To chyba klucz do aktorstwa Weroniki. Uroda lalki z porcelany, ale to dziewczyna, kt\u00f3ra nie pozwoli si\u0119 \u0142atwo st\u0142uc.<\/p>\n<p>W eksperymentalnym &#8222;Glorious Summer&#8221;, w serialu &#8222;Niebo. Rok w piekle&#8221;, w kr\u00f3tkometra\u017c\u00f3wce &#8222;Pod tym samym niebem&#8221;, udowadnia, \u017ce si\u0142a jej charakteru to tak\u017ce walka ze stereotypami. \u017beby delikatnie zagra\u0107 na klarnecie, trzeba mie\u0107 zdrowa p\u0142uca.<\/p>\n<p>        &#13;<br \/>\n                    Zdj\u0119cie&#13;<\/p>\n<p>                                        &#13;<br \/>\n                            &#13;<br \/>\n                            &#13;<br \/>\n                            <img decoding=\"async\" loading=\"lazy\" src=\"https:\/\/www.europesays.com\/pl\/wp-content\/uploads\/2025\/12\/000M4BKE5HYE6LJV-C461-F4.jpg\" title=\"Najciekawsze m\u0142ode aktorki i aktorzy. To oni niebawem podbij\u0105 polskie kino\" style=\"display:block;max-width:100%;height:auto;width:800px;aspect-ratio:1500\/1000;\" width=\"800\" height=\"533\" alt=\"Weronika Humaj \/Ga\u0142\u0105zka \/AKPA\" class=\"img-responsive\" itemprop=\"url\"\/>&#13;<\/p>\n<p>                                    &#13;<\/p>\n<p>&#13;<br \/>\n                                    Weronika Humaj&#13;<br \/>\n                                            \/Ga\u0142\u0105zka \/AKPA&#13;\n                                                <\/p>\n<p>&#13;<\/p>\n<p>  Pod\u0105\u017ca swoj\u0105 w\u0142asn\u0105, ciekaw\u0105 drog\u0105. Po studiach aktorskich postawi\u0142a na teatr i znakomicie si\u0119 w tej roli odnalaz\u0142a. Doceniane role w Teatrze Rozmaito\u015bci, ale i go\u015bcinna (chyba najwa\u017cniejsza w dorobku Dudziak) kreacja Narratorki w &#8222;Moim roku relaksu i odpoczynku&#8221; w Teatrze Dramatycznym. Po kilku etiudach i spektaklach telewizyjnych, prawdziwym kinowym otwarciem dla Izabelli by\u0142a rola Nastki w dobrze przyj\u0119tym debiucie Emi Buchwald &#8211; &#8222;Nie ma duch\u00f3w w mieszkaniu na Dobrej&#8221;. <\/p>\n<p>  Szczeg\u00f3lno\u015b\u0107 aktorstwa Dudziak polega na tym, \u017ce sprawia wra\u017cenie wycofanej, a przecie\u017c bardzo mocno ingeruje w rzeczywisto\u015b\u0107 wok\u00f3\u0142 niej. Si\u0142a niewa\u017cko\u015bci. <\/p>\n<p>  W styczniu odb\u0119dzie si\u0119 premiera &#8222;Kr\u00f3lowej mi\u0142o\u015bci&#8221;, spektaklu telewizyjnego, w kt\u00f3rym zagra\u0142a obok Dominiki Bednarczyk, Aleksandry Koniecznej i Anny Dymnej. To ju\u017c wielkie wyr\u00f3\u017cnienie. A jeszcze g\u0142\u00f3wna rola w &#8222;\u0141akomych&#8221;, planowanym nowym filmie Jagody Szelc. Sezon Izabelli Dudziak zamienia si\u0119 w jej dekad\u0119.<\/p>\n<p>        &#13;<br \/>\n                    Zdj\u0119cie&#13;<\/p>\n<p>                                        &#13;<br \/>\n                            &#13;<br \/>\n                            &#13;<br \/>\n                            <img decoding=\"async\" loading=\"lazy\" src=\"https:\/\/www.europesays.com\/pl\/wp-content\/uploads\/2025\/12\/000M4BKDLXXXVK8E-C461-F4.jpg\" title=\"Najciekawsze m\u0142ode aktorki i aktorzy. To oni niebawem podbij\u0105 polskie kino\" style=\"display:block;max-width:100%;height:auto;width:800px;aspect-ratio:1000\/1500;\" width=\"800\" height=\"1200\" alt=\"Izabella Dudziak \/AKPA\" class=\"img-responsive\" itemprop=\"url\"\/>&#13;<\/p>\n<p>                                    &#13;<\/p>\n<p>&#13;<br \/>\n                                    Izabella Dudziak&#13;<br \/>\n                                            \/AKPA&#13;\n                                                <\/p>\n<p>&#13;<\/p>\n<p>  Obsada &#8222;1670&#8221; okaza\u0142a si\u0119 najmocniejsz\u0105 chyba stron\u0105 tego \u015bwietnego i scenariuszowo, i re\u017cysersko serialu. Je\u017celi na tle samych niemal tuz\u00f3w, udaje si\u0119 wybi\u0107 debiutantowi, to sukces jest tym wi\u0119kszy. <\/p>\n<p>  Kiry\u0142 Pietruczuk, podobnie jak Turkot, Eleryk i Dudziak, jest absolwentem Wydzia\u0142u Aktorskiego Szko\u0142y Filmowej w \u0141odzi. By\u0107 mo\u017ce tak\u017ce dlatego przed kamer\u0105 czuj\u0105 si\u0119 jak ryba w wodzie. <\/p>\n<p>  Chwa\u0142a re\u017cyserce castingu &#8222;1670&#8221;, Katarzynie Gryciuk-Krzywdzie, za odnalezienie tego talentu i odkrycie go. Kowal Maciej w interpretacji Kiry\u0142a to sam dowcip, wdzi\u0119k i charakter(ek). <\/p>\n<p>  Kino jeszcze si\u0119 nie pozna\u0142o na wyj\u0105tkowo\u015bci Pietruczuka. Nawet jednak w etiudach (&#8222;Nibylandex&#8221;, &#8222;Ko\u0144ce i pocz\u0105tki&#8221;), czy na drugim planie w &#8222;Listach do M. Po\u017cegnaniach i powrotach&#8221;, przykuwa uwag\u0119. Czas na zadania g\u0142\u00f3wne.<\/p>\n<p>        &#13;<br \/>\n                    Zdj\u0119cie&#13;<\/p>\n<p>                                        &#13;<br \/>\n                            &#13;<br \/>\n                            &#13;<br \/>\n                            <img decoding=\"async\" loading=\"lazy\" src=\"https:\/\/www.europesays.com\/pl\/wp-content\/uploads\/2025\/12\/000IAA9R7BWME5J9-C461-F4.jpg\" title=\"Najciekawsze m\u0142ode aktorki i aktorzy. To oni niebawem podbij\u0105 polskie kino\" style=\"display:block;max-width:100%;height:auto;width:800px;aspect-ratio:815\/518;\" width=\"800\" height=\"508\" alt=\"Kiry\u0142 Pietruczuk jako Maciej w serialu &quot;1670&quot; \/Robert Pa\u0142ka \/ Netflix \/Netflix\" class=\"img-responsive\" itemprop=\"url\"\/>&#13;<\/p>\n<p>                                    &#13;<\/p>\n<p>&#13;<br \/>\n                                    Kiry\u0142 Pietruczuk jako Maciej w serialu &#8222;1670&#8221;&#13;<br \/>\n                                            \/Robert Pa\u0142ka \/ Netflix \/Netflix&#13;\n                                                <\/p>\n<p>&#13;<\/p>\n<p>  Nagrody aktorskie, kt\u00f3re otrzymywa\u0142a za kreacje w filmach kr\u00f3tkometra\u017cowych i etiudach studenckich: &#8222;Maszy&#8221;, &#8222;Schid Zachid&#8221;, czy &#8222;Saszce&#8221;, by\u0142y zapowiedzi\u0105 bardzo ciekawej drogi.\u00a0<a href=\"https:\/\/film.interia.pl\/gwiazda-daria-polunina,pId,22790\" rel=\"nofollow noopener\" target=\"_blank\">Daria Polunina<\/a>, absolwentka Wydzia\u0142u Sztuk Teatralnych Kijowskiego Narodowego Uniwersytetu Teatru, Kina i Telewizji, zaciekawi\u0142a w du\u017cej roli pozorantki Agaty w niedocenionym &#8222;Prze\u015bwicie&#8221;, debiucie Magdaleny Pi\u0119ty. <\/p>\n<p>  Dziewczyna zamkni\u0119ta w sobie, zamykaj\u0105ca si\u0119 przed \u015bwiatem, a r\u00f3wnolegle z racji na powierzone jej zadanie, zmuszana do mimikry, kopiowania cudzych zachowa\u0144 i emocji. Zadanie nie\u0142atwe, ale wykonane bez \u015bladu fa\u0142szu. Mam nadziej\u0119, \u017ce mniejsze role w &#8222;Domu dobrym&#8221; Wojciecha Smarzowskiego czy w &#8222;Pojedynku&#8221; \u0141ukasza Palkowskiego, s\u0105 dowodem na to, \u017ce polskie kino szybko o Poluninie nie zapomni.<\/p>\n<p>        &#13;<br \/>\n                    Zdj\u0119cie&#13;<\/p>\n<p>                                        &#13;<br \/>\n                            &#13;<br \/>\n                            &#13;<br \/>\n                            <img decoding=\"async\" loading=\"lazy\" src=\"https:\/\/www.europesays.com\/pl\/wp-content\/uploads\/2025\/12\/000M4BKSKJX5UX4P-C461-F4.jpg\" title=\"Najciekawsze m\u0142ode aktorki i aktorzy. To oni niebawem podbij\u0105 polskie kino\" style=\"display:block;max-width:100%;height:auto;width:800px;aspect-ratio:1374\/886;\" width=\"800\" height=\"516\" alt=\"Daria Po\u0142unina \/Jerzy Dudek\/Dzie\u0144 Dobry TVN \/East News\" class=\"img-responsive\" itemprop=\"url\"\/>&#13;<\/p>\n<p>                                    &#13;<\/p>\n<p>&#13;<br \/>\n                                    Daria Po\u0142unina&#13;<br \/>\n                                            \/Jerzy Dudek\/Dzie\u0144 Dobry TVN \/East News&#13;\n                                                <\/p>\n<p>&#13;<\/p>\n<p>  &#13;<br \/>\n    &#13;<br \/>\n            Wideo&#13;<\/p>\n<p>        &#13;<br \/>\n&#13;<br \/>\n    &#13;<br \/>\n        &#13;<br \/>\n                &#13;<\/p>\n<p>&#13;<br \/>\n                                        &#8222;Odyseja&#8221; [trailer]&#13;<br \/>\n                                        materia\u0142y prasowe&#13;\n                    <\/p>\n<p>&#13;<br \/>\n    &#13;<\/p>\n","protected":false},"excerpt":{"rendered":"Co sprawia, \u017ce zapami\u0119tujemy konkretn\u0105 twarz, konkretn\u0105 posta\u0107? Pracuje na to wiele element\u00f3w. Na pewno scenariusz, re\u017cyserska wizja,&hellip;\n","protected":false},"author":2,"featured_media":175559,"comment_status":"","ping_status":"","sticky":false,"template":"","format":"standard","meta":{"footnotes":""},"categories":[22],"tags":[122,42,38,40,39,41,123],"class_list":{"0":"post-175558","1":"post","2":"type-post","3":"status-publish","4":"format-standard","5":"has-post-thumbnail","7":"category-rozrywka","8":"tag-entertainment","9":"tag-pl","10":"tag-poland","11":"tag-polish","12":"tag-polska","13":"tag-polski","14":"tag-rozrywka"},"share_on_mastodon":{"url":"https:\/\/pubeurope.com\/@pl\/115801947391855106","error":""},"_links":{"self":[{"href":"https:\/\/www.europesays.com\/pl\/wp-json\/wp\/v2\/posts\/175558","targetHints":{"allow":["GET"]}}],"collection":[{"href":"https:\/\/www.europesays.com\/pl\/wp-json\/wp\/v2\/posts"}],"about":[{"href":"https:\/\/www.europesays.com\/pl\/wp-json\/wp\/v2\/types\/post"}],"author":[{"embeddable":true,"href":"https:\/\/www.europesays.com\/pl\/wp-json\/wp\/v2\/users\/2"}],"replies":[{"embeddable":true,"href":"https:\/\/www.europesays.com\/pl\/wp-json\/wp\/v2\/comments?post=175558"}],"version-history":[{"count":0,"href":"https:\/\/www.europesays.com\/pl\/wp-json\/wp\/v2\/posts\/175558\/revisions"}],"wp:featuredmedia":[{"embeddable":true,"href":"https:\/\/www.europesays.com\/pl\/wp-json\/wp\/v2\/media\/175559"}],"wp:attachment":[{"href":"https:\/\/www.europesays.com\/pl\/wp-json\/wp\/v2\/media?parent=175558"}],"wp:term":[{"taxonomy":"category","embeddable":true,"href":"https:\/\/www.europesays.com\/pl\/wp-json\/wp\/v2\/categories?post=175558"},{"taxonomy":"post_tag","embeddable":true,"href":"https:\/\/www.europesays.com\/pl\/wp-json\/wp\/v2\/tags?post=175558"}],"curies":[{"name":"wp","href":"https:\/\/api.w.org\/{rel}","templated":true}]}}