{"id":175571,"date":"2025-12-29T08:43:13","date_gmt":"2025-12-29T08:43:13","guid":{"rendered":"https:\/\/www.europesays.com\/pl\/175571\/"},"modified":"2025-12-29T08:43:13","modified_gmt":"2025-12-29T08:43:13","slug":"tak-perfect-zaczal-nowe-zycie-historia-przeboju-kolysanka-dla-nieznajomej","status":"publish","type":"post","link":"https:\/\/www.europesays.com\/pl\/175571\/","title":{"rendered":"Tak Perfect zacz\u0105\u0142 nowe \u017cycie. Historia przeboju &#8222;Ko\u0142ysanka dla nieznajomej&#8221;"},"content":{"rendered":"<p class=\"typography ids-typeset-body ids-typeset-body--preset-large link paragraph ids-paragraph ids-paragraph--default\">Grupa <a href=\"https:\/\/muzyka.interia.pl\/artysta-perfect,aId,3840\" rel=\"nofollow noopener\" target=\"_blank\">Perfect<\/a> w 1992 r. zosta\u0142a definitywnie rozwi\u0105zana przez <a href=\"https:\/\/muzyka.interia.pl\/artysta-zbigniew-holdys,aId,9\" rel=\"nofollow noopener\" target=\"_blank\">Zbigniewa Ho\u0142dysa<\/a>. Pozostali muzycy jednak po koncertach w Ameryce P\u00f3\u0142nocnej postanowili wr\u00f3ci\u0107 na dobre i w 1994 r. wypu\u015bcili p\u0142yt\u0119 &#8222;Jestem&#8221; &#8211; tytu\u0142 nawi\u0105zywa\u0142 do reaktywacji bez swojego lidera. Dodajmy, \u017ce by\u0142 to pierwszy studyjny materia\u0142 od p\u0142yty &#8222;UNU&#8221; z 1982 r.<\/p>\n<p class=\"typography ids-typeset-body ids-typeset-body--preset-large link paragraph ids-paragraph ids-paragraph--default\">Ze wzgl\u0119du na ch\u0119\u0107 sprawiedliwego podzia\u0142u zysk\u00f3w, wszystkie piosenki zosta\u0142y podpisane przez zesp\u00f3\u0142. W nagraniach udzia\u0142 wzi\u0119li wokalista <a href=\"https:\/\/www.pomponik.pl\/gwiazdy-i-produkcje-grzegorz-markowski,gsbi,2590\" rel=\"nofollow noopener\" target=\"_blank\">Grzegorz Markowski<\/a>, gitarzy\u015bci Jacek Krzaklewski\u00a0(tu\u017c przed zarejestrowaniem materia\u0142u zast\u0105pi\u0142 Andrzeja Urnego) i Ryszard Sygitowicz, basista Andrzej Nowicki i graj\u0105cy na perkusji Piotr Szkudelski, a za teksty odpowiada\u0142 zwi\u0105zany z zespo\u0142em od pocz\u0105tku Bogdan Olewicz. Autorem ok\u0142adki jest s\u0142ynny rysownik Edward Lutczyn.<\/p>\n<p>Nowe \u017cycie grupy Perfect. Historia &#8222;Ko\u0142ysanki dla nieznajomej&#8221;<\/p>\n<p class=\"typography ids-typeset-body ids-typeset-body--preset-large link paragraph ids-paragraph ids-paragraph--default\">Najwi\u0119ksz\u0105 popularno\u015b\u0107 z tego albumu zdoby\u0142a ballada <a href=\"https:\/\/teksciory.interia.pl\/perfect-kolysanka-dla-nieznajomej-tekst-piosenki,t,512642.html\" target=\"_self\" rel=\"nofollow noopener\">&#8222;Ko\u0142ysanka dla nieznajomej&#8221;<\/a>. To pierwszy utw\u00f3r Perfectu, w kt\u00f3rym Grzegorz Markowski \u015bpiewa\u0142 wprost o mi\u0142o\u015bci.<\/p>\n<p class=\"typography ids-typeset-body ids-typeset-body--preset-large link paragraph ids-paragraph ids-paragraph--default\">&#8222;Zbyszek si\u0119 zawsze ba\u0142, by nie pad\u0142o s\u0142owo 'kocham&#8217;. I nie pad\u0142o, a\u017c do lat 90. Mia\u0142 jakie\u015b uprzedzenia, nie by\u0142o tekst\u00f3w o mi\u0142o\u015bci. Mo\u017ce i dobrze, dzi\u015b co druga piosenka jest o uczuciach m\u0119sko-damskich&#8221; &#8211; wspomina\u0142 w Polskim Radiu wokalista.<\/p>\n<p class=\"typography ids-typeset-body ids-typeset-body--preset-large link paragraph ids-paragraph ids-paragraph--default\">Wspomnian\u0105 ballad\u0119 skomponowa\u0142 zmar\u0142y 7 kwietnia 2000 r. basista Andrzej Nowicki, nazywany &#8222;Karaku\u0142em&#8221;. &#8222;Ko\u0142ysanka&#8230;&#8221;, a tak\u017ce &#8222;Oddech Rosji&#8221; i &#8222;Ca\u0142kiem inny kraj&#8221; doczeka\u0142y si\u0119 teledysk\u00f3w, kt\u00f3re zrealizowa\u0142 znany g\u0142\u00f3wnie jako re\u017cyser teatralny Laco Adamik, by\u0142y m\u0105\u017c Agnieszki Holland i ojciec Kasi Adamik.<\/p>\n<p class=\"typography ids-typeset-body ids-typeset-body--preset-large link paragraph ids-paragraph ids-paragraph--default\">Od momentu premiery &#8222;Ko\u0142ysanka dla nieznajomej&#8221; zaj\u0119\u0142a wyj\u0105tkowe miejsce w historii polskiego rocka. Delikatna, lecz, trudna partia gitarowa w wykonaniu Ryszarda Sygitowicza otwieraj\u0105ca utw\u00f3r sta\u0142a si\u0119 znakiem rozpoznawczym utworu.<\/p>\n<p class=\"typography ids-typeset-body ids-typeset-body--preset-large link paragraph ids-paragraph ids-paragraph--default\">Ma\u0142o znanym faktem jest to, \u017ce &#8222;Ko\u0142ysanka dla nieznajomej&#8221; zosta\u0142a zagrana na tej samej gitarze, na kt\u00f3rej Jan Borysewicz nagra\u0142 &#8222;Zawsze tam gdzie ty&#8221; &#8211; niezapomnian\u0105 ballad\u0119 i jeden z najwi\u0119kszych przeboj\u00f3w Lady Pank. Lider tej formacji p\u00f3\u017aniej podarowa\u0142 ten instrument Ryszardowi Sygitowiczowi.<\/p>\n<p>Perfect Gold &#8222;z t\u0105 sam\u0105 wra\u017cliwo\u015bci\u0105 i emocj\u0105&#8221;<\/p>\n<p class=\"typography ids-typeset-body ids-typeset-body--preset-large link paragraph ids-paragraph ids-paragraph--default\">Gitarzysta wyst\u0119powa\u0142 w grupie Perfect w latach 1979-1982 i 1993-1997. P\u00f3\u017aniej wsp\u00f3\u0142pracowa\u0142 z m.in. Natali\u0105 Kukulsk\u0105, Jackiem Kr\u00f3likiem, Kasi\u0105 Kowalsk\u0105, Felicjanem Andrzejczakiem, Magd\u0105 Umer i Halin\u0105 Fr\u0105ckowiak. W 2010 r. nagra\u0142 p\u0142yt\u0119 &#8222;Markowski &amp; Sygitowicz&#8221; z wokalist\u0105 Perfectu.<\/p>\n<p class=\"typography ids-typeset-body ids-typeset-body--preset-large link paragraph ids-paragraph ids-paragraph--default\">Obecnie Ryszard Sygitowicz stoi na czele zespo\u0142u Perfect Gold, kt\u00f3ry razem z nim wsp\u00f3\u0142tworz\u0105 tak\u017ce: &#8222;namaszczony&#8221; przez Grzegorza Markowskiego na nast\u0119pc\u0119 Piotr Sk\u00f3ra (wokal), gitarzysta Bartosz &#8222;Bratek&#8221; W\u00f3jcik (m.in. Paul Di&#8217;Anno z Iron Maiden i Doogie White z Rainbow), perkusista Krzysztof \u017burek (Revolucja dowodzona przez Jacka Dew\u00f3dzkiego, by\u0142ego wokalisty D\u017cemu) oraz nowy basista Jacek Bielecki, maj\u0105cy na koncie wsp\u00f3\u0142prac\u0119 m.in. z Markiem Piekarczykiem (TSA). Go\u015bcinnie z zespo\u0142em ma wyst\u0119powa\u0107 &#8211; w miar\u0119 dost\u0119pno\u015bci &#8211; Mietek Jurecki, basista Perfectu z lat 1989-1991 i wieloletni filar Budki Suflera. Muzycy niemal na ka\u017cdym kroku podkre\u015blaj\u0105, \u017ce nie jest to &#8222;rywalizacja&#8221; z drugim sk\u0142adem nawi\u0105zuj\u0105cym do dorobku Perfectu.<\/p>\n<p class=\"typography ids-typeset-body ids-typeset-body--preset-large link paragraph ids-paragraph ids-paragraph--default\">&#8222;Podczas koncert\u00f3w Perfect Gold 'Ko\u0142ysanka dla nieznajomej&#8217; wybrzmiewa dok\u0142adnie tak, jak powinna &#8211; zagrana przez swojego kompozytora, z t\u0105 sam\u0105 wra\u017cliwo\u015bci\u0105 i emocj\u0105, kt\u00f3rej nie da si\u0119 nauczy\u0107 z nut&#8221; &#8211; podkre\u015blaj\u0105 muzycy Perfect Gold.<\/p>\n<p>Perfect &amp; \u0141ukasz Drapa\u0142a gwiazd\u0105 Sylwestrowej Mocy Przeboj\u00f3w w Polsacie<\/p>\n<p class=\"typography ids-typeset-body ids-typeset-body--preset-large link paragraph ids-paragraph ids-paragraph--default\">Drugim zespo\u0142em odwo\u0142uj\u0105cym si\u0119 do spu\u015bcizny po legendzie polskiego rocka (Grzegorz Markowski przeszed\u0142 na muzyczn\u0105 emerytur\u0119 w 2021 r., a wieloletni perkusista Piotr Szkudelski zmar\u0142 w sierpniu 2022 r.) jest powo\u0142any w kwietniu tego roku Perfect &amp; \u0141ukasz Drapa\u0142a. W sk\u0142ad weszli byli muzycy Perfectu, kt\u00f3rzy wcze\u015bniej wyst\u0119powali w Perfect Gold: gitarzy\u015bci Jacek Krzaklewski i Dariusz Kozakiewicz oraz basista Piotr Urbanek.<\/p>\n<p class=\"typography ids-typeset-body ids-typeset-body--preset-large link paragraph ids-paragraph ids-paragraph--default\">Perkusist\u0105 zosta\u0142 Krzysztof Patocki, kt\u00f3ry z Urbankiem przed laty gra\u0142 razem w zespole Human. Wsp\u00f3\u0142pracowa\u0142 r\u00f3wnie\u017c z m.in. Kasi\u0105 Kowalsk\u0105, grupami Bracia i Rezerwat. Patocki od czerwca do lipca 2006 r. (naprzemiennie ze S\u0142awomirem Pucha\u0142\u0105) w zespole Perfect zast\u0119powa\u0142 na koncertach kontuzjowanego Piotra Szkudelskiego, kt\u00f3ry mia\u0142 wtedy z\u0142aman\u0105 r\u0119k\u0119.<\/p>\n<p class=\"typography ids-typeset-body ids-typeset-body--preset-large link paragraph ids-paragraph ids-paragraph--default\">Za mikrofonem stan\u0105\u0142 z kolei \u0141ukasz Drapa\u0142a, znany z m.in. &#8222;The Voice of Poland&#8221; (2. miejsce w 13. edycji w dru\u017cynie Lanberry), &#8222;Mam talent&#8221; (p\u00f3\u0142fina\u0142) i wieloletnich wyst\u0119p\u00f3w w grupie Chemia.<\/p>\n<p class=\"typography ids-typeset-body ids-typeset-body--preset-large link paragraph ids-paragraph ids-paragraph--default\">Dodajmy, \u017ce szykuj\u0105cy si\u0119 do premiery nowego utworu &#8222;Liczba Pi&#8221; zesp\u00f3\u0142 Perfect &amp; \u0141ukasz Drapa\u0142a b\u0119dzie jedn\u0105 z gwiazd Sylwestrowej Mocy Przeboj\u00f3w w Polsacie.<\/p>\n<p>Ania Wyszkoni o przygotowaniach do Sylwestra w Polsacie. &#8222;Moda z biegiem lat si\u0119 zmieni\u0142a&#8221;INTERIA.PL<\/p>\n<p><a class=\"ids-undecorated-link source ids-page-info--source__link\" href=\"https:\/\/www.interia.pl\" rel=\"nofollow noopener\" target=\"_blank\"><img decoding=\"async\" class=\"ids-image-holder__img\" loading=\"lazy\" alt=\"\" title=\"\" height=\"24px\" src=\"https:\/\/www.europesays.com\/pl\/wp-content\/uploads\/2025\/12\/1766879594_284_0009A60QQ5I2TYF7-C202-F4.webp.webp\"\/><\/a><\/p>\n<p>Masz sugestie, uwagi albo widzisz b\u0142\u0105d? Napisz do nas<\/p>\n","protected":false},"excerpt":{"rendered":"Grupa Perfect w 1992 r. zosta\u0142a definitywnie rozwi\u0105zana przez Zbigniewa Ho\u0142dysa. Pozostali muzycy jednak po koncertach w Ameryce&hellip;\n","protected":false},"author":2,"featured_media":175572,"comment_status":"","ping_status":"","sticky":false,"template":"","format":"standard","meta":{"footnotes":""},"categories":[22],"tags":[122,42,38,40,39,41,123],"class_list":{"0":"post-175571","1":"post","2":"type-post","3":"status-publish","4":"format-standard","5":"has-post-thumbnail","7":"category-rozrywka","8":"tag-entertainment","9":"tag-pl","10":"tag-poland","11":"tag-polish","12":"tag-polska","13":"tag-polski","14":"tag-rozrywka"},"share_on_mastodon":{"url":"https:\/\/pubeurope.com\/@pl\/115801974768154947","error":""},"_links":{"self":[{"href":"https:\/\/www.europesays.com\/pl\/wp-json\/wp\/v2\/posts\/175571","targetHints":{"allow":["GET"]}}],"collection":[{"href":"https:\/\/www.europesays.com\/pl\/wp-json\/wp\/v2\/posts"}],"about":[{"href":"https:\/\/www.europesays.com\/pl\/wp-json\/wp\/v2\/types\/post"}],"author":[{"embeddable":true,"href":"https:\/\/www.europesays.com\/pl\/wp-json\/wp\/v2\/users\/2"}],"replies":[{"embeddable":true,"href":"https:\/\/www.europesays.com\/pl\/wp-json\/wp\/v2\/comments?post=175571"}],"version-history":[{"count":0,"href":"https:\/\/www.europesays.com\/pl\/wp-json\/wp\/v2\/posts\/175571\/revisions"}],"wp:featuredmedia":[{"embeddable":true,"href":"https:\/\/www.europesays.com\/pl\/wp-json\/wp\/v2\/media\/175572"}],"wp:attachment":[{"href":"https:\/\/www.europesays.com\/pl\/wp-json\/wp\/v2\/media?parent=175571"}],"wp:term":[{"taxonomy":"category","embeddable":true,"href":"https:\/\/www.europesays.com\/pl\/wp-json\/wp\/v2\/categories?post=175571"},{"taxonomy":"post_tag","embeddable":true,"href":"https:\/\/www.europesays.com\/pl\/wp-json\/wp\/v2\/tags?post=175571"}],"curies":[{"name":"wp","href":"https:\/\/api.w.org\/{rel}","templated":true}]}}