{"id":175578,"date":"2025-12-29T08:47:09","date_gmt":"2025-12-29T08:47:09","guid":{"rendered":"https:\/\/www.europesays.com\/pl\/175578\/"},"modified":"2025-12-29T08:47:09","modified_gmt":"2025-12-29T08:47:09","slug":"marta-nawrocka-postawila-na-bordowa-stylizacje-ekspertka-pozbawiona-charakteru","status":"publish","type":"post","link":"https:\/\/www.europesays.com\/pl\/175578\/","title":{"rendered":"Marta Nawrocka postawi\u0142a na bordow\u0105 stylizacj\u0119. Ekspertka: pozbawiona charakteru"},"content":{"rendered":"<p class=\"Paragraph_desktopParagraph__U31Gm\">Mimo \u015bwi\u0105tecznego czasu Marta i Karol Nawroccy nie rezygnuj\u0105 z obowi\u0105zk\u00f3w publicznych. W Wigili\u0119 z\u0142o\u017cyli Polakom \u017cyczenia: &#8222;Niech cud Narodzenia Pa\u0144skiego obudzi w Pa\u0144stwa sercach nadziej\u0119. Niech Bo\u017ce Dzieci\u0119 b\u0142ogos\u0142awi naszej ukochanej Ojczy\u017anie&#8221; \u2014 m\u00f3wi\u0142 Nawrocki na nagraniu opublikowanym w mediach spo\u0142eczno\u015bciowych. &#8222;Niech ucichn\u0105 dzisiaj wszelkie spory. \u017byczymy pokoju i pomy\u015blno\u015bci w Bo\u017ce Narodzenie i we wszystkie dni nowego roku&#8221; \u2014 doda\u0142a pierwsza dama.<\/p>\n<ul class=\"OchatFollowUps_wrapper__1ry7X\">\n<li class=\"OchatFollowUps_item__Dhyly OchatFollowUps_itemDesktop__R6aBv\">Co powiedzia\u0142a Ewa Rubasi\u0144ska-Ianiro o stylizacji Marty Nawrockiej?<\/li>\n<li class=\"OchatFollowUps_item__Dhyly OchatFollowUps_itemDesktop__R6aBv\">Gdzie odby\u0142 si\u0119 G\u00f3ralski Koncert Kol\u0119d i Pastora\u0142ek?<\/li>\n<li class=\"OchatFollowUps_item__Dhyly OchatFollowUps_itemDesktop__R6aBv\">Jakie \u017cyczenia z\u0142o\u017cy\u0142 Karol Nawrocki Polakom?<\/li>\n<li class=\"OchatFollowUps_item__Dhyly OchatFollowUps_itemDesktop__R6aBv\">Jak\u0105 kolorystyk\u0119 wybra\u0142a Marta Nawrocka na wydarzenie?<\/li>\n<\/ul>\n<p>Marta Nawrocka pod lup\u0105 ekspertki. &#8222;Nie wyr\u00f3\u017cnia si\u0119, jest bez smaku&#8221; <\/p>\n<p class=\"Paragraph_desktopParagraph__U31Gm\">Podczas wydarzenia w Koniakowie, kt\u00f3re odby\u0142o si\u0119 28 grudnia, para prezydencka pojawi\u0142a si\u0119 w ko\u015bciele pw. \u015bw. Bart\u0142omieja Aposto\u0142a. <a href=\"https:\/\/plejada.pl\/temat\/marta-nawrocka\/rc9d4rx\" id=\"b72d1c08-91f0-4b49-9cd7-f9b1ef24cae6\" rel=\"nofollow noopener\" target=\"_blank\">Marta Nawrocka<\/a> zdecydowa\u0142a si\u0119 na bordowy garnitur, kt\u00f3ry zestawi\u0142a z czarn\u0105 koszul\u0105 i opask\u0105 do w\u0142os\u00f3w w tym samym kolorze. Prezydent <a href=\"https:\/\/plejada.pl\/temat\/karol-nawrocki-prezydent\/nzlwdg6\" id=\"1724b1a6-9836-40d4-b94b-c9f37817e6e1\" rel=\"nofollow noopener\" target=\"_blank\">Karol Nawrocki<\/a> wybra\u0142 klasyczny czarny garnitur oraz granatowy krawat. Stylizacje obojga wzbudzi\u0142y zainteresowanie zgromadzonych.<\/p>\n<p class=\"Paragraph_desktopParagraph__U31Gm\">W rozmowie z Plotkiem stylistka Ewa Rubasi\u0144ksa-Ianiro oceni\u0142a wyb\u00f3r pierwszej damy. Stwierdzi\u0142a, \u017ce stylizacja Marty Nawrockiej by\u0142a poprawna, jednak zabrak\u0142o jej wyrazisto\u015bci i charakteru.<\/p>\n<blockquote>\n<p class=\"Paragraph_desktopParagraph__U31Gm\">To nie by\u0142a z\u0142a stylizacja, to by\u0142a stylizacja po prostu wybrakowana. Czarna koszula poprawna, m\u0119ska, ale bez innego pomys\u0142u na zaistnienie. Robienie u\u017cytku z element\u00f3w m\u0119skich stylizacji Marty Nawrockiej to jej normalny numer, ale tak bez \u017cadnej finezji i smaku, jedynie do odhaczenia, to nie ma sensu. Nie robi r\u00f3\u017cnicy, nie wyr\u00f3\u017cnia si\u0119, jest bez smaku<\/p>\n<\/blockquote>\n<p class=\"Paragraph_desktopParagraph__U31Gm\">\u2014 powiedzia\u0142a.<\/p>\n<p class=\"Paragraph_desktopParagraph__U31Gm\">Rubasi\u0144ska-Ianiro przyzna\u0142a, \u017ce opaska na w\u0142osach by\u0142a udan\u0105 pr\u00f3b\u0105 ratowania wizerunku, jednak nie wystarczy\u0142a, by nada\u0107 stylizacji charakter.<\/p>\n<p class=\"Paragraph_desktopParagraph__U31Gm\">&#8222;Opaska na w\u0142osy na szcz\u0119\u015bcie to udana pr\u00f3ba ratowania ca\u0142o\u015bci wizerunku i to jedyny element, kt\u00f3ry pr\u00f3bowa\u0142 opowiedzie\u0107 jak\u0105\u015b histori\u0119, nawet je\u017celi ma\u0142o znacz\u0105cy. Ale to za ma\u0142o&#8221; \u2014 stwierdzi\u0142a.<\/p>\n<p class=\"Paragraph_desktopParagraph__U31Gm\">W opinii stylistki, to detale decyduj\u0105 o wyj\u0105tkowo\u015bci \u015bwi\u0105tecznego stroju, a ich brak sprawi\u0142, \u017ce stylizacja by\u0142a jedynie poprawna, a nie \u015bwi\u0105teczna.<\/p>\n<p class=\"Paragraph_desktopParagraph__U31Gm\">&#8222;Styl nie polega na odhaczaniu trend\u00f3w. Styl polega na ich dosmakowaniu. Detale s\u0105 w modzie tym, czym przyprawy w kuchni. Mo\u017cna ugotowa\u0107 idealn\u0105 zup\u0119, tylko po co, skoro nikt nie doda\u0142 soli i pieprzu? Gdzie jest akcent, kt\u00f3ry nadaje sens ca\u0142o\u015bci? To w\u0142a\u015bnie detale decyduj\u0105, czy stylizacja \u015bwi\u0105teczna na kol\u0119dowaniu jest tylko poprawna, czy faktycznie \u015bwi\u0105teczna&#8221; \u2014 doda\u0142a.<\/p>\n<p class=\"Paragraph_desktopParagraph__U31Gm\">Ewa Rubasi\u0144ska-Ianiro podsumowa\u0142a stylizacj\u0119 Marty Nawrockiej dosadnymi s\u0142owami: &#8222;Poprawna. Bezpieczna. I kompletnie pozbawiona charakteru&#8221;.<\/p>\n<p><img decoding=\"async\" class=\"Image_image__0tuHp Image_autoHeight__f2n87 \" height=\"587\" width=\"880\" src=\"https:\/\/www.europesays.com\/pl\/wp-content\/uploads\/2025\/12\/ejTk9kpTURBXy9iMmMzNDU1MGI2NTg1Njc5Nzg1Yzg1ODZlYjNkN2M3OS5qcGeSlQLNA6wAwsOVAgDNAkvCw94AA6EwAaExAaEzw.jpeg\" alt=\"Karol Nawrocki, Marta Nawrocka\" loading=\"lazy\" \/>Miko\u0142aj Bujak \/ KPRP<\/p>\n<p>Karol Nawrocki, Marta Nawrocka<\/p>\n<p class=\"Paragraph_desktopParagraph__U31Gm\">Dzi\u0119kujemy, \u017ce przeczyta\u0142a\u015b\/e\u015b nasz artyku\u0142 do ko\u0144ca. W serwisie Plejada.pl ka\u017cdego dnia piszemy o najwa\u017cniejszych wydarzeniach show-biznesowych. B\u0105d\u017a na bie\u017c\u0105co! <a rel=\"nofollow noopener\" href=\"https:\/\/profile.google.com\/cp\/Cg0vZy8xMWJ6X19wdHBx\" id=\"9da9a92d-000a-4378-9da5-a102caa0b704\" target=\"_blank\">Obserwuj<\/a> Plejad\u0119 w Wiadomo\u015bciach Google. Odwied\u017a nas tak\u017ce na <a rel=\"nofollow noopener\" href=\"https:\/\/www.facebook.com\/plejadapl\" id=\"5d878013-499d-427c-9fe9-6998e1be02e4\" target=\"_blank\">Facebooku<\/a>, <a rel=\"nofollow noopener\" href=\"https:\/\/www.instagram.com\/plejadapl\/\" id=\"70d9b062-4918-4423-9bab-54266235e156\" target=\"_blank\">Instagramie<\/a>, <a rel=\"nofollow noopener\" href=\"https:\/\/www.youtube.com\/c\/plejada\" id=\"0fa8dfab-8ec2-49cd-9dc9-2bda3fdd82ac\" target=\"_blank\">YouTube<\/a> oraz <a rel=\"nofollow noopener\" href=\"https:\/\/www.tiktok.com\/@plejada_pl\" id=\"b449c326-f4b6-4a82-8f39-c47d7b88a276\" target=\"_blank\">TikToku<\/a>.<\/p>\n<p class=\"Paragraph_desktopParagraph__U31Gm\">Chcesz podzieli\u0107 si\u0119 ciekawym newsem lub zaproponowa\u0107 temat? Skontaktuj si\u0119 z nami, pisz\u0105c e-maila na adres: <a href=\"https:\/\/www.onet.pl\/styl-zycia\/plejada\/marta-nawrocka-postawila-na-bordowa-stylizacje-ekspertka-pozbawiona-charakteru\/mailto:plejada@redakcjaonet.pl\" id=\"41b70d23-9851-45f8-bd90-6a42090157a3\" rel=\"nofollow noopener\" target=\"_blank\">plejada@redakcjaonet.pl<\/a>.<\/p>\n<p><script async src=\"\/\/www.instagram.com\/embed.js\"><\/script><script async src=\"\/\/www.tiktok.com\/embed.js\"><\/script><\/p>\n","protected":false},"excerpt":{"rendered":"Mimo \u015bwi\u0105tecznego czasu Marta i Karol Nawroccy nie rezygnuj\u0105 z obowi\u0105zk\u00f3w publicznych. W Wigili\u0119 z\u0142o\u017cyli Polakom \u017cyczenia: &#8222;Niech&hellip;\n","protected":false},"author":2,"featured_media":175579,"comment_status":"","ping_status":"","sticky":false,"template":"","format":"standard","meta":{"footnotes":""},"categories":[12],"tags":[32,33,36,37,27,67,34,35,1661,28,31,53,25,52,68,51,55,42,38,40,39,41,47,196,29,30,65,50,26],"class_list":{"0":"post-175578","1":"post","2":"type-post","3":"status-publish","4":"format-standard","5":"has-post-thumbnail","7":"category-polska","8":"tag-breaking-news","9":"tag-breakingnews","10":"tag-featured-news","11":"tag-featurednews","12":"tag-headlines","13":"tag-intextvideo_splayer","14":"tag-latest-news","15":"tag-latestnews","16":"tag-marta_nawrocka","17":"tag-naglowki","18":"tag-najwazniejsze-artykuly","19":"tag-new_header","20":"tag-news","21":"tag-onet3","22":"tag-onet3d","23":"tag-onet3d_2i","24":"tag-phx","25":"tag-pl","26":"tag-poland","27":"tag-polish","28":"tag-polska","29":"tag-polski","30":"tag-screening_general","31":"tag-styl_zycia","32":"tag-top-stories","33":"tag-topstories","34":"tag-update_me","35":"tag-v2021","36":"tag-wiadomosci"},"share_on_mastodon":{"url":"https:\/\/pubeurope.com\/@pl\/115801990513352735","error":""},"_links":{"self":[{"href":"https:\/\/www.europesays.com\/pl\/wp-json\/wp\/v2\/posts\/175578","targetHints":{"allow":["GET"]}}],"collection":[{"href":"https:\/\/www.europesays.com\/pl\/wp-json\/wp\/v2\/posts"}],"about":[{"href":"https:\/\/www.europesays.com\/pl\/wp-json\/wp\/v2\/types\/post"}],"author":[{"embeddable":true,"href":"https:\/\/www.europesays.com\/pl\/wp-json\/wp\/v2\/users\/2"}],"replies":[{"embeddable":true,"href":"https:\/\/www.europesays.com\/pl\/wp-json\/wp\/v2\/comments?post=175578"}],"version-history":[{"count":0,"href":"https:\/\/www.europesays.com\/pl\/wp-json\/wp\/v2\/posts\/175578\/revisions"}],"wp:featuredmedia":[{"embeddable":true,"href":"https:\/\/www.europesays.com\/pl\/wp-json\/wp\/v2\/media\/175579"}],"wp:attachment":[{"href":"https:\/\/www.europesays.com\/pl\/wp-json\/wp\/v2\/media?parent=175578"}],"wp:term":[{"taxonomy":"category","embeddable":true,"href":"https:\/\/www.europesays.com\/pl\/wp-json\/wp\/v2\/categories?post=175578"},{"taxonomy":"post_tag","embeddable":true,"href":"https:\/\/www.europesays.com\/pl\/wp-json\/wp\/v2\/tags?post=175578"}],"curies":[{"name":"wp","href":"https:\/\/api.w.org\/{rel}","templated":true}]}}