{"id":175588,"date":"2025-12-29T08:52:08","date_gmt":"2025-12-29T08:52:08","guid":{"rendered":"https:\/\/www.europesays.com\/pl\/175588\/"},"modified":"2025-12-29T08:52:08","modified_gmt":"2025-12-29T08:52:08","slug":"lawina-skarg-na-place-nowe-przepisy-nie-pomoga-glowny-inspektor-tlumaczy","status":"publish","type":"post","link":"https:\/\/www.europesays.com\/pl\/175588\/","title":{"rendered":"Lawina skarg na p\u0142ace. Nowe przepisy nie pomog\u0105? G\u0142\u00f3wny inspektor t\u0142umaczy"},"content":{"rendered":"<p class=\"typography ids-typeset-body ids-typeset-body--preset-large link paragraph ids-paragraph ids-paragraph--default\">Do po\u0142owy 2026 roku pa\u0144stwa cz\u0142onkowskie UE maj\u0105 obowi\u0105zek wdro\u017cenia dyrektywy Parlamentu Europejskiego i Rady w sprawie r\u00f3wno\u015bci wynagrodze\u0144 dla m\u0119\u017cczyzn i kobiet. Tymczasem g\u0142\u00f3wny inspektor pracy zauwa\u017ca, i\u017c krajowe przepisy nie sprawi\u0105, \u017ce wszystko b\u0119dzie jawne.<\/p>\n<p>Kobiety zarabiaj\u0105 mniej ni\u017c m\u0119\u017cczy\u017ani. W ca\u0142ej UE<\/p>\n<p class=\"typography ids-typeset-body ids-typeset-body--preset-large link paragraph ids-paragraph ids-paragraph--default\">Wed\u0142ug ostatnich danych Eurostatu z 2023 r. kobiety w Unii Europejskiej zarabia\u0142y \u015brednio o 12 proc. mniej za godzin\u0119 ni\u017c m\u0119\u017cczy\u017ani. W Polsce luka p\u0142acowa wynios\u0142a w\u00f3wczas 7,8 proc.<\/p>\n<p class=\"typography ids-typeset-body ids-typeset-body--preset-large link paragraph ids-paragraph ids-paragraph--default\">Szef PIP Marcin Stanecki w rozmowie z PAP poinformowa\u0142, \u017ce w 2024 r. do inspekcji wp\u0142yn\u0119\u0142o oko\u0142o 800 skarg na dyskryminacj\u0119 w miejscu pracy.\u00a0435 przypadk\u00f3w dotyczy\u0142o dyskryminacji p\u0142acowej, a jedynie 37 z nich uznano za zasadne.<\/p>\n<p class=\"typography ids-typeset-body ids-typeset-body--preset-large link paragraph ids-paragraph ids-paragraph--default\">&#8222;Najcz\u0119stszym problemem, kt\u00f3ry stwierdzamy w czasie kontroli, jest brak jakichkolwiek regulacji wewn\u0105trzzak\u0142adowych, kt\u00f3re by ustala\u0142y kwalifikacje wymagane od pracownik\u00f3w na poszczeg\u00f3lnych stanowiskach&#8221; &#8211; przyzna\u0142 Stanecki.<\/p>\n<ul class=\"typography ids-typeset-body ids-typeset-body--preset-small list--article-list ids-list ids-list--unordered ids-list--size-small \" datatype=\"disc\">\n<li class=\"ids-list-item ids-list-item__content brief-list-item\"><a class=\"ids-undecorated-link link ids-link \" data-spons=\"false\" href=\"https:\/\/biznes.interia.pl\/gospodarka\/news-za-duzo-dni-wolnych-w-polsce-jest-petycja-zeby-zabrac-jeden,nId,22503246\" rel=\"nofollow noopener\" target=\"_blank\">Za du\u017co dni wolnych w Polsce? Jest petycja, \u017ceby zabra\u0107 jeden dzie\u0144<\/a><\/li>\n<li class=\"ids-list-item ids-list-item__content brief-list-item\"><a class=\"ids-undecorated-link link ids-link \" data-spons=\"false\" href=\"https:\/\/biznes.interia.pl\/finanse\/news-renta-alkoholowa-czy-nalezy-sie-tez-platnikom-krus,nId,22502188\" rel=\"nofollow noopener\" target=\"_blank\">Renta alkoholowa. Czy nale\u017cy si\u0119 te\u017c p\u0142atnikom KRUS?<\/a><\/li>\n<\/ul>\n<p class=\"typography ids-typeset-body ids-typeset-body--preset-large link paragraph ids-paragraph ids-paragraph--default\">Jak zaznaczy\u0142,\u00a0problemem jest te\u017c brak jednolito\u015bci nazewnictwa stanowisk pracy. &#8222;Pracodawcy tak naprawd\u0119 nic nie ogranicza w tym, aby to samo stanowisko, na kt\u00f3rym jest wykonywana ta sama praca, nazwa\u0107 na wiele r\u00f3\u017cnych sposob\u00f3w&#8221; &#8211; wyja\u015bni\u0142 szef PIP.<\/p>\n<p>Resort pracy przygotowa\u0142 ustaw\u0119 w sprawie jawno\u015bci p\u0142ac<\/p>\n<p class=\"typography ids-typeset-body ids-typeset-body--preset-large link paragraph ids-paragraph ids-paragraph--default\">Resort pracy w grudniu przedstawi\u0142 projekt przewiduj\u0105cy m.in. obowi\u0105zek sporz\u0105dzania sprawozdania z luki p\u0142acowej w firmach zatrudniaj\u0105cych co najmniej 100 os\u00f3b. Ponadto pracownik b\u0119dzie m\u00f3g\u0142 uzyska\u0107 od pracodawcy informacje na temat swojego poziomu wynagrodzenia i \u015brednich poziom\u00f3w wynagrodzenia w podziale na p\u0142e\u0107 w odniesieniu do kategorii pracownik\u00f3w wykonuj\u0105cych jednakow\u0105 prac\u0119 lub o jednakowej warto\u015bci.<\/p>\n<p class=\"typography ids-typeset-body ids-typeset-body--preset-large link paragraph ids-paragraph ids-paragraph--default\">Na ten moment inspektorzy pracy nie maj\u0105 uprawnie\u0144 do swobodnej oceny dowod\u00f3w, a kwestie sporne nie s\u0105 rozstrzygane, gdy\u017c jest to zadanie dla s\u0105d\u00f3w pracy. Projekt resortu pracy oznacza te\u017c nowe obowi\u0105zki dla <a href=\"https:\/\/biznes.interia.pl\/gospodarka\/news-kontrole-na-nowych-zasadach-zus-przygotowuje-algorytm-dla-pi,nId,22498038\" target=\"_blank\" rel=\"nofollow noopener\">PIP<\/a>.<\/p>\n<p>Nie dowiesz si\u0119, ile zarabia kolega z pracy<\/p>\n<p class=\"typography ids-typeset-body ids-typeset-body--preset-large link paragraph ids-paragraph ids-paragraph--default\">Wed\u0142ug g\u0142\u00f3wnego inspektora pracy wdro\u017cenie dyrektywy o luce p\u0142acowej b\u0119dzie w najbli\u017cszych latach najtrudniejszym wyzwaniem.<\/p>\n<p class=\"typography ids-typeset-body ids-typeset-body--preset-large link paragraph ids-paragraph ids-paragraph--default\">&#8222;Pami\u0119tajmy jednak, \u017ce dyrektywa o luce p\u0142acowej nie spowoduje, \u017ce wszystko b\u0119dzie jawne. Nie dowiemy si\u0119, ile zarabia nasz kolega z pracy, ale b\u0119dziemy wiedzieli o \u015brednim poziomie <a href=\"https:\/\/biznes.interia.pl\/gospodarka\/news-ile-zarabiajahttps:\/\/biznes.interia.pl\/gospodarka\/news-kontrole-na-nowych-zasadach-zus-przygotowuje-algorytm-dla-pi,nId,22498038polacy-te-dane-roznia-sie-od-sredniej-placy,nId,22425917\" target=\"_blank\" rel=\"nofollow noopener\">wynagrodze\u0144<\/a> w firmie. Je\u017celi nie dostaniemy tej informacji, to b\u0119dzie oznacza\u0142o wykroczenie i inspektor na\u0142o\u017cy kary. Spodziewamy si\u0119, \u017ce skarg w tych sprawach b\u0119dzie zdecydowanie wi\u0119cej&#8221; &#8211; oceni\u0142.<\/p>\n<p class=\"typography ids-typeset-body ids-typeset-body--preset-large link paragraph ids-paragraph ids-paragraph--default\">Doda\u0142, \u017ce wyzwaniem b\u0119dzie tak\u017ce m.in. wdro\u017cenie nowych przepis\u00f3w o mobbingu. Jak zauwa\u017cy\u0142, w 2024 roku &#8222;2000 skarg do inspekcji dotyczy\u0142o mobbingu, do ko\u0144ca czerwca tego roku wp\u0142yn\u0119\u0142o ich ju\u017c 1500&#8221;.<\/p>\n<p>&#8222;Wydarzenia&#8221;: Bo\u017ce Narodzenie. G\u00f3rnicy z Silesii nie przerwali protestuPolsat News<\/p>\n","protected":false},"excerpt":{"rendered":"Do po\u0142owy 2026 roku pa\u0144stwa cz\u0142onkowskie UE maj\u0105 obowi\u0105zek wdro\u017cenia dyrektywy Parlamentu Europejskiego i Rady w sprawie r\u00f3wno\u015bci&hellip;\n","protected":false},"author":2,"featured_media":175589,"comment_status":"","ping_status":"","sticky":false,"template":"","format":"standard","meta":{"footnotes":""},"categories":[16],"tags":[113,112,42,38,40,39,41],"class_list":{"0":"post-175588","1":"post","2":"type-post","3":"status-publish","4":"format-standard","5":"has-post-thumbnail","7":"category-biznes","8":"tag-biznes","9":"tag-business","10":"tag-pl","11":"tag-poland","12":"tag-polish","13":"tag-polska","14":"tag-polski"},"share_on_mastodon":{"url":"https:\/\/pubeurope.com\/@pl\/115802010183288334","error":""},"_links":{"self":[{"href":"https:\/\/www.europesays.com\/pl\/wp-json\/wp\/v2\/posts\/175588","targetHints":{"allow":["GET"]}}],"collection":[{"href":"https:\/\/www.europesays.com\/pl\/wp-json\/wp\/v2\/posts"}],"about":[{"href":"https:\/\/www.europesays.com\/pl\/wp-json\/wp\/v2\/types\/post"}],"author":[{"embeddable":true,"href":"https:\/\/www.europesays.com\/pl\/wp-json\/wp\/v2\/users\/2"}],"replies":[{"embeddable":true,"href":"https:\/\/www.europesays.com\/pl\/wp-json\/wp\/v2\/comments?post=175588"}],"version-history":[{"count":0,"href":"https:\/\/www.europesays.com\/pl\/wp-json\/wp\/v2\/posts\/175588\/revisions"}],"wp:featuredmedia":[{"embeddable":true,"href":"https:\/\/www.europesays.com\/pl\/wp-json\/wp\/v2\/media\/175589"}],"wp:attachment":[{"href":"https:\/\/www.europesays.com\/pl\/wp-json\/wp\/v2\/media?parent=175588"}],"wp:term":[{"taxonomy":"category","embeddable":true,"href":"https:\/\/www.europesays.com\/pl\/wp-json\/wp\/v2\/categories?post=175588"},{"taxonomy":"post_tag","embeddable":true,"href":"https:\/\/www.europesays.com\/pl\/wp-json\/wp\/v2\/tags?post=175588"}],"curies":[{"name":"wp","href":"https:\/\/api.w.org\/{rel}","templated":true}]}}